{"id":10321,"date":"2024-06-12T15:09:39","date_gmt":"2024-06-12T13:09:39","guid":{"rendered":"https:\/\/www.hospicjumcieszyn.pl\/?p=10321"},"modified":"2024-06-12T15:09:40","modified_gmt":"2024-06-12T13:09:40","slug":"xii-maraton-plywacki","status":"publish","type":"post","link":"https:\/\/www.hospicjumcieszyn.pl\/en\/xii-maraton-plywacki\/","title":{"rendered":"XII Maraton P\u0142ywacki"},"content":{"rendered":"\n<p> W sobot\u0119 22 czerwca od godz. 9.30 na P\u0142ywalni przy Szkole Podstawowej nr 4 odbywa\u0142 si\u0119 b\u0119dzie Maraton P\u0142ywacki na rzecz dzieci osieroconych z naszego Hospicjum.<\/p>\n\n\n\n<p>Zapraszamy wszystkich bardzo serdecznie! Przyprowad\u017acie rodzin\u0119, przyjaci\u00f3\u0142, s\u0105siad\u00f3w i znajomych, kt\u00f3rzy potrafi\u0105 przep\u0142yn\u0105\u0107 chocia\u017c jedn\u0105 d\u0142ugo\u015b\u0107 basenu. <\/p>\n\n\n\n<figure class=\"wp-block-image size-large\"><img loading=\"lazy\" decoding=\"async\" width=\"494\" height=\"726\" src=\"https:\/\/www.hospicjumcieszyn.pl\/wp-content\/uploads\/2024\/06\/PLAKAT-basen-cyfra-2024-494x726.jpg\" alt=\"\" class=\"wp-image-10322\" srcset=\"https:\/\/www.hospicjumcieszyn.pl\/wp-content\/uploads\/2024\/06\/PLAKAT-basen-cyfra-2024-494x726.jpg 494w, https:\/\/www.hospicjumcieszyn.pl\/wp-content\/uploads\/2024\/06\/PLAKAT-basen-cyfra-2024-247x363.jpg 247w, https:\/\/www.hospicjumcieszyn.pl\/wp-content\/uploads\/2024\/06\/PLAKAT-basen-cyfra-2024-163x240.jpg 163w, https:\/\/www.hospicjumcieszyn.pl\/wp-content\/uploads\/2024\/06\/PLAKAT-basen-cyfra-2024-768x1128.jpg 768w, https:\/\/www.hospicjumcieszyn.pl\/wp-content\/uploads\/2024\/06\/PLAKAT-basen-cyfra-2024-1046x1536.jpg 1046w, https:\/\/www.hospicjumcieszyn.pl\/wp-content\/uploads\/2024\/06\/PLAKAT-basen-cyfra-2024.jpg 1307w\" sizes=\"(max-width: 494px) 100vw, 494px\" \/><\/figure>\n","protected":false},"excerpt":{"rendered":"<p>W sobot\u0119 22 czerwca od godz. 9.30 na P\u0142ywalni przy Szkole Podstawowej nr 4 odbywa\u0142 si\u0119 b\u0119dzie Maraton P\u0142ywacki na rzecz dzieci osieroconych z naszego Hospicjum. Zapraszamy wszystkich bardzo serdecznie! Przyprowad\u017acie rodzin\u0119, przyjaci\u00f3\u0142, s\u0105siad\u00f3w i znajomych, kt\u00f3rzy potrafi\u0105 przep\u0142yn\u0105\u0107 chocia\u017c jedn\u0105 d\u0142ugo\u015b\u0107 basenu.<\/p>\n","protected":false},"author":5,"featured_media":10322,"comment_status":"closed","ping_status":"closed","sticky":false,"template":"","format":"standard","meta":{"footnotes":""},"categories":[9,3],"tags":[],"acf":[],"_links":{"self":[{"href":"https:\/\/www.hospicjumcieszyn.pl\/en\/wp-json\/wp\/v2\/posts\/10321"}],"collection":[{"href":"https:\/\/www.hospicjumcieszyn.pl\/en\/wp-json\/wp\/v2\/posts"}],"about":[{"href":"https:\/\/www.hospicjumcieszyn.pl\/en\/wp-json\/wp\/v2\/types\/post"}],"author":[{"embeddable":true,"href":"https:\/\/www.hospicjumcieszyn.pl\/en\/wp-json\/wp\/v2\/users\/5"}],"replies":[{"embeddable":true,"href":"https:\/\/www.hospicjumcieszyn.pl\/en\/wp-json\/wp\/v2\/comments?post=10321"}],"version-history":[{"count":1,"href":"https:\/\/www.hospicjumcieszyn.pl\/en\/wp-json\/wp\/v2\/posts\/10321\/revisions"}],"predecessor-version":[{"id":10325,"href":"https:\/\/www.hospicjumcieszyn.pl\/en\/wp-json\/wp\/v2\/posts\/10321\/revisions\/10325"}],"wp:featuredmedia":[{"embeddable":true,"href":"https:\/\/www.hospicjumcieszyn.pl\/en\/wp-json\/wp\/v2\/media\/10322"}],"wp:attachment":[{"href":"https:\/\/www.hospicjumcieszyn.pl\/en\/wp-json\/wp\/v2\/media?parent=10321"}],"wp:term":[{"taxonomy":"category","embeddable":true,"href":"https:\/\/www.hospicjumcieszyn.pl\/en\/wp-json\/wp\/v2\/categories?post=10321"},{"taxonomy":"post_tag","embeddable":true,"href":"https:\/\/www.hospicjumcieszyn.pl\/en\/wp-json\/wp\/v2\/tags?post=10321"}],"curies":[{"name":"wp","href":"https:\/\/api.w.org\/{rel}","templated":true}]}}