{"id":11290,"date":"2025-04-07T18:04:35","date_gmt":"2025-04-07T16:04:35","guid":{"rendered":"https:\/\/www.hospicjumcieszyn.pl\/?p=11290"},"modified":"2025-04-07T18:04:35","modified_gmt":"2025-04-07T16:04:35","slug":"dzien-pracownika-sluzby-zdrowia","status":"publish","type":"post","link":"https:\/\/www.hospicjumcieszyn.pl\/en\/dzien-pracownika-sluzby-zdrowia\/","title":{"rendered":"Dzie\u0144 Pracownika S\u0142u\u017cby Zdrowia"},"content":{"rendered":"\n<p>7 kwietnia obchodzimy \u015awiatowy Dzie\u0144 Zdrowia oraz Dzie\u0144 Pracownika S\u0142u\u017cby Zdrowia.<br>Ten wyj\u0105tkowy dzie\u0144 przypomina nam o tym, jak wielki trud wk\u0142adaj\u0105 Pa\u0144stwo w swoj\u0105 prac\u0119, dlatego pragniemy wyrazi\u0107 ogromne uznanie za po\u015bwi\u0119cenie, zaanga\u017cowanie i ofiarn\u0105 prac\u0119 na rzecz drugiego cz\u0142owieka.<\/p>\n\n\n\n<p>\u017byczymy satysfakcji z wykonywanej misji, wszelkiej pomy\u015blno\u015bci, zdrowia i sukces\u00f3w w \u017cyciu zawodowym oraz osobistym.<\/p>\n\n\n\n<figure class=\"wp-block-image size-large is-resized\"><img loading=\"lazy\" decoding=\"async\" width=\"408\" height=\"726\" src=\"https:\/\/www.hospicjumcieszyn.pl\/wp-content\/uploads\/2025\/04\/White-Photo-World-First-Aid-Day-Instagram-Story-408x726.jpg\" alt=\"\" class=\"wp-image-11291\" style=\"width:330px;height:auto\" srcset=\"https:\/\/www.hospicjumcieszyn.pl\/wp-content\/uploads\/2025\/04\/White-Photo-World-First-Aid-Day-Instagram-Story-408x726.jpg 408w, https:\/\/www.hospicjumcieszyn.pl\/wp-content\/uploads\/2025\/04\/White-Photo-World-First-Aid-Day-Instagram-Story-204x363.jpg 204w, https:\/\/www.hospicjumcieszyn.pl\/wp-content\/uploads\/2025\/04\/White-Photo-World-First-Aid-Day-Instagram-Story-135x240.jpg 135w, https:\/\/www.hospicjumcieszyn.pl\/wp-content\/uploads\/2025\/04\/White-Photo-World-First-Aid-Day-Instagram-Story-768x1365.jpg 768w, https:\/\/www.hospicjumcieszyn.pl\/wp-content\/uploads\/2025\/04\/White-Photo-World-First-Aid-Day-Instagram-Story-864x1536.jpg 864w, https:\/\/www.hospicjumcieszyn.pl\/wp-content\/uploads\/2025\/04\/White-Photo-World-First-Aid-Day-Instagram-Story.jpg 1080w\" sizes=\"(max-width: 408px) 100vw, 408px\" \/><\/figure>\n","protected":false},"excerpt":{"rendered":"<p>7 kwietnia obchodzimy \u015awiatowy Dzie\u0144 Zdrowia oraz Dzie\u0144 Pracownika S\u0142u\u017cby Zdrowia.Ten wyj\u0105tkowy dzie\u0144 przypomina nam o tym, jak wielki trud wk\u0142adaj\u0105 Pa\u0144stwo w swoj\u0105 prac\u0119, dlatego pragniemy wyrazi\u0107 ogromne uznanie za po\u015bwi\u0119cenie, zaanga\u017cowanie i ofiarn\u0105 prac\u0119 na rzecz drugiego cz\u0142owieka. \u017byczymy satysfakcji z wykonywanej misji, wszelkiej pomy\u015blno\u015bci, zdrowia i sukces\u00f3w w \u017cyciu zawodowym oraz osobistym.<\/p>\n","protected":false},"author":5,"featured_media":11291,"comment_status":"closed","ping_status":"closed","sticky":false,"template":"","format":"standard","meta":{"footnotes":""},"categories":[6],"tags":[],"acf":[],"_links":{"self":[{"href":"https:\/\/www.hospicjumcieszyn.pl\/en\/wp-json\/wp\/v2\/posts\/11290"}],"collection":[{"href":"https:\/\/www.hospicjumcieszyn.pl\/en\/wp-json\/wp\/v2\/posts"}],"about":[{"href":"https:\/\/www.hospicjumcieszyn.pl\/en\/wp-json\/wp\/v2\/types\/post"}],"author":[{"embeddable":true,"href":"https:\/\/www.hospicjumcieszyn.pl\/en\/wp-json\/wp\/v2\/users\/5"}],"replies":[{"embeddable":true,"href":"https:\/\/www.hospicjumcieszyn.pl\/en\/wp-json\/wp\/v2\/comments?post=11290"}],"version-history":[{"count":1,"href":"https:\/\/www.hospicjumcieszyn.pl\/en\/wp-json\/wp\/v2\/posts\/11290\/revisions"}],"predecessor-version":[{"id":11294,"href":"https:\/\/www.hospicjumcieszyn.pl\/en\/wp-json\/wp\/v2\/posts\/11290\/revisions\/11294"}],"wp:featuredmedia":[{"embeddable":true,"href":"https:\/\/www.hospicjumcieszyn.pl\/en\/wp-json\/wp\/v2\/media\/11291"}],"wp:attachment":[{"href":"https:\/\/www.hospicjumcieszyn.pl\/en\/wp-json\/wp\/v2\/media?parent=11290"}],"wp:term":[{"taxonomy":"category","embeddable":true,"href":"https:\/\/www.hospicjumcieszyn.pl\/en\/wp-json\/wp\/v2\/categories?post=11290"},{"taxonomy":"post_tag","embeddable":true,"href":"https:\/\/www.hospicjumcieszyn.pl\/en\/wp-json\/wp\/v2\/tags?post=11290"}],"curies":[{"name":"wp","href":"https:\/\/api.w.org\/{rel}","templated":true}]}}