{"id":11804,"date":"2025-12-04T21:00:54","date_gmt":"2025-12-04T20:00:54","guid":{"rendered":"https:\/\/www.hospicjumcieszyn.pl\/?p=11804"},"modified":"2025-12-04T21:00:55","modified_gmt":"2025-12-04T20:00:55","slug":"miedzynarodowy-dzien-wolontariusza-3","status":"publish","type":"post","link":"https:\/\/www.hospicjumcieszyn.pl\/en\/miedzynarodowy-dzien-wolontariusza-3\/","title":{"rendered":"Mi\u0119dzynarodowy Dzie\u0144 Wolontariusza"},"content":{"rendered":"\n<p>Z okazji Mi\u0119dzynarodowego Dnia Wolontariusza sk\u0142adamy wszystkim naszym wolontariuszom najserdeczniejsze podzi\u0119kowania za bezinteresown\u0105 pomoc, otwarte serce i gotowo\u015b\u0107 do dzia\u0142ania na rzecz innych. Dzi\u0119ki Waszemu zaanga\u017cowaniu, empatii i po\u015bwi\u0119ceniu \u015bwiat staje si\u0119 lepszym miejscem, pe\u0142nym dobra i wzajemnego wsparcia.<\/p>\n\n\n\n<p>Niech ka\u017cdy dzie\u0144 przynosi satysfakcj\u0119 z niesienia pomocy, a u\u015bmiech i wdzi\u0119czno\u015b\u0107 os\u00f3b, kt\u00f3rym\u00a0udzielacie pomoc, b\u0119d\u0105 najwi\u0119ksz\u0105 nagrod\u0105. \u017byczymy wielu si\u0142, zdrowia, wytrwa\u0142o\u015bci oraz nieustaj\u0105cej wiary w sens tego, co robicie.<\/p>\n\n\n\n<p>Dzi\u0119kujemy za czas, energi\u0119 i serce, kt\u00f3re wk\u0142adacie w ka\u017cde dzia\u0142anie. To dzi\u0119ki takim osobom jak Wy mo\u017cliwe jest budowanie wsp\u00f3lnoty opartej na \u017cyczliwo\u015bci, zrozumieniu i wzajemnym szacunku.<\/p>\n\n\n\n<figure class=\"wp-block-image size-large\"><img loading=\"lazy\" decoding=\"async\" width=\"726\" height=\"726\" src=\"https:\/\/www.hospicjumcieszyn.pl\/wp-content\/uploads\/2025\/12\/Szary-Alternatywny-Dzien-Kobiet-Post-Instagram-726x726.jpg\" alt=\"\" class=\"wp-image-11805\" srcset=\"https:\/\/www.hospicjumcieszyn.pl\/wp-content\/uploads\/2025\/12\/Szary-Alternatywny-Dzien-Kobiet-Post-Instagram-726x726.jpg 726w, https:\/\/www.hospicjumcieszyn.pl\/wp-content\/uploads\/2025\/12\/Szary-Alternatywny-Dzien-Kobiet-Post-Instagram-363x363.jpg 363w, https:\/\/www.hospicjumcieszyn.pl\/wp-content\/uploads\/2025\/12\/Szary-Alternatywny-Dzien-Kobiet-Post-Instagram-180x180.jpg 180w, https:\/\/www.hospicjumcieszyn.pl\/wp-content\/uploads\/2025\/12\/Szary-Alternatywny-Dzien-Kobiet-Post-Instagram-768x768.jpg 768w, https:\/\/www.hospicjumcieszyn.pl\/wp-content\/uploads\/2025\/12\/Szary-Alternatywny-Dzien-Kobiet-Post-Instagram.jpg 1080w\" sizes=\"(max-width: 726px) 100vw, 726px\" \/><\/figure>\n","protected":false},"excerpt":{"rendered":"<p>Z okazji Mi\u0119dzynarodowego Dnia Wolontariusza sk\u0142adamy wszystkim naszym wolontariuszom najserdeczniejsze podzi\u0119kowania za bezinteresown\u0105 pomoc, otwarte serce i gotowo\u015b\u0107 do dzia\u0142ania na rzecz innych. Dzi\u0119ki Waszemu zaanga\u017cowaniu, empatii i po\u015bwi\u0119ceniu \u015bwiat staje si\u0119 lepszym miejscem, pe\u0142nym dobra i wzajemnego wsparcia. Niech ka\u017cdy dzie\u0144 przynosi satysfakcj\u0119 z niesienia pomocy, a u\u015bmiech i wdzi\u0119czno\u015b\u0107 os\u00f3b, kt\u00f3rym\u00a0udzielacie pomoc, b\u0119d\u0105 &#8230; <a title=\"Mi\u0119dzynarodowy Dzie\u0144 Wolontariusza\" class=\"read-more\" href=\"https:\/\/www.hospicjumcieszyn.pl\/en\/miedzynarodowy-dzien-wolontariusza-3\/\" aria-label=\"More on Mi\u0119dzynarodowy Dzie\u0144 Wolontariusza\">Read more<\/a><\/p>\n","protected":false},"author":5,"featured_media":11805,"comment_status":"closed","ping_status":"closed","sticky":false,"template":"","format":"standard","meta":{"footnotes":""},"categories":[6],"tags":[],"acf":[],"_links":{"self":[{"href":"https:\/\/www.hospicjumcieszyn.pl\/en\/wp-json\/wp\/v2\/posts\/11804"}],"collection":[{"href":"https:\/\/www.hospicjumcieszyn.pl\/en\/wp-json\/wp\/v2\/posts"}],"about":[{"href":"https:\/\/www.hospicjumcieszyn.pl\/en\/wp-json\/wp\/v2\/types\/post"}],"author":[{"embeddable":true,"href":"https:\/\/www.hospicjumcieszyn.pl\/en\/wp-json\/wp\/v2\/users\/5"}],"replies":[{"embeddable":true,"href":"https:\/\/www.hospicjumcieszyn.pl\/en\/wp-json\/wp\/v2\/comments?post=11804"}],"version-history":[{"count":1,"href":"https:\/\/www.hospicjumcieszyn.pl\/en\/wp-json\/wp\/v2\/posts\/11804\/revisions"}],"predecessor-version":[{"id":11808,"href":"https:\/\/www.hospicjumcieszyn.pl\/en\/wp-json\/wp\/v2\/posts\/11804\/revisions\/11808"}],"wp:featuredmedia":[{"embeddable":true,"href":"https:\/\/www.hospicjumcieszyn.pl\/en\/wp-json\/wp\/v2\/media\/11805"}],"wp:attachment":[{"href":"https:\/\/www.hospicjumcieszyn.pl\/en\/wp-json\/wp\/v2\/media?parent=11804"}],"wp:term":[{"taxonomy":"category","embeddable":true,"href":"https:\/\/www.hospicjumcieszyn.pl\/en\/wp-json\/wp\/v2\/categories?post=11804"},{"taxonomy":"post_tag","embeddable":true,"href":"https:\/\/www.hospicjumcieszyn.pl\/en\/wp-json\/wp\/v2\/tags?post=11804"}],"curies":[{"name":"wp","href":"https:\/\/api.w.org\/{rel}","templated":true}]}}