{"id":11861,"date":"2025-11-22T21:34:32","date_gmt":"2025-11-22T20:34:32","guid":{"rendered":"https:\/\/www.hospicjumcieszyn.pl\/?p=11861"},"modified":"2025-12-08T21:56:16","modified_gmt":"2025-12-08T20:56:16","slug":"warsztaty-florystyczne","status":"publish","type":"post","link":"https:\/\/www.hospicjumcieszyn.pl\/en\/warsztaty-florystyczne\/","title":{"rendered":"Warsztaty florystyczne"},"content":{"rendered":"\n<p>W sobotnie przedpo\u0142udnie &#8211; 22 listopada odby\u0142o si\u0119 spotkanie wolontariuszy hospicjum, podczas kt\u00f3rego wsp\u00f3lnie przygotowywano wie\u0144ce adwentowe dla podopiecznych. W wydarzeniu wzi\u0119\u0142a udzia\u0142 grupa zaanga\u017cowanych wolontariuszy oraz p. Bronek, kt\u00f3rzy po\u015bwi\u0119cili sw\u00f3j czas i umiej\u0119tno\u015bci, aby wprowadzi\u0107 \u015bwi\u0105teczny nastr\u00f3j oraz sprawi\u0107 rado\u015b\u0107 osobom pozostaj\u0105cym pod opiek\u0105 hospicjum. <\/p>\n\n\n\n<p>Podczas spotkania uczestnicy pracowali, tworz\u0105c w\u0142asnor\u0119czne dekoracje z naturalnych ga\u0142\u0105zek, \u015bwiec, ozd\u00f3b oraz materia\u0142\u00f3w przekazanych przez darczy\u0144c\u0119 &#8211; firm\u0119 Canea. Atmosfera by\u0142a ciep\u0142a i pe\u0142na wzajemnego wsparcia. Wolontariusze wymieniali si\u0119 pomys\u0142ami, pomagali sobie nawzajem i dbali o to, by ka\u017cdy wieniec by\u0142 wykonany starannie i z sercem.<\/p>\n\n\n\n<p>Gotowe wie\u0144ce zostan\u0105 przekazane podopiecznym wraz z \u017cyczeniami nadziei, pokoju i si\u0142y na zbli\u017caj\u0105cy si\u0119 czas Adwentu. Spotkanie zako\u0144czy\u0142o si\u0119 przy kawie i ciastku oraz podzi\u0119kowaniu dla wszystkich uczestnik\u00f3w za ich zaanga\u017cowanie i ch\u0119\u0107 niesienia dobra.<\/p>\n\n\n\n<div class=\"wp-block-dgwt-justified-gallery\"><div id='gallery-1' class='gallery galleryid-11861 gallery-columns-3 gallery-size-thumbnail'><figure class='gallery-item'>\n\t\t\t<div class='gallery-icon portrait'>\n\t\t\t\t<a href='https:\/\/www.hospicjumcieszyn.pl\/en\/img-20251122-wa0173-2\/'><img loading=\"lazy\" decoding=\"async\" width=\"135\" height=\"240\" src=\"https:\/\/www.hospicjumcieszyn.pl\/wp-content\/uploads\/2025\/12\/IMG-20251122-WA0173-135x240.jpg\" class=\"attachment-thumbnail size-thumbnail\" alt=\"\" srcset=\"https:\/\/www.hospicjumcieszyn.pl\/wp-content\/uploads\/2025\/12\/IMG-20251122-WA0173-135x240.jpg 135w, https:\/\/www.hospicjumcieszyn.pl\/wp-content\/uploads\/2025\/12\/IMG-20251122-WA0173-204x363.jpg 204w, https:\/\/www.hospicjumcieszyn.pl\/wp-content\/uploads\/2025\/12\/IMG-20251122-WA0173-408x726.jpg 408w, https:\/\/www.hospicjumcieszyn.pl\/wp-content\/uploads\/2025\/12\/IMG-20251122-WA0173-768x1366.jpg 768w, https:\/\/www.hospicjumcieszyn.pl\/wp-content\/uploads\/2025\/12\/IMG-20251122-WA0173-864x1536.jpg 864w, https:\/\/www.hospicjumcieszyn.pl\/wp-content\/uploads\/2025\/12\/IMG-20251122-WA0173.jpg 1024w\" sizes=\"(max-width: 135px) 100vw, 135px\" \/><\/a>\n\t\t\t<\/div><\/figure><figure class='gallery-item'>\n\t\t\t<div class='gallery-icon landscape'>\n\t\t\t\t<a href='https:\/\/www.hospicjumcieszyn.pl\/en\/img-20251122-wa0168-2\/'><img loading=\"lazy\" decoding=\"async\" width=\"180\" height=\"180\" src=\"https:\/\/www.hospicjumcieszyn.pl\/wp-content\/uploads\/2025\/12\/IMG-20251122-WA0168-180x180.jpg\" class=\"attachment-thumbnail size-thumbnail\" alt=\"\" srcset=\"https:\/\/www.hospicjumcieszyn.pl\/wp-content\/uploads\/2025\/12\/IMG-20251122-WA0168-180x180.jpg 180w, https:\/\/www.hospicjumcieszyn.pl\/wp-content\/uploads\/2025\/12\/IMG-20251122-WA0168-363x363.jpg 363w, https:\/\/www.hospicjumcieszyn.pl\/wp-content\/uploads\/2025\/12\/IMG-20251122-WA0168-726x726.jpg 726w, https:\/\/www.hospicjumcieszyn.pl\/wp-content\/uploads\/2025\/12\/IMG-20251122-WA0168-768x768.jpg 768w, https:\/\/www.hospicjumcieszyn.pl\/wp-content\/uploads\/2025\/12\/IMG-20251122-WA0168-1536x1536.jpg 1536w, https:\/\/www.hospicjumcieszyn.pl\/wp-content\/uploads\/2025\/12\/IMG-20251122-WA0168.jpg 1600w\" sizes=\"(max-width: 180px) 100vw, 180px\" \/><\/a>\n\t\t\t<\/div><\/figure><figure class='gallery-item'>\n\t\t\t<div class='gallery-icon landscape'>\n\t\t\t\t<a href='https:\/\/www.hospicjumcieszyn.pl\/en\/img-20251122-wa0172-2\/'><img loading=\"lazy\" decoding=\"async\" width=\"180\" height=\"180\" src=\"https:\/\/www.hospicjumcieszyn.pl\/wp-content\/uploads\/2025\/12\/IMG-20251122-WA0172-180x180.jpg\" class=\"attachment-thumbnail size-thumbnail\" alt=\"\" srcset=\"https:\/\/www.hospicjumcieszyn.pl\/wp-content\/uploads\/2025\/12\/IMG-20251122-WA0172-180x180.jpg 180w, https:\/\/www.hospicjumcieszyn.pl\/wp-content\/uploads\/2025\/12\/IMG-20251122-WA0172-363x363.jpg 363w, https:\/\/www.hospicjumcieszyn.pl\/wp-content\/uploads\/2025\/12\/IMG-20251122-WA0172-726x726.jpg 726w, https:\/\/www.hospicjumcieszyn.pl\/wp-content\/uploads\/2025\/12\/IMG-20251122-WA0172-768x768.jpg 768w, https:\/\/www.hospicjumcieszyn.pl\/wp-content\/uploads\/2025\/12\/IMG-20251122-WA0172-1536x1536.jpg 1536w, https:\/\/www.hospicjumcieszyn.pl\/wp-content\/uploads\/2025\/12\/IMG-20251122-WA0172.jpg 2048w\" sizes=\"(max-width: 180px) 100vw, 180px\" \/><\/a>\n\t\t\t<\/div><\/figure><figure class='gallery-item'>\n\t\t\t<div class='gallery-icon landscape'>\n\t\t\t\t<a href='https:\/\/www.hospicjumcieszyn.pl\/en\/img-20251122-wa0164-2\/'><img loading=\"lazy\" decoding=\"async\" width=\"180\" height=\"82\" src=\"https:\/\/www.hospicjumcieszyn.pl\/wp-content\/uploads\/2025\/12\/IMG-20251122-WA0164-180x82.jpg\" class=\"attachment-thumbnail size-thumbnail\" alt=\"\" srcset=\"https:\/\/www.hospicjumcieszyn.pl\/wp-content\/uploads\/2025\/12\/IMG-20251122-WA0164-180x82.jpg 180w, https:\/\/www.hospicjumcieszyn.pl\/wp-content\/uploads\/2025\/12\/IMG-20251122-WA0164-363x165.jpg 363w, https:\/\/www.hospicjumcieszyn.pl\/wp-content\/uploads\/2025\/12\/IMG-20251122-WA0164-726x330.jpg 726w, https:\/\/www.hospicjumcieszyn.pl\/wp-content\/uploads\/2025\/12\/IMG-20251122-WA0164-768x349.jpg 768w, https:\/\/www.hospicjumcieszyn.pl\/wp-content\/uploads\/2025\/12\/IMG-20251122-WA0164-1536x698.jpg 1536w, https:\/\/www.hospicjumcieszyn.pl\/wp-content\/uploads\/2025\/12\/IMG-20251122-WA0164.jpg 1640w\" sizes=\"(max-width: 180px) 100vw, 180px\" \/><\/a>\n\t\t\t<\/div><\/figure><figure class='gallery-item'>\n\t\t\t<div class='gallery-icon landscape'>\n\t\t\t\t<a href='https:\/\/www.hospicjumcieszyn.pl\/en\/img-20251122-wa0166-2\/'><img loading=\"lazy\" decoding=\"async\" width=\"180\" height=\"82\" src=\"https:\/\/www.hospicjumcieszyn.pl\/wp-content\/uploads\/2025\/12\/IMG-20251122-WA0166-180x82.jpg\" class=\"attachment-thumbnail size-thumbnail\" alt=\"\" srcset=\"https:\/\/www.hospicjumcieszyn.pl\/wp-content\/uploads\/2025\/12\/IMG-20251122-WA0166-180x82.jpg 180w, https:\/\/www.hospicjumcieszyn.pl\/wp-content\/uploads\/2025\/12\/IMG-20251122-WA0166-363x165.jpg 363w, https:\/\/www.hospicjumcieszyn.pl\/wp-content\/uploads\/2025\/12\/IMG-20251122-WA0166-726x330.jpg 726w, https:\/\/www.hospicjumcieszyn.pl\/wp-content\/uploads\/2025\/12\/IMG-20251122-WA0166-768x349.jpg 768w, https:\/\/www.hospicjumcieszyn.pl\/wp-content\/uploads\/2025\/12\/IMG-20251122-WA0166-1536x697.jpg 1536w, https:\/\/www.hospicjumcieszyn.pl\/wp-content\/uploads\/2025\/12\/IMG-20251122-WA0166.jpg 2000w\" sizes=\"(max-width: 180px) 100vw, 180px\" \/><\/a>\n\t\t\t<\/div><\/figure><figure class='gallery-item'>\n\t\t\t<div class='gallery-icon landscape'>\n\t\t\t\t<a href='https:\/\/www.hospicjumcieszyn.pl\/en\/img-20251122-wa0163-2\/'><img loading=\"lazy\" decoding=\"async\" width=\"180\" height=\"82\" src=\"https:\/\/www.hospicjumcieszyn.pl\/wp-content\/uploads\/2025\/12\/IMG-20251122-WA0163-180x82.jpg\" class=\"attachment-thumbnail size-thumbnail\" alt=\"\" srcset=\"https:\/\/www.hospicjumcieszyn.pl\/wp-content\/uploads\/2025\/12\/IMG-20251122-WA0163-180x82.jpg 180w, https:\/\/www.hospicjumcieszyn.pl\/wp-content\/uploads\/2025\/12\/IMG-20251122-WA0163-363x165.jpg 363w, https:\/\/www.hospicjumcieszyn.pl\/wp-content\/uploads\/2025\/12\/IMG-20251122-WA0163-726x330.jpg 726w, https:\/\/www.hospicjumcieszyn.pl\/wp-content\/uploads\/2025\/12\/IMG-20251122-WA0163-768x349.jpg 768w, https:\/\/www.hospicjumcieszyn.pl\/wp-content\/uploads\/2025\/12\/IMG-20251122-WA0163-1536x697.jpg 1536w, https:\/\/www.hospicjumcieszyn.pl\/wp-content\/uploads\/2025\/12\/IMG-20251122-WA0163.jpg 2000w\" sizes=\"(max-width: 180px) 100vw, 180px\" \/><\/a>\n\t\t\t<\/div><\/figure><figure class='gallery-item'>\n\t\t\t<div class='gallery-icon landscape'>\n\t\t\t\t<a href='https:\/\/www.hospicjumcieszyn.pl\/en\/img-20251122-wa0149-2\/'><img loading=\"lazy\" decoding=\"async\" width=\"180\" height=\"82\" src=\"https:\/\/www.hospicjumcieszyn.pl\/wp-content\/uploads\/2025\/12\/IMG-20251122-WA0149-180x82.jpg\" class=\"attachment-thumbnail size-thumbnail\" alt=\"\" srcset=\"https:\/\/www.hospicjumcieszyn.pl\/wp-content\/uploads\/2025\/12\/IMG-20251122-WA0149-180x82.jpg 180w, https:\/\/www.hospicjumcieszyn.pl\/wp-content\/uploads\/2025\/12\/IMG-20251122-WA0149-363x165.jpg 363w, https:\/\/www.hospicjumcieszyn.pl\/wp-content\/uploads\/2025\/12\/IMG-20251122-WA0149-726x330.jpg 726w, https:\/\/www.hospicjumcieszyn.pl\/wp-content\/uploads\/2025\/12\/IMG-20251122-WA0149-768x350.jpg 768w, https:\/\/www.hospicjumcieszyn.pl\/wp-content\/uploads\/2025\/12\/IMG-20251122-WA0149-1536x699.jpg 1536w, https:\/\/www.hospicjumcieszyn.pl\/wp-content\/uploads\/2025\/12\/IMG-20251122-WA0149.jpg 1920w\" sizes=\"(max-width: 180px) 100vw, 180px\" \/><\/a>\n\t\t\t<\/div><\/figure><figure class='gallery-item'>\n\t\t\t<div class='gallery-icon portrait'>\n\t\t\t\t<a href='https:\/\/www.hospicjumcieszyn.pl\/en\/img-20251122-wa0124-2\/'><img loading=\"lazy\" decoding=\"async\" width=\"109\" height=\"240\" src=\"https:\/\/www.hospicjumcieszyn.pl\/wp-content\/uploads\/2025\/12\/IMG-20251122-WA0124-109x240.jpg\" class=\"attachment-thumbnail size-thumbnail\" alt=\"\" srcset=\"https:\/\/www.hospicjumcieszyn.pl\/wp-content\/uploads\/2025\/12\/IMG-20251122-WA0124-109x240.jpg 109w, https:\/\/www.hospicjumcieszyn.pl\/wp-content\/uploads\/2025\/12\/IMG-20251122-WA0124-165x363.jpg 165w, https:\/\/www.hospicjumcieszyn.pl\/wp-content\/uploads\/2025\/12\/IMG-20251122-WA0124-330x726.jpg 330w, https:\/\/www.hospicjumcieszyn.pl\/wp-content\/uploads\/2025\/12\/IMG-20251122-WA0124-768x1692.jpg 768w, https:\/\/www.hospicjumcieszyn.pl\/wp-content\/uploads\/2025\/12\/IMG-20251122-WA0124-697x1536.jpg 697w, https:\/\/www.hospicjumcieszyn.pl\/wp-content\/uploads\/2025\/12\/IMG-20251122-WA0124.jpg 908w\" sizes=\"(max-width: 109px) 100vw, 109px\" \/><\/a>\n\t\t\t<\/div><\/figure><figure class='gallery-item'>\n\t\t\t<div class='gallery-icon landscape'>\n\t\t\t\t<a href='https:\/\/www.hospicjumcieszyn.pl\/en\/img-20251122-wa0117-2\/'><img loading=\"lazy\" decoding=\"async\" width=\"180\" height=\"82\" src=\"https:\/\/www.hospicjumcieszyn.pl\/wp-content\/uploads\/2025\/12\/IMG-20251122-WA0117-180x82.jpg\" class=\"attachment-thumbnail size-thumbnail\" alt=\"\" srcset=\"https:\/\/www.hospicjumcieszyn.pl\/wp-content\/uploads\/2025\/12\/IMG-20251122-WA0117-180x82.jpg 180w, https:\/\/www.hospicjumcieszyn.pl\/wp-content\/uploads\/2025\/12\/IMG-20251122-WA0117-363x165.jpg 363w, https:\/\/www.hospicjumcieszyn.pl\/wp-content\/uploads\/2025\/12\/IMG-20251122-WA0117-726x330.jpg 726w, https:\/\/www.hospicjumcieszyn.pl\/wp-content\/uploads\/2025\/12\/IMG-20251122-WA0117-768x349.jpg 768w, https:\/\/www.hospicjumcieszyn.pl\/wp-content\/uploads\/2025\/12\/IMG-20251122-WA0117-1536x698.jpg 1536w, https:\/\/www.hospicjumcieszyn.pl\/wp-content\/uploads\/2025\/12\/IMG-20251122-WA0117.jpg 1640w\" sizes=\"(max-width: 180px) 100vw, 180px\" \/><\/a>\n\t\t\t<\/div><\/figure><figure class='gallery-item'>\n\t\t\t<div class='gallery-icon landscape'>\n\t\t\t\t<a href='https:\/\/www.hospicjumcieszyn.pl\/en\/img-20251122-wa0102-2\/'><img loading=\"lazy\" decoding=\"async\" width=\"180\" height=\"82\" src=\"https:\/\/www.hospicjumcieszyn.pl\/wp-content\/uploads\/2025\/12\/IMG-20251122-WA0102-180x82.jpg\" class=\"attachment-thumbnail size-thumbnail\" alt=\"\" srcset=\"https:\/\/www.hospicjumcieszyn.pl\/wp-content\/uploads\/2025\/12\/IMG-20251122-WA0102-180x82.jpg 180w, https:\/\/www.hospicjumcieszyn.pl\/wp-content\/uploads\/2025\/12\/IMG-20251122-WA0102-363x165.jpg 363w, https:\/\/www.hospicjumcieszyn.pl\/wp-content\/uploads\/2025\/12\/IMG-20251122-WA0102-726x330.jpg 726w, https:\/\/www.hospicjumcieszyn.pl\/wp-content\/uploads\/2025\/12\/IMG-20251122-WA0102-768x350.jpg 768w, https:\/\/www.hospicjumcieszyn.pl\/wp-content\/uploads\/2025\/12\/IMG-20251122-WA0102-1536x699.jpg 1536w, https:\/\/www.hospicjumcieszyn.pl\/wp-content\/uploads\/2025\/12\/IMG-20251122-WA0102.jpg 2048w\" sizes=\"(max-width: 180px) 100vw, 180px\" \/><\/a>\n\t\t\t<\/div><\/figure><figure class='gallery-item'>\n\t\t\t<div class='gallery-icon landscape'>\n\t\t\t\t<a href='https:\/\/www.hospicjumcieszyn.pl\/en\/img-20251122-wa0073-2\/'><img loading=\"lazy\" decoding=\"async\" width=\"180\" height=\"82\" src=\"https:\/\/www.hospicjumcieszyn.pl\/wp-content\/uploads\/2025\/12\/IMG-20251122-WA0073-180x82.jpg\" class=\"attachment-thumbnail size-thumbnail\" alt=\"\" srcset=\"https:\/\/www.hospicjumcieszyn.pl\/wp-content\/uploads\/2025\/12\/IMG-20251122-WA0073-180x82.jpg 180w, https:\/\/www.hospicjumcieszyn.pl\/wp-content\/uploads\/2025\/12\/IMG-20251122-WA0073-363x165.jpg 363w, https:\/\/www.hospicjumcieszyn.pl\/wp-content\/uploads\/2025\/12\/IMG-20251122-WA0073-726x330.jpg 726w, https:\/\/www.hospicjumcieszyn.pl\/wp-content\/uploads\/2025\/12\/IMG-20251122-WA0073-768x350.jpg 768w, https:\/\/www.hospicjumcieszyn.pl\/wp-content\/uploads\/2025\/12\/IMG-20251122-WA0073-1536x699.jpg 1536w, https:\/\/www.hospicjumcieszyn.pl\/wp-content\/uploads\/2025\/12\/IMG-20251122-WA0073.jpg 1920w\" sizes=\"(max-width: 180px) 100vw, 180px\" \/><\/a>\n\t\t\t<\/div><\/figure><figure class='gallery-item'>\n\t\t\t<div class='gallery-icon portrait'>\n\t\t\t\t<a href='https:\/\/www.hospicjumcieszyn.pl\/en\/img-20251122-wa0081-2\/'><img loading=\"lazy\" decoding=\"async\" width=\"109\" height=\"240\" src=\"https:\/\/www.hospicjumcieszyn.pl\/wp-content\/uploads\/2025\/12\/IMG-20251122-WA0081-109x240.jpg\" class=\"attachment-thumbnail size-thumbnail\" alt=\"\" srcset=\"https:\/\/www.hospicjumcieszyn.pl\/wp-content\/uploads\/2025\/12\/IMG-20251122-WA0081-109x240.jpg 109w, https:\/\/www.hospicjumcieszyn.pl\/wp-content\/uploads\/2025\/12\/IMG-20251122-WA0081-165x363.jpg 165w, https:\/\/www.hospicjumcieszyn.pl\/wp-content\/uploads\/2025\/12\/IMG-20251122-WA0081-330x726.jpg 330w, https:\/\/www.hospicjumcieszyn.pl\/wp-content\/uploads\/2025\/12\/IMG-20251122-WA0081-768x1692.jpg 768w, https:\/\/www.hospicjumcieszyn.pl\/wp-content\/uploads\/2025\/12\/IMG-20251122-WA0081-697x1536.jpg 697w, https:\/\/www.hospicjumcieszyn.pl\/wp-content\/uploads\/2025\/12\/IMG-20251122-WA0081.jpg 908w\" sizes=\"(max-width: 109px) 100vw, 109px\" \/><\/a>\n\t\t\t<\/div><\/figure><figure class='gallery-item'>\n\t\t\t<div class='gallery-icon landscape'>\n\t\t\t\t<a href='https:\/\/www.hospicjumcieszyn.pl\/en\/img-20251122-wa0009-2\/'><img loading=\"lazy\" decoding=\"async\" width=\"180\" height=\"82\" src=\"https:\/\/www.hospicjumcieszyn.pl\/wp-content\/uploads\/2025\/12\/IMG-20251122-WA0009-180x82.jpg\" class=\"attachment-thumbnail size-thumbnail\" alt=\"\" srcset=\"https:\/\/www.hospicjumcieszyn.pl\/wp-content\/uploads\/2025\/12\/IMG-20251122-WA0009-180x82.jpg 180w, https:\/\/www.hospicjumcieszyn.pl\/wp-content\/uploads\/2025\/12\/IMG-20251122-WA0009-363x165.jpg 363w, https:\/\/www.hospicjumcieszyn.pl\/wp-content\/uploads\/2025\/12\/IMG-20251122-WA0009-726x330.jpg 726w, https:\/\/www.hospicjumcieszyn.pl\/wp-content\/uploads\/2025\/12\/IMG-20251122-WA0009-768x349.jpg 768w, https:\/\/www.hospicjumcieszyn.pl\/wp-content\/uploads\/2025\/12\/IMG-20251122-WA0009-1536x697.jpg 1536w, https:\/\/www.hospicjumcieszyn.pl\/wp-content\/uploads\/2025\/12\/IMG-20251122-WA0009.jpg 2000w\" sizes=\"(max-width: 180px) 100vw, 180px\" \/><\/a>\n\t\t\t<\/div><\/figure><figure class='gallery-item'>\n\t\t\t<div class='gallery-icon landscape'>\n\t\t\t\t<a href='https:\/\/www.hospicjumcieszyn.pl\/en\/img-20251122-wa0010-2\/'><img loading=\"lazy\" decoding=\"async\" width=\"180\" height=\"82\" src=\"https:\/\/www.hospicjumcieszyn.pl\/wp-content\/uploads\/2025\/12\/IMG-20251122-WA0010-180x82.jpg\" class=\"attachment-thumbnail size-thumbnail\" alt=\"\" srcset=\"https:\/\/www.hospicjumcieszyn.pl\/wp-content\/uploads\/2025\/12\/IMG-20251122-WA0010-180x82.jpg 180w, https:\/\/www.hospicjumcieszyn.pl\/wp-content\/uploads\/2025\/12\/IMG-20251122-WA0010-363x165.jpg 363w, https:\/\/www.hospicjumcieszyn.pl\/wp-content\/uploads\/2025\/12\/IMG-20251122-WA0010-726x330.jpg 726w, https:\/\/www.hospicjumcieszyn.pl\/wp-content\/uploads\/2025\/12\/IMG-20251122-WA0010-768x349.jpg 768w, https:\/\/www.hospicjumcieszyn.pl\/wp-content\/uploads\/2025\/12\/IMG-20251122-WA0010-1536x697.jpg 1536w, https:\/\/www.hospicjumcieszyn.pl\/wp-content\/uploads\/2025\/12\/IMG-20251122-WA0010.jpg 2000w\" sizes=\"(max-width: 180px) 100vw, 180px\" \/><\/a>\n\t\t\t<\/div><\/figure><figure class='gallery-item'>\n\t\t\t<div class='gallery-icon landscape'>\n\t\t\t\t<a href='https:\/\/www.hospicjumcieszyn.pl\/en\/img-20251122-wa0002-2\/'><img loading=\"lazy\" decoding=\"async\" width=\"180\" height=\"82\" src=\"https:\/\/www.hospicjumcieszyn.pl\/wp-content\/uploads\/2025\/12\/IMG-20251122-WA0002-180x82.jpg\" class=\"attachment-thumbnail size-thumbnail\" alt=\"\" srcset=\"https:\/\/www.hospicjumcieszyn.pl\/wp-content\/uploads\/2025\/12\/IMG-20251122-WA0002-180x82.jpg 180w, https:\/\/www.hospicjumcieszyn.pl\/wp-content\/uploads\/2025\/12\/IMG-20251122-WA0002-363x165.jpg 363w, https:\/\/www.hospicjumcieszyn.pl\/wp-content\/uploads\/2025\/12\/IMG-20251122-WA0002-726x330.jpg 726w, https:\/\/www.hospicjumcieszyn.pl\/wp-content\/uploads\/2025\/12\/IMG-20251122-WA0002-768x349.jpg 768w, https:\/\/www.hospicjumcieszyn.pl\/wp-content\/uploads\/2025\/12\/IMG-20251122-WA0002-1536x697.jpg 1536w, https:\/\/www.hospicjumcieszyn.pl\/wp-content\/uploads\/2025\/12\/IMG-20251122-WA0002.jpg 2000w\" sizes=\"(max-width: 180px) 100vw, 180px\" \/><\/a>\n\t\t\t<\/div><\/figure><figure class='gallery-item'>\n\t\t\t<div class='gallery-icon landscape'>\n\t\t\t\t<a href='https:\/\/www.hospicjumcieszyn.pl\/en\/img-20251122-wa0000-2\/'><img loading=\"lazy\" decoding=\"async\" width=\"180\" height=\"82\" src=\"https:\/\/www.hospicjumcieszyn.pl\/wp-content\/uploads\/2025\/12\/IMG-20251122-WA0000-180x82.jpg\" class=\"attachment-thumbnail size-thumbnail\" alt=\"\" srcset=\"https:\/\/www.hospicjumcieszyn.pl\/wp-content\/uploads\/2025\/12\/IMG-20251122-WA0000-180x82.jpg 180w, https:\/\/www.hospicjumcieszyn.pl\/wp-content\/uploads\/2025\/12\/IMG-20251122-WA0000-363x165.jpg 363w, https:\/\/www.hospicjumcieszyn.pl\/wp-content\/uploads\/2025\/12\/IMG-20251122-WA0000-726x330.jpg 726w, https:\/\/www.hospicjumcieszyn.pl\/wp-content\/uploads\/2025\/12\/IMG-20251122-WA0000-768x349.jpg 768w, https:\/\/www.hospicjumcieszyn.pl\/wp-content\/uploads\/2025\/12\/IMG-20251122-WA0000-1536x697.jpg 1536w, https:\/\/www.hospicjumcieszyn.pl\/wp-content\/uploads\/2025\/12\/IMG-20251122-WA0000.jpg 2000w\" sizes=\"(max-width: 180px) 100vw, 180px\" \/><\/a>\n\t\t\t<\/div><\/figure><figure class='gallery-item'>\n\t\t\t<div class='gallery-icon portrait'>\n\t\t\t\t<a href='https:\/\/www.hospicjumcieszyn.pl\/en\/img-20251122-wa0186-2\/'><img loading=\"lazy\" decoding=\"async\" width=\"180\" height=\"240\" src=\"https:\/\/www.hospicjumcieszyn.pl\/wp-content\/uploads\/2025\/12\/IMG-20251122-WA0186-180x240.jpg\" class=\"attachment-thumbnail size-thumbnail\" alt=\"\" srcset=\"https:\/\/www.hospicjumcieszyn.pl\/wp-content\/uploads\/2025\/12\/IMG-20251122-WA0186-180x240.jpg 180w, https:\/\/www.hospicjumcieszyn.pl\/wp-content\/uploads\/2025\/12\/IMG-20251122-WA0186-272x363.jpg 272w, https:\/\/www.hospicjumcieszyn.pl\/wp-content\/uploads\/2025\/12\/IMG-20251122-WA0186-545x726.jpg 545w, https:\/\/www.hospicjumcieszyn.pl\/wp-content\/uploads\/2025\/12\/IMG-20251122-WA0186-768x1024.jpg 768w, https:\/\/www.hospicjumcieszyn.pl\/wp-content\/uploads\/2025\/12\/IMG-20251122-WA0186-1152x1536.jpg 1152w, https:\/\/www.hospicjumcieszyn.pl\/wp-content\/uploads\/2025\/12\/IMG-20251122-WA0186.jpg 1200w\" sizes=\"(max-width: 180px) 100vw, 180px\" \/><\/a>\n\t\t\t<\/div><\/figure>\n\t\t<\/div>\n<\/div>\n","protected":false},"excerpt":{"rendered":"<p>W sobotnie przedpo\u0142udnie &#8211; 22 listopada odby\u0142o si\u0119 spotkanie wolontariuszy hospicjum, podczas kt\u00f3rego wsp\u00f3lnie przygotowywano wie\u0144ce adwentowe dla podopiecznych. W wydarzeniu wzi\u0119\u0142a udzia\u0142 grupa zaanga\u017cowanych wolontariuszy oraz p. Bronek, kt\u00f3rzy po\u015bwi\u0119cili sw\u00f3j czas i umiej\u0119tno\u015bci, aby wprowadzi\u0107 \u015bwi\u0105teczny nastr\u00f3j oraz sprawi\u0107 rado\u015b\u0107 osobom pozostaj\u0105cym pod opiek\u0105 hospicjum. Podczas spotkania uczestnicy pracowali, tworz\u0105c w\u0142asnor\u0119czne dekoracje z &#8230; <a title=\"Warsztaty florystyczne\" class=\"read-more\" href=\"https:\/\/www.hospicjumcieszyn.pl\/en\/warsztaty-florystyczne\/\" aria-label=\"More on Warsztaty florystyczne\">Read more<\/a><\/p>\n","protected":false},"author":5,"featured_media":11822,"comment_status":"closed","ping_status":"closed","sticky":false,"template":"","format":"standard","meta":{"footnotes":""},"categories":[1],"tags":[],"acf":[],"_links":{"self":[{"href":"https:\/\/www.hospicjumcieszyn.pl\/en\/wp-json\/wp\/v2\/posts\/11861"}],"collection":[{"href":"https:\/\/www.hospicjumcieszyn.pl\/en\/wp-json\/wp\/v2\/posts"}],"about":[{"href":"https:\/\/www.hospicjumcieszyn.pl\/en\/wp-json\/wp\/v2\/types\/post"}],"author":[{"embeddable":true,"href":"https:\/\/www.hospicjumcieszyn.pl\/en\/wp-json\/wp\/v2\/users\/5"}],"replies":[{"embeddable":true,"href":"https:\/\/www.hospicjumcieszyn.pl\/en\/wp-json\/wp\/v2\/comments?post=11861"}],"version-history":[{"count":1,"href":"https:\/\/www.hospicjumcieszyn.pl\/en\/wp-json\/wp\/v2\/posts\/11861\/revisions"}],"predecessor-version":[{"id":11862,"href":"https:\/\/www.hospicjumcieszyn.pl\/en\/wp-json\/wp\/v2\/posts\/11861\/revisions\/11862"}],"wp:featuredmedia":[{"embeddable":true,"href":"https:\/\/www.hospicjumcieszyn.pl\/en\/wp-json\/wp\/v2\/media\/11822"}],"wp:attachment":[{"href":"https:\/\/www.hospicjumcieszyn.pl\/en\/wp-json\/wp\/v2\/media?parent=11861"}],"wp:term":[{"taxonomy":"category","embeddable":true,"href":"https:\/\/www.hospicjumcieszyn.pl\/en\/wp-json\/wp\/v2\/categories?post=11861"},{"taxonomy":"post_tag","embeddable":true,"href":"https:\/\/www.hospicjumcieszyn.pl\/en\/wp-json\/wp\/v2\/tags?post=11861"}],"curies":[{"name":"wp","href":"https:\/\/api.w.org\/{rel}","templated":true}]}}