{"id":1188,"date":"2014-04-15T19:20:34","date_gmt":"2014-04-15T17:20:34","guid":{"rendered":"https:\/\/www.hospicjumcieszyn.pl\/?p=1188"},"modified":"2014-04-15T19:22:14","modified_gmt":"2014-04-15T17:22:14","slug":"pola-nadziei-trwaja","status":"publish","type":"post","link":"https:\/\/www.hospicjumcieszyn.pl\/en\/pola-nadziei-trwaja\/","title":{"rendered":"Pola Nadziei trwaj\u0105"},"content":{"rendered":"<p style=\"text-align: justify;\">Pola Nadziei w naszym Hospicjum trwaj\u0105 na ca\u0142ego!<\/p>\n<p style=\"text-align: justify;\">W czasie, gdy my kwestujemy, dzieciaki bior\u0105 udzia\u0142 w konkursie plastycznym na \u017conkilow\u0105 zak\u0142adk\u0119 do ksi\u0105\u017cki.<\/p>\n<p style=\"text-align: justify;\">A na naszych rabatkach pi\u0119knie kwitn\u0105 \u017conkile, ciesz\u0105c oczy i przypominaj\u0105c o swoim przepe\u0142nionym nadziej\u0105 przes\u0142aniu &#8211; kiedy jest ci\u0119\u017cko, nie jeste\u015b sam i zawsze jest nadzieja, otwieraj\u0105ca na przychodz\u0105ce do Ciebie dobro&#8230;<\/p>\n<div id='gallery-1' class='gallery galleryid-1188 gallery-columns-3 gallery-size-thumbnail'><figure class='gallery-item'>\n\t\t\t<div class='gallery-icon landscape'>\n\t\t\t\t<a href='https:\/\/www.hospicjumcieszyn.pl\/en\/wp_20140327_001-2\/'><img loading=\"lazy\" decoding=\"async\" width=\"180\" height=\"100\" src=\"https:\/\/www.hospicjumcieszyn.pl\/wp-content\/uploads\/2014\/04\/WP_20140327_001-180x100.jpg\" class=\"attachment-thumbnail size-thumbnail\" alt=\"\" srcset=\"https:\/\/www.hospicjumcieszyn.pl\/wp-content\/uploads\/2014\/04\/WP_20140327_001-180x100.jpg 180w, https:\/\/www.hospicjumcieszyn.pl\/wp-content\/uploads\/2014\/04\/WP_20140327_001-363x203.jpg 363w, https:\/\/www.hospicjumcieszyn.pl\/wp-content\/uploads\/2014\/04\/WP_20140327_001-726x406.jpg 726w, https:\/\/www.hospicjumcieszyn.pl\/wp-content\/uploads\/2014\/04\/WP_20140327_001.jpg 1024w\" sizes=\"(max-width: 180px) 100vw, 180px\" \/><\/a>\n\t\t\t<\/div><\/figure><figure class='gallery-item'>\n\t\t\t<div class='gallery-icon landscape'>\n\t\t\t\t<a href='https:\/\/www.hospicjumcieszyn.pl\/en\/100_9115-2-2\/'><img loading=\"lazy\" decoding=\"async\" width=\"180\" height=\"135\" src=\"https:\/\/www.hospicjumcieszyn.pl\/wp-content\/uploads\/2014\/04\/100_9115-180x135.jpg\" class=\"attachment-thumbnail size-thumbnail\" alt=\"\" srcset=\"https:\/\/www.hospicjumcieszyn.pl\/wp-content\/uploads\/2014\/04\/100_9115-180x135.jpg 180w, https:\/\/www.hospicjumcieszyn.pl\/wp-content\/uploads\/2014\/04\/100_9115-363x272.jpg 363w, https:\/\/www.hospicjumcieszyn.pl\/wp-content\/uploads\/2014\/04\/100_9115-726x544.jpg 726w, https:\/\/www.hospicjumcieszyn.pl\/wp-content\/uploads\/2014\/04\/100_9115.jpg 1024w\" sizes=\"(max-width: 180px) 100vw, 180px\" \/><\/a>\n\t\t\t<\/div><\/figure><figure class='gallery-item'>\n\t\t\t<div class='gallery-icon landscape'>\n\t\t\t\t<a href='https:\/\/www.hospicjumcieszyn.pl\/en\/wp_20140407_002-2\/'><img loading=\"lazy\" decoding=\"async\" width=\"180\" height=\"100\" src=\"https:\/\/www.hospicjumcieszyn.pl\/wp-content\/uploads\/2014\/04\/WP_20140407_002-180x100.jpg\" class=\"attachment-thumbnail size-thumbnail\" alt=\"\" srcset=\"https:\/\/www.hospicjumcieszyn.pl\/wp-content\/uploads\/2014\/04\/WP_20140407_002-180x100.jpg 180w, https:\/\/www.hospicjumcieszyn.pl\/wp-content\/uploads\/2014\/04\/WP_20140407_002-363x203.jpg 363w, https:\/\/www.hospicjumcieszyn.pl\/wp-content\/uploads\/2014\/04\/WP_20140407_002-726x406.jpg 726w, https:\/\/www.hospicjumcieszyn.pl\/wp-content\/uploads\/2014\/04\/WP_20140407_002.jpg 1024w\" sizes=\"(max-width: 180px) 100vw, 180px\" \/><\/a>\n\t\t\t<\/div><\/figure>\n\t\t<\/div>\n\n","protected":false},"excerpt":{"rendered":"<p>Pola Nadziei w naszym Hospicjum trwaj\u0105 na ca\u0142ego! W czasie, gdy my kwestujemy, dzieciaki bior\u0105 udzia\u0142 w konkursie plastycznym na \u017conkilow\u0105 zak\u0142adk\u0119 do ksi\u0105\u017cki. A na naszych rabatkach pi\u0119knie kwitn\u0105 \u017conkile, ciesz\u0105c oczy i przypominaj\u0105c o swoim przepe\u0142nionym nadziej\u0105 przes\u0142aniu &#8211; kiedy jest ci\u0119\u017cko, nie jeste\u015b sam i zawsze jest nadzieja, otwieraj\u0105ca na przychodz\u0105ce do &#8230; <a title=\"Pola Nadziei trwaj\u0105\" class=\"read-more\" href=\"https:\/\/www.hospicjumcieszyn.pl\/en\/pola-nadziei-trwaja\/\" aria-label=\"More on Pola Nadziei trwaj\u0105\">Read more<\/a><\/p>\n","protected":false},"author":4,"featured_media":1191,"comment_status":"closed","ping_status":"closed","sticky":false,"template":"","format":"standard","meta":{"footnotes":""},"categories":[8],"tags":[],"acf":[],"_links":{"self":[{"href":"https:\/\/www.hospicjumcieszyn.pl\/en\/wp-json\/wp\/v2\/posts\/1188"}],"collection":[{"href":"https:\/\/www.hospicjumcieszyn.pl\/en\/wp-json\/wp\/v2\/posts"}],"about":[{"href":"https:\/\/www.hospicjumcieszyn.pl\/en\/wp-json\/wp\/v2\/types\/post"}],"author":[{"embeddable":true,"href":"https:\/\/www.hospicjumcieszyn.pl\/en\/wp-json\/wp\/v2\/users\/4"}],"replies":[{"embeddable":true,"href":"https:\/\/www.hospicjumcieszyn.pl\/en\/wp-json\/wp\/v2\/comments?post=1188"}],"version-history":[{"count":3,"href":"https:\/\/www.hospicjumcieszyn.pl\/en\/wp-json\/wp\/v2\/posts\/1188\/revisions"}],"predecessor-version":[{"id":1194,"href":"https:\/\/www.hospicjumcieszyn.pl\/en\/wp-json\/wp\/v2\/posts\/1188\/revisions\/1194"}],"wp:featuredmedia":[{"embeddable":true,"href":"https:\/\/www.hospicjumcieszyn.pl\/en\/wp-json\/wp\/v2\/media\/1191"}],"wp:attachment":[{"href":"https:\/\/www.hospicjumcieszyn.pl\/en\/wp-json\/wp\/v2\/media?parent=1188"}],"wp:term":[{"taxonomy":"category","embeddable":true,"href":"https:\/\/www.hospicjumcieszyn.pl\/en\/wp-json\/wp\/v2\/categories?post=1188"},{"taxonomy":"post_tag","embeddable":true,"href":"https:\/\/www.hospicjumcieszyn.pl\/en\/wp-json\/wp\/v2\/tags?post=1188"}],"curies":[{"name":"wp","href":"https:\/\/api.w.org\/{rel}","templated":true}]}}