{"id":11937,"date":"2025-11-05T22:45:03","date_gmt":"2025-11-05T21:45:03","guid":{"rendered":"https:\/\/www.hospicjumcieszyn.pl\/?p=11937"},"modified":"2025-12-08T22:54:34","modified_gmt":"2025-12-08T21:54:34","slug":"pola-nadziei-parafia-najswietszego-imienia-maryi-panny","status":"publish","type":"post","link":"https:\/\/www.hospicjumcieszyn.pl\/en\/pola-nadziei-parafia-najswietszego-imienia-maryi-panny\/","title":{"rendered":"Pola Nadziei &#8211; Parafia Naj\u015bwi\u0119tszego Imienia Maryi Panny"},"content":{"rendered":"\n<p>W pa\u017adzierniku rozpocz\u0119li\u015bmy XV edycj\u0119 og\u00f3lnopolskiej kampanii Pola Nadziei na rzecz naszego Hospicjum, w kt\u00f3rej wzi\u0119li udzia\u0142 r\u00f3wnie\u017c parafianie z Ko\u015bcio\u0142a Imienia NMP w Cieszynie-Bobrku.<br>Na zaproszenie ksi\u0119dza proboszcza Parafii Naj\u015bwi\u0119tszego Imienia Maryi Panny w Cieszynie, wolontariusze Hospicjum wraz z parafianami w\u0142\u0105czyli si\u0119 w t\u0119 pi\u0119kn\u0105 inicjatyw\u0119.<br>Po Mszy \u015awi\u0119tej mo\u017cna by\u0142o wesprze\u0107 hospicjum poprzez zakup cebulek \u017conkili. Doch\u00f3d ze sprzeda\u017cy zosta\u0142 przekazany na rzecz podopiecznych. Uda\u0142o si\u0119 uzbiera\u0107 1098,00 z\u0142.<br>Z serca dzi\u0119kujemy. <br>Fot. Mariusz Jaszczurowski<\/p>\n\n\n\n<figure class=\"wp-block-image size-large is-resized\"><img loading=\"lazy\" decoding=\"async\" width=\"513\" height=\"726\" src=\"https:\/\/www.hospicjumcieszyn.pl\/wp-content\/uploads\/2025\/12\/Green-Watercolor-Thank-You-Poster-1-1-513x726.jpg\" alt=\"\" class=\"wp-image-11938\" style=\"width:506px;height:auto\" srcset=\"https:\/\/www.hospicjumcieszyn.pl\/wp-content\/uploads\/2025\/12\/Green-Watercolor-Thank-You-Poster-1-1-513x726.jpg 513w, https:\/\/www.hospicjumcieszyn.pl\/wp-content\/uploads\/2025\/12\/Green-Watercolor-Thank-You-Poster-1-1-257x363.jpg 257w, https:\/\/www.hospicjumcieszyn.pl\/wp-content\/uploads\/2025\/12\/Green-Watercolor-Thank-You-Poster-1-1-170x240.jpg 170w, https:\/\/www.hospicjumcieszyn.pl\/wp-content\/uploads\/2025\/12\/Green-Watercolor-Thank-You-Poster-1-1-768x1087.jpg 768w, https:\/\/www.hospicjumcieszyn.pl\/wp-content\/uploads\/2025\/12\/Green-Watercolor-Thank-You-Poster-1-1-1086x1536.jpg 1086w, https:\/\/www.hospicjumcieszyn.pl\/wp-content\/uploads\/2025\/12\/Green-Watercolor-Thank-You-Poster-1-1.jpg 1357w\" sizes=\"(max-width: 513px) 100vw, 513px\" \/><\/figure>\n\n\n\n<div class=\"wp-block-dgwt-justified-gallery\"><div id='gallery-1' class='gallery galleryid-11937 gallery-columns-3 gallery-size-thumbnail'><figure class='gallery-item'>\n\t\t\t<div class='gallery-icon landscape'>\n\t\t\t\t<a href='https:\/\/www.hospicjumcieszyn.pl\/en\/p1418711-2\/'><img loading=\"lazy\" decoding=\"async\" width=\"180\" height=\"101\" src=\"https:\/\/www.hospicjumcieszyn.pl\/wp-content\/uploads\/2025\/12\/P1418711-180x101.jpg\" class=\"attachment-thumbnail size-thumbnail\" alt=\"\" srcset=\"https:\/\/www.hospicjumcieszyn.pl\/wp-content\/uploads\/2025\/12\/P1418711-180x101.jpg 180w, https:\/\/www.hospicjumcieszyn.pl\/wp-content\/uploads\/2025\/12\/P1418711-363x204.jpg 363w, https:\/\/www.hospicjumcieszyn.pl\/wp-content\/uploads\/2025\/12\/P1418711-726x408.jpg 726w, https:\/\/www.hospicjumcieszyn.pl\/wp-content\/uploads\/2025\/12\/P1418711-768x432.jpg 768w, https:\/\/www.hospicjumcieszyn.pl\/wp-content\/uploads\/2025\/12\/P1418711-1536x864.jpg 1536w, https:\/\/www.hospicjumcieszyn.pl\/wp-content\/uploads\/2025\/12\/P1418711.jpg 1920w\" sizes=\"(max-width: 180px) 100vw, 180px\" \/><\/a>\n\t\t\t<\/div><\/figure><figure class='gallery-item'>\n\t\t\t<div class='gallery-icon landscape'>\n\t\t\t\t<a href='https:\/\/www.hospicjumcieszyn.pl\/en\/20251105_183924-2\/'><img loading=\"lazy\" decoding=\"async\" width=\"180\" height=\"101\" src=\"https:\/\/www.hospicjumcieszyn.pl\/wp-content\/uploads\/2025\/12\/20251105_183924-180x101.jpg\" class=\"attachment-thumbnail size-thumbnail\" alt=\"\" srcset=\"https:\/\/www.hospicjumcieszyn.pl\/wp-content\/uploads\/2025\/12\/20251105_183924-180x101.jpg 180w, https:\/\/www.hospicjumcieszyn.pl\/wp-content\/uploads\/2025\/12\/20251105_183924-363x204.jpg 363w, https:\/\/www.hospicjumcieszyn.pl\/wp-content\/uploads\/2025\/12\/20251105_183924-726x409.jpg 726w, https:\/\/www.hospicjumcieszyn.pl\/wp-content\/uploads\/2025\/12\/20251105_183924-768x432.jpg 768w, https:\/\/www.hospicjumcieszyn.pl\/wp-content\/uploads\/2025\/12\/20251105_183924-1536x865.jpg 1536w, https:\/\/www.hospicjumcieszyn.pl\/wp-content\/uploads\/2025\/12\/20251105_183924.jpg 1920w\" sizes=\"(max-width: 180px) 100vw, 180px\" \/><\/a>\n\t\t\t<\/div><\/figure><figure class='gallery-item'>\n\t\t\t<div class='gallery-icon landscape'>\n\t\t\t\t<a href='https:\/\/www.hospicjumcieszyn.pl\/en\/20251105_183940-2\/'><img loading=\"lazy\" decoding=\"async\" width=\"180\" height=\"101\" src=\"https:\/\/www.hospicjumcieszyn.pl\/wp-content\/uploads\/2025\/12\/20251105_183940-180x101.jpg\" class=\"attachment-thumbnail size-thumbnail\" alt=\"\" srcset=\"https:\/\/www.hospicjumcieszyn.pl\/wp-content\/uploads\/2025\/12\/20251105_183940-180x101.jpg 180w, https:\/\/www.hospicjumcieszyn.pl\/wp-content\/uploads\/2025\/12\/20251105_183940-363x204.jpg 363w, https:\/\/www.hospicjumcieszyn.pl\/wp-content\/uploads\/2025\/12\/20251105_183940-726x409.jpg 726w, https:\/\/www.hospicjumcieszyn.pl\/wp-content\/uploads\/2025\/12\/20251105_183940-768x432.jpg 768w, https:\/\/www.hospicjumcieszyn.pl\/wp-content\/uploads\/2025\/12\/20251105_183940-1536x865.jpg 1536w, https:\/\/www.hospicjumcieszyn.pl\/wp-content\/uploads\/2025\/12\/20251105_183940.jpg 1920w\" sizes=\"(max-width: 180px) 100vw, 180px\" \/><\/a>\n\t\t\t<\/div><\/figure><figure class='gallery-item'>\n\t\t\t<div class='gallery-icon landscape'>\n\t\t\t\t<a href='https:\/\/www.hospicjumcieszyn.pl\/en\/20251105_184005-2\/'><img loading=\"lazy\" decoding=\"async\" width=\"180\" height=\"101\" src=\"https:\/\/www.hospicjumcieszyn.pl\/wp-content\/uploads\/2025\/12\/20251105_184005-180x101.jpg\" class=\"attachment-thumbnail size-thumbnail\" alt=\"\" srcset=\"https:\/\/www.hospicjumcieszyn.pl\/wp-content\/uploads\/2025\/12\/20251105_184005-180x101.jpg 180w, https:\/\/www.hospicjumcieszyn.pl\/wp-content\/uploads\/2025\/12\/20251105_184005-363x204.jpg 363w, https:\/\/www.hospicjumcieszyn.pl\/wp-content\/uploads\/2025\/12\/20251105_184005-726x409.jpg 726w, https:\/\/www.hospicjumcieszyn.pl\/wp-content\/uploads\/2025\/12\/20251105_184005-768x432.jpg 768w, https:\/\/www.hospicjumcieszyn.pl\/wp-content\/uploads\/2025\/12\/20251105_184005-1536x865.jpg 1536w, https:\/\/www.hospicjumcieszyn.pl\/wp-content\/uploads\/2025\/12\/20251105_184005.jpg 1920w\" sizes=\"(max-width: 180px) 100vw, 180px\" \/><\/a>\n\t\t\t<\/div><\/figure><figure class='gallery-item'>\n\t\t\t<div class='gallery-icon landscape'>\n\t\t\t\t<a href='https:\/\/www.hospicjumcieszyn.pl\/en\/20251105_184025-2\/'><img loading=\"lazy\" decoding=\"async\" width=\"180\" height=\"101\" src=\"https:\/\/www.hospicjumcieszyn.pl\/wp-content\/uploads\/2025\/12\/20251105_184025-180x101.jpg\" class=\"attachment-thumbnail size-thumbnail\" alt=\"\" srcset=\"https:\/\/www.hospicjumcieszyn.pl\/wp-content\/uploads\/2025\/12\/20251105_184025-180x101.jpg 180w, https:\/\/www.hospicjumcieszyn.pl\/wp-content\/uploads\/2025\/12\/20251105_184025-363x204.jpg 363w, https:\/\/www.hospicjumcieszyn.pl\/wp-content\/uploads\/2025\/12\/20251105_184025-726x409.jpg 726w, https:\/\/www.hospicjumcieszyn.pl\/wp-content\/uploads\/2025\/12\/20251105_184025-768x432.jpg 768w, https:\/\/www.hospicjumcieszyn.pl\/wp-content\/uploads\/2025\/12\/20251105_184025-1536x865.jpg 1536w, https:\/\/www.hospicjumcieszyn.pl\/wp-content\/uploads\/2025\/12\/20251105_184025.jpg 1920w\" sizes=\"(max-width: 180px) 100vw, 180px\" \/><\/a>\n\t\t\t<\/div><\/figure><figure class='gallery-item'>\n\t\t\t<div class='gallery-icon landscape'>\n\t\t\t\t<a href='https:\/\/www.hospicjumcieszyn.pl\/en\/20251105_184849-2\/'><img loading=\"lazy\" decoding=\"async\" width=\"180\" height=\"135\" src=\"https:\/\/www.hospicjumcieszyn.pl\/wp-content\/uploads\/2025\/12\/20251105_184849-180x135.jpg\" class=\"attachment-thumbnail size-thumbnail\" alt=\"\" srcset=\"https:\/\/www.hospicjumcieszyn.pl\/wp-content\/uploads\/2025\/12\/20251105_184849-180x135.jpg 180w, https:\/\/www.hospicjumcieszyn.pl\/wp-content\/uploads\/2025\/12\/20251105_184849-363x272.jpg 363w, https:\/\/www.hospicjumcieszyn.pl\/wp-content\/uploads\/2025\/12\/20251105_184849-726x545.jpg 726w, https:\/\/www.hospicjumcieszyn.pl\/wp-content\/uploads\/2025\/12\/20251105_184849-768x576.jpg 768w, https:\/\/www.hospicjumcieszyn.pl\/wp-content\/uploads\/2025\/12\/20251105_184849-1536x1152.jpg 1536w, https:\/\/www.hospicjumcieszyn.pl\/wp-content\/uploads\/2025\/12\/20251105_184849.jpg 1920w\" sizes=\"(max-width: 180px) 100vw, 180px\" \/><\/a>\n\t\t\t<\/div><\/figure><figure class='gallery-item'>\n\t\t\t<div class='gallery-icon landscape'>\n\t\t\t\t<a href='https:\/\/www.hospicjumcieszyn.pl\/en\/p1418744-2\/'><img loading=\"lazy\" decoding=\"async\" width=\"180\" height=\"135\" src=\"https:\/\/www.hospicjumcieszyn.pl\/wp-content\/uploads\/2025\/12\/P1418744-180x135.jpg\" class=\"attachment-thumbnail size-thumbnail\" alt=\"\" srcset=\"https:\/\/www.hospicjumcieszyn.pl\/wp-content\/uploads\/2025\/12\/P1418744-180x135.jpg 180w, https:\/\/www.hospicjumcieszyn.pl\/wp-content\/uploads\/2025\/12\/P1418744-363x272.jpg 363w, https:\/\/www.hospicjumcieszyn.pl\/wp-content\/uploads\/2025\/12\/P1418744-726x545.jpg 726w, https:\/\/www.hospicjumcieszyn.pl\/wp-content\/uploads\/2025\/12\/P1418744-768x576.jpg 768w, https:\/\/www.hospicjumcieszyn.pl\/wp-content\/uploads\/2025\/12\/P1418744-1536x1152.jpg 1536w, https:\/\/www.hospicjumcieszyn.pl\/wp-content\/uploads\/2025\/12\/P1418744.jpg 1920w\" sizes=\"(max-width: 180px) 100vw, 180px\" \/><\/a>\n\t\t\t<\/div><\/figure><figure class='gallery-item'>\n\t\t\t<div class='gallery-icon landscape'>\n\t\t\t\t<a href='https:\/\/www.hospicjumcieszyn.pl\/en\/p1418746-2\/'><img loading=\"lazy\" decoding=\"async\" width=\"180\" height=\"135\" src=\"https:\/\/www.hospicjumcieszyn.pl\/wp-content\/uploads\/2025\/12\/P1418746-180x135.jpg\" class=\"attachment-thumbnail size-thumbnail\" alt=\"\" srcset=\"https:\/\/www.hospicjumcieszyn.pl\/wp-content\/uploads\/2025\/12\/P1418746-180x135.jpg 180w, https:\/\/www.hospicjumcieszyn.pl\/wp-content\/uploads\/2025\/12\/P1418746-363x272.jpg 363w, https:\/\/www.hospicjumcieszyn.pl\/wp-content\/uploads\/2025\/12\/P1418746-726x545.jpg 726w, https:\/\/www.hospicjumcieszyn.pl\/wp-content\/uploads\/2025\/12\/P1418746-768x576.jpg 768w, https:\/\/www.hospicjumcieszyn.pl\/wp-content\/uploads\/2025\/12\/P1418746-1536x1152.jpg 1536w, https:\/\/www.hospicjumcieszyn.pl\/wp-content\/uploads\/2025\/12\/P1418746.jpg 1920w\" sizes=\"(max-width: 180px) 100vw, 180px\" \/><\/a>\n\t\t\t<\/div><\/figure><figure class='gallery-item'>\n\t\t\t<div class='gallery-icon landscape'>\n\t\t\t\t<a href='https:\/\/www.hospicjumcieszyn.pl\/en\/p1418750-2\/'><img loading=\"lazy\" decoding=\"async\" width=\"180\" height=\"101\" src=\"https:\/\/www.hospicjumcieszyn.pl\/wp-content\/uploads\/2025\/12\/P1418750-180x101.jpg\" class=\"attachment-thumbnail size-thumbnail\" alt=\"\" srcset=\"https:\/\/www.hospicjumcieszyn.pl\/wp-content\/uploads\/2025\/12\/P1418750-180x101.jpg 180w, https:\/\/www.hospicjumcieszyn.pl\/wp-content\/uploads\/2025\/12\/P1418750-363x204.jpg 363w, https:\/\/www.hospicjumcieszyn.pl\/wp-content\/uploads\/2025\/12\/P1418750-726x408.jpg 726w, https:\/\/www.hospicjumcieszyn.pl\/wp-content\/uploads\/2025\/12\/P1418750-768x432.jpg 768w, https:\/\/www.hospicjumcieszyn.pl\/wp-content\/uploads\/2025\/12\/P1418750-1536x864.jpg 1536w, https:\/\/www.hospicjumcieszyn.pl\/wp-content\/uploads\/2025\/12\/P1418750.jpg 1920w\" sizes=\"(max-width: 180px) 100vw, 180px\" \/><\/a>\n\t\t\t<\/div><\/figure><figure class='gallery-item'>\n\t\t\t<div class='gallery-icon landscape'>\n\t\t\t\t<a href='https:\/\/www.hospicjumcieszyn.pl\/en\/p1418756-2\/'><img loading=\"lazy\" decoding=\"async\" width=\"180\" height=\"101\" src=\"https:\/\/www.hospicjumcieszyn.pl\/wp-content\/uploads\/2025\/12\/P1418756-180x101.jpg\" class=\"attachment-thumbnail size-thumbnail\" alt=\"\" srcset=\"https:\/\/www.hospicjumcieszyn.pl\/wp-content\/uploads\/2025\/12\/P1418756-180x101.jpg 180w, https:\/\/www.hospicjumcieszyn.pl\/wp-content\/uploads\/2025\/12\/P1418756-363x204.jpg 363w, https:\/\/www.hospicjumcieszyn.pl\/wp-content\/uploads\/2025\/12\/P1418756-726x408.jpg 726w, https:\/\/www.hospicjumcieszyn.pl\/wp-content\/uploads\/2025\/12\/P1418756-768x432.jpg 768w, https:\/\/www.hospicjumcieszyn.pl\/wp-content\/uploads\/2025\/12\/P1418756-1536x864.jpg 1536w, https:\/\/www.hospicjumcieszyn.pl\/wp-content\/uploads\/2025\/12\/P1418756.jpg 1920w\" sizes=\"(max-width: 180px) 100vw, 180px\" \/><\/a>\n\t\t\t<\/div><\/figure><figure class='gallery-item'>\n\t\t\t<div class='gallery-icon landscape'>\n\t\t\t\t<a href='https:\/\/www.hospicjumcieszyn.pl\/en\/p1418739-2\/'><img loading=\"lazy\" decoding=\"async\" width=\"180\" height=\"101\" src=\"https:\/\/www.hospicjumcieszyn.pl\/wp-content\/uploads\/2025\/12\/P1418739-180x101.jpg\" class=\"attachment-thumbnail size-thumbnail\" alt=\"\" srcset=\"https:\/\/www.hospicjumcieszyn.pl\/wp-content\/uploads\/2025\/12\/P1418739-180x101.jpg 180w, https:\/\/www.hospicjumcieszyn.pl\/wp-content\/uploads\/2025\/12\/P1418739-363x204.jpg 363w, https:\/\/www.hospicjumcieszyn.pl\/wp-content\/uploads\/2025\/12\/P1418739-726x408.jpg 726w, https:\/\/www.hospicjumcieszyn.pl\/wp-content\/uploads\/2025\/12\/P1418739-768x432.jpg 768w, https:\/\/www.hospicjumcieszyn.pl\/wp-content\/uploads\/2025\/12\/P1418739-1536x864.jpg 1536w, https:\/\/www.hospicjumcieszyn.pl\/wp-content\/uploads\/2025\/12\/P1418739.jpg 1920w\" sizes=\"(max-width: 180px) 100vw, 180px\" \/><\/a>\n\t\t\t<\/div><\/figure>\n\t\t<\/div>\n<\/div>\n","protected":false},"excerpt":{"rendered":"<p>W pa\u017adzierniku rozpocz\u0119li\u015bmy XV edycj\u0119 og\u00f3lnopolskiej kampanii Pola Nadziei na rzecz naszego Hospicjum, w kt\u00f3rej wzi\u0119li udzia\u0142 r\u00f3wnie\u017c parafianie z Ko\u015bcio\u0142a Imienia NMP w Cieszynie-Bobrku.Na zaproszenie ksi\u0119dza proboszcza Parafii Naj\u015bwi\u0119tszego Imienia Maryi Panny w Cieszynie, wolontariusze Hospicjum wraz z parafianami w\u0142\u0105czyli si\u0119 w t\u0119 pi\u0119kn\u0105 inicjatyw\u0119.Po Mszy \u015awi\u0119tej mo\u017cna by\u0142o wesprze\u0107 hospicjum poprzez zakup cebulek &#8230; <a title=\"Pola Nadziei &#8211; Parafia Naj\u015bwi\u0119tszego Imienia Maryi Panny\" class=\"read-more\" href=\"https:\/\/www.hospicjumcieszyn.pl\/en\/pola-nadziei-parafia-najswietszego-imienia-maryi-panny\/\" aria-label=\"More on Pola Nadziei &#8211; Parafia Naj\u015bwi\u0119tszego Imienia Maryi Panny\">Read more<\/a><\/p>\n","protected":false},"author":5,"featured_media":11919,"comment_status":"closed","ping_status":"closed","sticky":false,"template":"","format":"standard","meta":{"footnotes":""},"categories":[8],"tags":[],"acf":[],"_links":{"self":[{"href":"https:\/\/www.hospicjumcieszyn.pl\/en\/wp-json\/wp\/v2\/posts\/11937"}],"collection":[{"href":"https:\/\/www.hospicjumcieszyn.pl\/en\/wp-json\/wp\/v2\/posts"}],"about":[{"href":"https:\/\/www.hospicjumcieszyn.pl\/en\/wp-json\/wp\/v2\/types\/post"}],"author":[{"embeddable":true,"href":"https:\/\/www.hospicjumcieszyn.pl\/en\/wp-json\/wp\/v2\/users\/5"}],"replies":[{"embeddable":true,"href":"https:\/\/www.hospicjumcieszyn.pl\/en\/wp-json\/wp\/v2\/comments?post=11937"}],"version-history":[{"count":1,"href":"https:\/\/www.hospicjumcieszyn.pl\/en\/wp-json\/wp\/v2\/posts\/11937\/revisions"}],"predecessor-version":[{"id":11941,"href":"https:\/\/www.hospicjumcieszyn.pl\/en\/wp-json\/wp\/v2\/posts\/11937\/revisions\/11941"}],"wp:featuredmedia":[{"embeddable":true,"href":"https:\/\/www.hospicjumcieszyn.pl\/en\/wp-json\/wp\/v2\/media\/11919"}],"wp:attachment":[{"href":"https:\/\/www.hospicjumcieszyn.pl\/en\/wp-json\/wp\/v2\/media?parent=11937"}],"wp:term":[{"taxonomy":"category","embeddable":true,"href":"https:\/\/www.hospicjumcieszyn.pl\/en\/wp-json\/wp\/v2\/categories?post=11937"},{"taxonomy":"post_tag","embeddable":true,"href":"https:\/\/www.hospicjumcieszyn.pl\/en\/wp-json\/wp\/v2\/tags?post=11937"}],"curies":[{"name":"wp","href":"https:\/\/api.w.org\/{rel}","templated":true}]}}