{"id":1197,"date":"2014-04-19T23:30:44","date_gmt":"2014-04-19T21:30:44","guid":{"rendered":"https:\/\/www.hospicjumcieszyn.pl\/?p=1197"},"modified":"2014-04-20T14:48:00","modified_gmt":"2014-04-20T12:48:00","slug":"wielkanocne-zyczenia","status":"publish","type":"post","link":"https:\/\/www.hospicjumcieszyn.pl\/en\/wielkanocne-zyczenia\/","title":{"rendered":"Wielkanocne \u017cyczenia"},"content":{"rendered":"<p style=\"text-align: justify;\"><img loading=\"lazy\" decoding=\"async\" class=\"alignright  wp-image-1199\" alt=\"jezus-zmartwychwstaly\" src=\"https:\/\/www.hospicjumcieszyn.pl\/wp-content\/uploads\/2014\/04\/jezus-zmartwychwstaly-243x363.jpg\" width=\"155\" height=\"232\" srcset=\"https:\/\/www.hospicjumcieszyn.pl\/wp-content\/uploads\/2014\/04\/jezus-zmartwychwstaly-243x363.jpg 243w, https:\/\/www.hospicjumcieszyn.pl\/wp-content\/uploads\/2014\/04\/jezus-zmartwychwstaly-161x240.jpg 161w, https:\/\/www.hospicjumcieszyn.pl\/wp-content\/uploads\/2014\/04\/jezus-zmartwychwstaly-487x726.jpg 487w, https:\/\/www.hospicjumcieszyn.pl\/wp-content\/uploads\/2014\/04\/jezus-zmartwychwstaly.jpg 537w\" sizes=\"(max-width: 155px) 100vw, 155px\" \/>Nadesz\u0142y pi\u0119kne \u015awi\u0119ta Zmartwychwstania Pa\u0144skiego!<\/p>\n<p style=\"text-align: justify;\">Z tej okazji \u017cyczymy wszystkim wielu \u0142ask Bo\u017cych, si\u0142y i nadziei na ka\u017cdy dzie\u0144 &#8211; aby\u015bmy nigdy nie ustali w drodze za Tym, kt\u00f3ry otwiera dla nas niebo&#8230;<\/p>\n<p style=\"text-align: justify;\">Wolontariusze Hospicjum<\/p>\n","protected":false},"excerpt":{"rendered":"<p>Nadesz\u0142y pi\u0119kne \u015awi\u0119ta Zmartwychwstania Pa\u0144skiego! Z tej okazji \u017cyczymy wszystkim wielu \u0142ask Bo\u017cych, si\u0142y i nadziei na ka\u017cdy dzie\u0144 &#8211; aby\u015bmy nigdy nie ustali w drodze za Tym, kt\u00f3ry otwiera dla nas niebo&#8230; Wolontariusze Hospicjum<\/p>\n","protected":false},"author":4,"featured_media":1199,"comment_status":"closed","ping_status":"closed","sticky":false,"template":"","format":"standard","meta":{"footnotes":""},"categories":[1],"tags":[],"acf":[],"_links":{"self":[{"href":"https:\/\/www.hospicjumcieszyn.pl\/en\/wp-json\/wp\/v2\/posts\/1197"}],"collection":[{"href":"https:\/\/www.hospicjumcieszyn.pl\/en\/wp-json\/wp\/v2\/posts"}],"about":[{"href":"https:\/\/www.hospicjumcieszyn.pl\/en\/wp-json\/wp\/v2\/types\/post"}],"author":[{"embeddable":true,"href":"https:\/\/www.hospicjumcieszyn.pl\/en\/wp-json\/wp\/v2\/users\/4"}],"replies":[{"embeddable":true,"href":"https:\/\/www.hospicjumcieszyn.pl\/en\/wp-json\/wp\/v2\/comments?post=1197"}],"version-history":[{"count":3,"href":"https:\/\/www.hospicjumcieszyn.pl\/en\/wp-json\/wp\/v2\/posts\/1197\/revisions"}],"predecessor-version":[{"id":1200,"href":"https:\/\/www.hospicjumcieszyn.pl\/en\/wp-json\/wp\/v2\/posts\/1197\/revisions\/1200"}],"wp:featuredmedia":[{"embeddable":true,"href":"https:\/\/www.hospicjumcieszyn.pl\/en\/wp-json\/wp\/v2\/media\/1199"}],"wp:attachment":[{"href":"https:\/\/www.hospicjumcieszyn.pl\/en\/wp-json\/wp\/v2\/media?parent=1197"}],"wp:term":[{"taxonomy":"category","embeddable":true,"href":"https:\/\/www.hospicjumcieszyn.pl\/en\/wp-json\/wp\/v2\/categories?post=1197"},{"taxonomy":"post_tag","embeddable":true,"href":"https:\/\/www.hospicjumcieszyn.pl\/en\/wp-json\/wp\/v2\/tags?post=1197"}],"curies":[{"name":"wp","href":"https:\/\/api.w.org\/{rel}","templated":true}]}}