{"id":12143,"date":"2026-04-22T15:29:31","date_gmt":"2026-04-22T13:29:31","guid":{"rendered":"https:\/\/www.hospicjumcieszyn.pl\/?p=12143"},"modified":"2026-04-28T16:29:01","modified_gmt":"2026-04-28T14:29:01","slug":"aniol-nadziei-wyniki-konkursu","status":"publish","type":"post","link":"https:\/\/www.hospicjumcieszyn.pl\/en\/aniol-nadziei-wyniki-konkursu\/","title":{"rendered":"Anio\u0142 nadziei &#8211; wyniki konkursu"},"content":{"rendered":"\n<p>Konkurs plastyczny &#8220;Anio\u0142 nadziei&#8221; rozstrzygni\u0119ty !!!<br>Serdeczne gratulacje dla wszystkich uczestnik\u00f3w konkursu plastycznego \u201eAnio\u0142 nadziei\u201d!<br>Z ogromn\u0105 rado\u015bci\u0105 i uznaniem patrzymy na tak du\u017c\u0105 liczb\u0119 zg\u0142oszonych prac. Wasze zaanga\u017cowanie, kreatywno\u015b\u0107 oraz wra\u017cliwo\u015b\u0107 artystyczna s\u0105 naprawd\u0119 godne podziwu. Ka\u017cda praca to wyj\u0105tkowa historia, pe\u0142na emocji, wyobra\u017ani i indywidualnego spojrzenia na temat nadziei.<br>Dzi\u0119kujemy, \u017ce podj\u0119li\u015bcie wyzwanie i podzielili\u015bcie si\u0119 swoim talentem. Pokazali\u015bcie, jak r\u00f3\u017cnorodnie mo\u017cna interpretowa\u0107 motyw anio\u0142a jako symbol dobra, wsparcia i otuchy.<br>Jeste\u015bmy dumni, \u017ce mogli\u015bmy podziwia\u0107 tak wiele inspiruj\u0105cych dzie\u0142.<br>\u017byczymy Wam dalszego rozwoju artystycznego, niegasn\u0105cej pasji oraz wielu kolejnych sukces\u00f3w!<br>Gratulujemy i trzymamy kciuki za Wasze przysz\u0142e osi\u0105gni\u0119cia!<\/p>\n\n\n\n<p>Komisja konkursowa w sk\u0142adzie: Mariola G\u0142adczak, Aldona Guziur, Janina Siwek, Joanna Sobieska-Skoneczny, Irena Urba\u0144ska w dniu 22. 04.2025 r. dokona\u0142a wyboru prac.<\/p>\n\n\n\n<p><strong>W kategorii I \u2013 dzieci przedszkolne \u2013 wp\u0142yn\u0119\u0142o 48 prac<\/strong>.<\/p>\n\n\n\n<p><strong>1 miejsce \u2013 Maria Heczko<\/strong> \u2013 Zesp\u00f3\u0142 Przedszkolny w Skoczowie<br><strong>2 miejsce \u2013 Julia Michenko <\/strong>\u2013 Zesp\u00f3\u0142 Szkolno-Przedszkolny w Zaborzu<br><strong>2 miejsce \u2013 Veronika Dzhavala<\/strong> \u2013\u2013 Przedszkole nr 2 Integracyjne w Cieszynie<br><strong>3 miejsce \u2013 Zofia Cinal<\/strong> \u2013 Przedszkole nr 4 w Cieszynie<br><strong>3 miejsce \u2013 Natalia Kopacz<\/strong> \u2013 Przedszkole Publiczne w Goleszowie o\/Dzi\u0119giel\u00f3w<br><strong>wyr\u00f3\u017cnienie \u2013 Julia Janowska<\/strong> \u2013 Zesp\u00f3\u0142 Przedszkolny nr 2 w Cieszynie<br><strong>wyr\u00f3\u017cnienie \u2013 Jan Szczepa\u0144ski<\/strong> \u2013 Niepubliczne Przedszkole im. Jasia i Ma\u0142gosi<br><strong>wyr\u00f3\u017cnienie \u2013 Szymon Wojaczek<\/strong> \u2013 Przedszkole Publiczne w Goleszowie<\/p>\n\n\n\n<p><br><strong>W kategorii II \u2013 uczniowie klas 1-3 \u2013 wp\u0142yn\u0119\u0142y 53 prace.<\/strong><\/p>\n\n\n\n<p><strong>1 miejsce \u2013\u2013 Lena Dziadek<\/strong> \u2013 Szko\u0142a Podstawowa nr 3 z o\/Integracyjnymi w Cieszynie<br><strong>2 miejsce \u2013 Alicja Szostek<\/strong> \u2013 Szko\u0142a Podstawowa im. J. D\u0105browskiego<br>w Ko\u0144czycach Ma\u0142ych<br><strong>2 miejsce \u2013\u2013Adam \u017bywczok<\/strong> &#8211; Szko\u0142a Podstawowa nr 3 z o\/Integracyjnymi w Cieszynie<br><strong>3 miejsce \u2013 Zuzanna Nalepa<\/strong> \u2013 Szko\u0142a Podstawowa nr 1 w Skoczowie<br><strong>3 niejsce \u2013 Honorata Osak<\/strong> \u2013 Katolicka Szko\u0142a Podstawowa im. \u015bw. Rodziny<br>w Cieszynie<br><strong>wyr\u00f3\u017cnienie \u2013 Leonard Widenka<\/strong> \u2013 Szko\u0142a Podstawowa im. J. D\u0105browskiego<br>w Ko\u0144czycach Ma\u0142ych<\/p>\n\n\n\n<p><strong>W kategorii III \u2013 uczniowie klas IV-VI \u2013 wp\u0142yn\u0119\u0142o 28 prac.<\/strong><\/p>\n\n\n\n<p><strong>1 miejsce \u2013 Martyna Sosin<\/strong> &#8211; Szko\u0142a Podstawowa im. J. D\u0105browskiego<br>w Ko\u0144czycach Ma\u0142ych<br><strong>2 miejsce \u2013 Szymon Tekla<\/strong> \u2013 Szko\u0142a Podstawowa w Markowicach G\u00f3rnych<br><strong>2 miejsce \u2013 Emilia Brodocz<\/strong> &#8211; Szko\u0142a Podstawowa im. J. D\u0105browskiego<br>w Ko\u0144czycach Ma\u0142ych<br><strong>3 miejsce \u2013 Aniela Szklorz<\/strong> &#8211; Katolicka Szko\u0142a Podstawowa im. \u015bw. Rodziny<br>w Cieszynie<br><strong>3 miejsce &#8211; Marta Raszyk<\/strong> &#8211; Szko\u0142a Podstawowa nr 1 im. G. Morcinka w Skoczowie<br><strong>wyr\u00f3\u017cnienie \u2013 Oliwia Cierpia\u0142-G\u0105ska<\/strong> &#8211; Szko\u0142a Podstawowa im. J. D\u0105browskiego w Ko\u0144czycach Ma\u0142ych<\/p>\n\n\n\n<p><strong>W kategorii IV\u2013 uczniowie klas VII-VIII \u2013 wp\u0142yn\u0119\u0142y 4 prace<\/strong>.<\/p>\n\n\n\n<p><strong>1 miejsce \u2013 Amelia Juroszek<\/strong> \u2013Szko\u0142a Podstawowa nr 5 z o\/Integracyjnymi w Cieszynie<br><strong>2 miejsce \u2013 Rozalia Frysz<\/strong> \u2013 Szko\u0142a Podstawowa im. K.K. Baczy\u0144skiego w Zebrzydowicach<br><strong>3 miejsce \u2013 Jakub Puchalik<\/strong> \u2013 Zesp\u00f3\u0142 Szkolno-Przedszkolny w Zaborzu<br><strong>wyr\u00f3\u017cnienie \u2013 Mateusz Till<\/strong> \u2013 Szko\u0142a Podstawowa im. K.K. Baczy\u0144skiego w Zebrzydowicach<\/p>\n\n\n\n<p><strong>W kategorii IV \u2013 uczniowie szk\u00f3\u0142 ponadpodstawowych \u2013 wp\u0142yn\u0119\u0142y 3 prace.<\/strong><\/p>\n\n\n\n<p><strong>1 miejsce \u2013 Yuliia Havrylova<\/strong> \u2013 Zesp\u00f3\u0142 Szk\u00f3\u0142 Ekonomiczno-Gastronomicznych w Cieszynie<br><strong>1 miejsce \u2013 Liliana K\u0105dzio\u0142ka<\/strong> \u2013 Zesp\u00f3\u0142 Szk\u00f3\u0142 Przyrodniczo-Technicznych<br>w Mi\u0119dzy\u015bwieciu<br><strong>1 miejsce \u2013 Emilia \u017bur<\/strong> \u2013 Zesp\u00f3\u0142 Szk\u00f3\u0142 Przyrodniczo-Technicznych<br>w Mi\u0119dzy\u015bwieciu<\/p>\n\n\n\n<p>Komisja skrutacyjna Iwona Sroczy\u0144ska.<\/p>\n\n\n\n<figure class=\"wp-block-image size-large is-resized\"><img loading=\"lazy\" decoding=\"async\" width=\"726\" height=\"726\" src=\"https:\/\/www.hospicjumcieszyn.pl\/wp-content\/uploads\/2026\/04\/Kolorowe-Liscie-W-Stylu-Hawajskim-Urodziny-Zaproszenie-3-726x726.jpg\" alt=\"\" class=\"wp-image-12144\" style=\"width:434px;height:auto\" srcset=\"https:\/\/www.hospicjumcieszyn.pl\/wp-content\/uploads\/2026\/04\/Kolorowe-Liscie-W-Stylu-Hawajskim-Urodziny-Zaproszenie-3-726x726.jpg 726w, https:\/\/www.hospicjumcieszyn.pl\/wp-content\/uploads\/2026\/04\/Kolorowe-Liscie-W-Stylu-Hawajskim-Urodziny-Zaproszenie-3-363x363.jpg 363w, https:\/\/www.hospicjumcieszyn.pl\/wp-content\/uploads\/2026\/04\/Kolorowe-Liscie-W-Stylu-Hawajskim-Urodziny-Zaproszenie-3-180x180.jpg 180w, https:\/\/www.hospicjumcieszyn.pl\/wp-content\/uploads\/2026\/04\/Kolorowe-Liscie-W-Stylu-Hawajskim-Urodziny-Zaproszenie-3-768x768.jpg 768w, https:\/\/www.hospicjumcieszyn.pl\/wp-content\/uploads\/2026\/04\/Kolorowe-Liscie-W-Stylu-Hawajskim-Urodziny-Zaproszenie-3-1536x1536.jpg 1536w, https:\/\/www.hospicjumcieszyn.pl\/wp-content\/uploads\/2026\/04\/Kolorowe-Liscie-W-Stylu-Hawajskim-Urodziny-Zaproszenie-3.jpg 1654w\" sizes=\"(max-width: 726px) 100vw, 726px\" \/><\/figure>\n\n\n\n<figure class=\"wp-block-image size-large is-resized\"><img loading=\"lazy\" decoding=\"async\" width=\"726\" height=\"726\" src=\"https:\/\/www.hospicjumcieszyn.pl\/wp-content\/uploads\/2026\/04\/Kolorowe-Liscie-W-Stylu-Hawajskim-Urodziny-Zaproszenie-2-726x726.jpg\" alt=\"\" class=\"wp-image-12147\" style=\"width:433px;height:auto\" srcset=\"https:\/\/www.hospicjumcieszyn.pl\/wp-content\/uploads\/2026\/04\/Kolorowe-Liscie-W-Stylu-Hawajskim-Urodziny-Zaproszenie-2-726x726.jpg 726w, https:\/\/www.hospicjumcieszyn.pl\/wp-content\/uploads\/2026\/04\/Kolorowe-Liscie-W-Stylu-Hawajskim-Urodziny-Zaproszenie-2-363x363.jpg 363w, https:\/\/www.hospicjumcieszyn.pl\/wp-content\/uploads\/2026\/04\/Kolorowe-Liscie-W-Stylu-Hawajskim-Urodziny-Zaproszenie-2-180x180.jpg 180w, https:\/\/www.hospicjumcieszyn.pl\/wp-content\/uploads\/2026\/04\/Kolorowe-Liscie-W-Stylu-Hawajskim-Urodziny-Zaproszenie-2-768x768.jpg 768w, https:\/\/www.hospicjumcieszyn.pl\/wp-content\/uploads\/2026\/04\/Kolorowe-Liscie-W-Stylu-Hawajskim-Urodziny-Zaproszenie-2-1536x1536.jpg 1536w, https:\/\/www.hospicjumcieszyn.pl\/wp-content\/uploads\/2026\/04\/Kolorowe-Liscie-W-Stylu-Hawajskim-Urodziny-Zaproszenie-2.jpg 1654w\" sizes=\"(max-width: 726px) 100vw, 726px\" \/><\/figure>\n\n\n\n<figure class=\"wp-block-image size-large is-resized\"><img loading=\"lazy\" decoding=\"async\" width=\"726\" height=\"726\" src=\"https:\/\/www.hospicjumcieszyn.pl\/wp-content\/uploads\/2026\/04\/Kolorowe-Liscie-W-Stylu-Hawajskim-Urodziny-Zaproszenie-1-726x726.jpg\" alt=\"\" class=\"wp-image-12150\" style=\"width:433px;height:auto\" srcset=\"https:\/\/www.hospicjumcieszyn.pl\/wp-content\/uploads\/2026\/04\/Kolorowe-Liscie-W-Stylu-Hawajskim-Urodziny-Zaproszenie-1-726x726.jpg 726w, https:\/\/www.hospicjumcieszyn.pl\/wp-content\/uploads\/2026\/04\/Kolorowe-Liscie-W-Stylu-Hawajskim-Urodziny-Zaproszenie-1-363x363.jpg 363w, https:\/\/www.hospicjumcieszyn.pl\/wp-content\/uploads\/2026\/04\/Kolorowe-Liscie-W-Stylu-Hawajskim-Urodziny-Zaproszenie-1-180x180.jpg 180w, https:\/\/www.hospicjumcieszyn.pl\/wp-content\/uploads\/2026\/04\/Kolorowe-Liscie-W-Stylu-Hawajskim-Urodziny-Zaproszenie-1-768x768.jpg 768w, https:\/\/www.hospicjumcieszyn.pl\/wp-content\/uploads\/2026\/04\/Kolorowe-Liscie-W-Stylu-Hawajskim-Urodziny-Zaproszenie-1-1536x1536.jpg 1536w, https:\/\/www.hospicjumcieszyn.pl\/wp-content\/uploads\/2026\/04\/Kolorowe-Liscie-W-Stylu-Hawajskim-Urodziny-Zaproszenie-1.jpg 1654w\" sizes=\"(max-width: 726px) 100vw, 726px\" \/><\/figure>\n\n\n\n<figure class=\"wp-block-image size-large is-resized\"><img loading=\"lazy\" decoding=\"async\" width=\"726\" height=\"726\" src=\"https:\/\/www.hospicjumcieszyn.pl\/wp-content\/uploads\/2026\/04\/Kolorowe-Liscie-W-Stylu-Hawajskim-Urodziny-Zaproszenie-726x726.jpg\" alt=\"\" class=\"wp-image-12153\" style=\"width:433px;height:auto\" srcset=\"https:\/\/www.hospicjumcieszyn.pl\/wp-content\/uploads\/2026\/04\/Kolorowe-Liscie-W-Stylu-Hawajskim-Urodziny-Zaproszenie-726x726.jpg 726w, https:\/\/www.hospicjumcieszyn.pl\/wp-content\/uploads\/2026\/04\/Kolorowe-Liscie-W-Stylu-Hawajskim-Urodziny-Zaproszenie-363x363.jpg 363w, https:\/\/www.hospicjumcieszyn.pl\/wp-content\/uploads\/2026\/04\/Kolorowe-Liscie-W-Stylu-Hawajskim-Urodziny-Zaproszenie-180x180.jpg 180w, https:\/\/www.hospicjumcieszyn.pl\/wp-content\/uploads\/2026\/04\/Kolorowe-Liscie-W-Stylu-Hawajskim-Urodziny-Zaproszenie-768x768.jpg 768w, https:\/\/www.hospicjumcieszyn.pl\/wp-content\/uploads\/2026\/04\/Kolorowe-Liscie-W-Stylu-Hawajskim-Urodziny-Zaproszenie-1536x1536.jpg 1536w, https:\/\/www.hospicjumcieszyn.pl\/wp-content\/uploads\/2026\/04\/Kolorowe-Liscie-W-Stylu-Hawajskim-Urodziny-Zaproszenie.jpg 1654w\" sizes=\"(max-width: 726px) 100vw, 726px\" \/><\/figure>\n\n\n\n<figure class=\"wp-block-image size-large is-resized\"><img loading=\"lazy\" decoding=\"async\" width=\"484\" height=\"726\" src=\"https:\/\/www.hospicjumcieszyn.pl\/wp-content\/uploads\/2026\/04\/White-Modern-Best-Friend-Photo-Collage-1-484x726.jpg\" alt=\"\" class=\"wp-image-12156\" style=\"width:432px;height:auto\" srcset=\"https:\/\/www.hospicjumcieszyn.pl\/wp-content\/uploads\/2026\/04\/White-Modern-Best-Friend-Photo-Collage-1-484x726.jpg 484w, https:\/\/www.hospicjumcieszyn.pl\/wp-content\/uploads\/2026\/04\/White-Modern-Best-Friend-Photo-Collage-1-242x363.jpg 242w, https:\/\/www.hospicjumcieszyn.pl\/wp-content\/uploads\/2026\/04\/White-Modern-Best-Friend-Photo-Collage-1-160x240.jpg 160w, https:\/\/www.hospicjumcieszyn.pl\/wp-content\/uploads\/2026\/04\/White-Modern-Best-Friend-Photo-Collage-1-768x1152.jpg 768w, https:\/\/www.hospicjumcieszyn.pl\/wp-content\/uploads\/2026\/04\/White-Modern-Best-Friend-Photo-Collage-1-1024x1536.jpg 1024w, https:\/\/www.hospicjumcieszyn.pl\/wp-content\/uploads\/2026\/04\/White-Modern-Best-Friend-Photo-Collage-1.jpg 1280w\" sizes=\"(max-width: 484px) 100vw, 484px\" \/><\/figure>\n\n\n\n<figure class=\"wp-block-image size-large is-resized\"><img loading=\"lazy\" decoding=\"async\" width=\"484\" height=\"726\" src=\"https:\/\/www.hospicjumcieszyn.pl\/wp-content\/uploads\/2026\/04\/White-Modern-Best-Friend-Photo-Collage-484x726.jpg\" alt=\"\" class=\"wp-image-12159\" style=\"width:431px;height:auto\" srcset=\"https:\/\/www.hospicjumcieszyn.pl\/wp-content\/uploads\/2026\/04\/White-Modern-Best-Friend-Photo-Collage-484x726.jpg 484w, https:\/\/www.hospicjumcieszyn.pl\/wp-content\/uploads\/2026\/04\/White-Modern-Best-Friend-Photo-Collage-242x363.jpg 242w, https:\/\/www.hospicjumcieszyn.pl\/wp-content\/uploads\/2026\/04\/White-Modern-Best-Friend-Photo-Collage-160x240.jpg 160w, https:\/\/www.hospicjumcieszyn.pl\/wp-content\/uploads\/2026\/04\/White-Modern-Best-Friend-Photo-Collage-768x1152.jpg 768w, https:\/\/www.hospicjumcieszyn.pl\/wp-content\/uploads\/2026\/04\/White-Modern-Best-Friend-Photo-Collage-1024x1536.jpg 1024w, https:\/\/www.hospicjumcieszyn.pl\/wp-content\/uploads\/2026\/04\/White-Modern-Best-Friend-Photo-Collage.jpg 1280w\" sizes=\"(max-width: 484px) 100vw, 484px\" \/><\/figure>\n\n\n\n<p><\/p>\n","protected":false},"excerpt":{"rendered":"<p>Konkurs plastyczny &#8220;Anio\u0142 nadziei&#8221; rozstrzygni\u0119ty !!!Serdeczne gratulacje dla wszystkich uczestnik\u00f3w konkursu plastycznego \u201eAnio\u0142 nadziei\u201d!Z ogromn\u0105 rado\u015bci\u0105 i uznaniem patrzymy na tak du\u017c\u0105 liczb\u0119 zg\u0142oszonych prac. Wasze zaanga\u017cowanie, kreatywno\u015b\u0107 oraz wra\u017cliwo\u015b\u0107 artystyczna s\u0105 naprawd\u0119 godne podziwu. Ka\u017cda praca to wyj\u0105tkowa historia, pe\u0142na emocji, wyobra\u017ani i indywidualnego spojrzenia na temat nadziei.Dzi\u0119kujemy, \u017ce podj\u0119li\u015bcie wyzwanie i podzielili\u015bcie si\u0119 &#8230; <a title=\"Anio\u0142 nadziei &#8211; wyniki konkursu\" class=\"read-more\" href=\"https:\/\/www.hospicjumcieszyn.pl\/en\/aniol-nadziei-wyniki-konkursu\/\" aria-label=\"More on Anio\u0142 nadziei &#8211; wyniki konkursu\">Read more<\/a><\/p>\n","protected":false},"author":5,"featured_media":12159,"comment_status":"closed","ping_status":"closed","sticky":false,"template":"","format":"standard","meta":{"footnotes":""},"categories":[8],"tags":[],"acf":[],"_links":{"self":[{"href":"https:\/\/www.hospicjumcieszyn.pl\/en\/wp-json\/wp\/v2\/posts\/12143"}],"collection":[{"href":"https:\/\/www.hospicjumcieszyn.pl\/en\/wp-json\/wp\/v2\/posts"}],"about":[{"href":"https:\/\/www.hospicjumcieszyn.pl\/en\/wp-json\/wp\/v2\/types\/post"}],"author":[{"embeddable":true,"href":"https:\/\/www.hospicjumcieszyn.pl\/en\/wp-json\/wp\/v2\/users\/5"}],"replies":[{"embeddable":true,"href":"https:\/\/www.hospicjumcieszyn.pl\/en\/wp-json\/wp\/v2\/comments?post=12143"}],"version-history":[{"count":1,"href":"https:\/\/www.hospicjumcieszyn.pl\/en\/wp-json\/wp\/v2\/posts\/12143\/revisions"}],"predecessor-version":[{"id":12162,"href":"https:\/\/www.hospicjumcieszyn.pl\/en\/wp-json\/wp\/v2\/posts\/12143\/revisions\/12162"}],"wp:featuredmedia":[{"embeddable":true,"href":"https:\/\/www.hospicjumcieszyn.pl\/en\/wp-json\/wp\/v2\/media\/12159"}],"wp:attachment":[{"href":"https:\/\/www.hospicjumcieszyn.pl\/en\/wp-json\/wp\/v2\/media?parent=12143"}],"wp:term":[{"taxonomy":"category","embeddable":true,"href":"https:\/\/www.hospicjumcieszyn.pl\/en\/wp-json\/wp\/v2\/categories?post=12143"},{"taxonomy":"post_tag","embeddable":true,"href":"https:\/\/www.hospicjumcieszyn.pl\/en\/wp-json\/wp\/v2\/tags?post=12143"}],"curies":[{"name":"wp","href":"https:\/\/api.w.org\/{rel}","templated":true}]}}