{"id":1361,"date":"2014-06-26T20:09:34","date_gmt":"2014-06-26T18:09:34","guid":{"rendered":"https:\/\/www.hospicjumcieszyn.pl\/?p=1361"},"modified":"2014-07-01T21:22:10","modified_gmt":"2014-07-01T19:22:10","slug":"salmopol-hospicjum","status":"publish","type":"post","link":"https:\/\/www.hospicjumcieszyn.pl\/en\/salmopol-hospicjum\/","title":{"rendered":"Przez Salmopol dla Hospicjum"},"content":{"rendered":"<p style=\"color: #222222; text-align: justify;\">Sobotnie dopo\u0142udnie min\u0119\u0142o nam na dopingowaniu grupy m\u0142odych rowerzyst\u00f3w z &#8220;Osucha&#8221;, kt\u00f3rzy do\u0142\u0105czyli do V Rajdu Rowerowego zorganizowanego na rzecz hospicj\u00f3w przez angielsk\u0105 Fundacj\u0119 &#8220;Babci Aliny&#8221;.<\/p>\n<p style=\"color: #222222; text-align: justify;\">Pod opiek\u0105 Dyrektora Liceum, Prezes Hospicjum i Pani Piel\u0119gniarki m\u0142odzie\u017c razem z mgr Witoldem Korbutem wyruszy\u0142a z Wis\u0142y przez Salmopol do Bielska. Cieszy\u0144ska grupa spisa\u0142a si\u0119 dzielnie, wyprzedzaj\u0105c znacznie tych rowerzyst\u00f3w z Fundacji, kt\u00f3rzy pojechali przez Kubalonk\u0119. Na dodatek m\u0142odzi do Cieszyna wr\u00f3cili&#8230; na rowerach!!!<\/p>\n<p style=\"color: #222222; text-align: justify;\">Wzruszaj\u0105cym by\u0142 fakt, \u017ce z Wis\u0142y sygna\u0142 do startu da\u0142 nie kto inny, jak Micha\u0142 Jucha &#8211; nasz podopieczny, a r\u00f3wnocze\u015bnie absolwent LO im. Osuchowskiego.<\/p>\n<div id='gallery-1' class='gallery galleryid-1361 gallery-columns-3 gallery-size-thumbnail'><figure class='gallery-item'>\n\t\t\t<div class='gallery-icon landscape'>\n\t\t\t\t<a href='https:\/\/www.hospicjumcieszyn.pl\/en\/210620141773-2\/'><img loading=\"lazy\" decoding=\"async\" width=\"180\" height=\"135\" src=\"https:\/\/www.hospicjumcieszyn.pl\/wp-content\/uploads\/2014\/06\/210620141773-180x135.jpg\" class=\"attachment-thumbnail size-thumbnail\" alt=\"\" srcset=\"https:\/\/www.hospicjumcieszyn.pl\/wp-content\/uploads\/2014\/06\/210620141773-180x135.jpg 180w, https:\/\/www.hospicjumcieszyn.pl\/wp-content\/uploads\/2014\/06\/210620141773-363x272.jpg 363w, https:\/\/www.hospicjumcieszyn.pl\/wp-content\/uploads\/2014\/06\/210620141773-726x544.jpg 726w, https:\/\/www.hospicjumcieszyn.pl\/wp-content\/uploads\/2014\/06\/210620141773.jpg 1024w\" sizes=\"(max-width: 180px) 100vw, 180px\" \/><\/a>\n\t\t\t<\/div><\/figure><figure class='gallery-item'>\n\t\t\t<div class='gallery-icon landscape'>\n\t\t\t\t<a href='https:\/\/www.hospicjumcieszyn.pl\/en\/210620141784-2\/'><img loading=\"lazy\" decoding=\"async\" width=\"180\" height=\"135\" src=\"https:\/\/www.hospicjumcieszyn.pl\/wp-content\/uploads\/2014\/06\/210620141784-180x135.jpg\" class=\"attachment-thumbnail size-thumbnail\" alt=\"\" srcset=\"https:\/\/www.hospicjumcieszyn.pl\/wp-content\/uploads\/2014\/06\/210620141784-180x135.jpg 180w, https:\/\/www.hospicjumcieszyn.pl\/wp-content\/uploads\/2014\/06\/210620141784-363x272.jpg 363w, https:\/\/www.hospicjumcieszyn.pl\/wp-content\/uploads\/2014\/06\/210620141784-726x544.jpg 726w, https:\/\/www.hospicjumcieszyn.pl\/wp-content\/uploads\/2014\/06\/210620141784.jpg 1024w\" sizes=\"(max-width: 180px) 100vw, 180px\" \/><\/a>\n\t\t\t<\/div><\/figure><figure class='gallery-item'>\n\t\t\t<div class='gallery-icon landscape'>\n\t\t\t\t<a href='https:\/\/www.hospicjumcieszyn.pl\/en\/210620141774-2\/'><img loading=\"lazy\" decoding=\"async\" width=\"180\" height=\"135\" src=\"https:\/\/www.hospicjumcieszyn.pl\/wp-content\/uploads\/2014\/06\/210620141774-180x135.jpg\" class=\"attachment-thumbnail size-thumbnail\" alt=\"\" srcset=\"https:\/\/www.hospicjumcieszyn.pl\/wp-content\/uploads\/2014\/06\/210620141774-180x135.jpg 180w, https:\/\/www.hospicjumcieszyn.pl\/wp-content\/uploads\/2014\/06\/210620141774-363x272.jpg 363w, https:\/\/www.hospicjumcieszyn.pl\/wp-content\/uploads\/2014\/06\/210620141774-726x544.jpg 726w, https:\/\/www.hospicjumcieszyn.pl\/wp-content\/uploads\/2014\/06\/210620141774.jpg 1024w\" sizes=\"(max-width: 180px) 100vw, 180px\" \/><\/a>\n\t\t\t<\/div><\/figure><figure class='gallery-item'>\n\t\t\t<div class='gallery-icon portrait'>\n\t\t\t\t<a href='https:\/\/www.hospicjumcieszyn.pl\/en\/210620141777-2\/'><img loading=\"lazy\" decoding=\"async\" width=\"180\" height=\"240\" src=\"https:\/\/www.hospicjumcieszyn.pl\/wp-content\/uploads\/2014\/06\/210620141777-180x240.jpg\" class=\"attachment-thumbnail size-thumbnail\" alt=\"\" srcset=\"https:\/\/www.hospicjumcieszyn.pl\/wp-content\/uploads\/2014\/06\/210620141777-180x240.jpg 180w, https:\/\/www.hospicjumcieszyn.pl\/wp-content\/uploads\/2014\/06\/210620141777-272x363.jpg 272w, https:\/\/www.hospicjumcieszyn.pl\/wp-content\/uploads\/2014\/06\/210620141777-544x726.jpg 544w, https:\/\/www.hospicjumcieszyn.pl\/wp-content\/uploads\/2014\/06\/210620141777.jpg 768w\" sizes=\"(max-width: 180px) 100vw, 180px\" \/><\/a>\n\t\t\t<\/div><\/figure><figure class='gallery-item'>\n\t\t\t<div class='gallery-icon landscape'>\n\t\t\t\t<a href='https:\/\/www.hospicjumcieszyn.pl\/en\/210620141786-2\/'><img loading=\"lazy\" decoding=\"async\" width=\"180\" height=\"135\" src=\"https:\/\/www.hospicjumcieszyn.pl\/wp-content\/uploads\/2014\/06\/210620141786-180x135.jpg\" class=\"attachment-thumbnail size-thumbnail\" alt=\"\" srcset=\"https:\/\/www.hospicjumcieszyn.pl\/wp-content\/uploads\/2014\/06\/210620141786-180x135.jpg 180w, https:\/\/www.hospicjumcieszyn.pl\/wp-content\/uploads\/2014\/06\/210620141786-363x272.jpg 363w, https:\/\/www.hospicjumcieszyn.pl\/wp-content\/uploads\/2014\/06\/210620141786-726x544.jpg 726w, https:\/\/www.hospicjumcieszyn.pl\/wp-content\/uploads\/2014\/06\/210620141786.jpg 1024w\" sizes=\"(max-width: 180px) 100vw, 180px\" \/><\/a>\n\t\t\t<\/div><\/figure><figure class='gallery-item'>\n\t\t\t<div class='gallery-icon landscape'>\n\t\t\t\t<a href='https:\/\/www.hospicjumcieszyn.pl\/en\/210620141766-2\/'><img loading=\"lazy\" decoding=\"async\" width=\"180\" height=\"135\" src=\"https:\/\/www.hospicjumcieszyn.pl\/wp-content\/uploads\/2014\/06\/210620141766-180x135.jpg\" class=\"attachment-thumbnail size-thumbnail\" alt=\"\" srcset=\"https:\/\/www.hospicjumcieszyn.pl\/wp-content\/uploads\/2014\/06\/210620141766-180x135.jpg 180w, https:\/\/www.hospicjumcieszyn.pl\/wp-content\/uploads\/2014\/06\/210620141766-363x272.jpg 363w, https:\/\/www.hospicjumcieszyn.pl\/wp-content\/uploads\/2014\/06\/210620141766-726x544.jpg 726w, https:\/\/www.hospicjumcieszyn.pl\/wp-content\/uploads\/2014\/06\/210620141766.jpg 1024w\" sizes=\"(max-width: 180px) 100vw, 180px\" \/><\/a>\n\t\t\t<\/div><\/figure>\n\t\t<\/div>\n\n","protected":false},"excerpt":{"rendered":"<p>Sobotnie dopo\u0142udnie min\u0119\u0142o nam na dopingowaniu grupy m\u0142odych rowerzyst\u00f3w z &#8220;Osucha&#8221;, kt\u00f3rzy do\u0142\u0105czyli do V Rajdu Rowerowego zorganizowanego na rzecz hospicj\u00f3w przez angielsk\u0105 Fundacj\u0119 &#8220;Babci Aliny&#8221;. Pod opiek\u0105 Dyrektora Liceum, Prezes Hospicjum i Pani Piel\u0119gniarki m\u0142odzie\u017c razem z mgr Witoldem Korbutem wyruszy\u0142a z Wis\u0142y przez Salmopol do Bielska. Cieszy\u0144ska grupa spisa\u0142a si\u0119 dzielnie, wyprzedzaj\u0105c znacznie &#8230; <a title=\"Przez Salmopol dla Hospicjum\" class=\"read-more\" href=\"https:\/\/www.hospicjumcieszyn.pl\/en\/salmopol-hospicjum\/\" aria-label=\"More on Przez Salmopol dla Hospicjum\">Read more<\/a><\/p>\n","protected":false},"author":4,"featured_media":1367,"comment_status":"closed","ping_status":"closed","sticky":false,"template":"","format":"standard","meta":{"footnotes":""},"categories":[1],"tags":[],"acf":[],"_links":{"self":[{"href":"https:\/\/www.hospicjumcieszyn.pl\/en\/wp-json\/wp\/v2\/posts\/1361"}],"collection":[{"href":"https:\/\/www.hospicjumcieszyn.pl\/en\/wp-json\/wp\/v2\/posts"}],"about":[{"href":"https:\/\/www.hospicjumcieszyn.pl\/en\/wp-json\/wp\/v2\/types\/post"}],"author":[{"embeddable":true,"href":"https:\/\/www.hospicjumcieszyn.pl\/en\/wp-json\/wp\/v2\/users\/4"}],"replies":[{"embeddable":true,"href":"https:\/\/www.hospicjumcieszyn.pl\/en\/wp-json\/wp\/v2\/comments?post=1361"}],"version-history":[{"count":2,"href":"https:\/\/www.hospicjumcieszyn.pl\/en\/wp-json\/wp\/v2\/posts\/1361\/revisions"}],"predecessor-version":[{"id":1369,"href":"https:\/\/www.hospicjumcieszyn.pl\/en\/wp-json\/wp\/v2\/posts\/1361\/revisions\/1369"}],"wp:featuredmedia":[{"embeddable":true,"href":"https:\/\/www.hospicjumcieszyn.pl\/en\/wp-json\/wp\/v2\/media\/1367"}],"wp:attachment":[{"href":"https:\/\/www.hospicjumcieszyn.pl\/en\/wp-json\/wp\/v2\/media?parent=1361"}],"wp:term":[{"taxonomy":"category","embeddable":true,"href":"https:\/\/www.hospicjumcieszyn.pl\/en\/wp-json\/wp\/v2\/categories?post=1361"},{"taxonomy":"post_tag","embeddable":true,"href":"https:\/\/www.hospicjumcieszyn.pl\/en\/wp-json\/wp\/v2\/tags?post=1361"}],"curies":[{"name":"wp","href":"https:\/\/api.w.org\/{rel}","templated":true}]}}