{"id":1662,"date":"2014-11-19T09:37:02","date_gmt":"2014-11-19T08:37:02","guid":{"rendered":"https:\/\/www.hospicjumcieszyn.pl\/?p=1662"},"modified":"2014-11-19T09:40:30","modified_gmt":"2014-11-19T08:40:30","slug":"cieszynianka-naszej-halinki","status":"publish","type":"post","link":"https:\/\/www.hospicjumcieszyn.pl\/en\/cieszynianka-naszej-halinki\/","title":{"rendered":"Cieszynianka dla naszej Halinki"},"content":{"rendered":"<p style=\"text-align: justify;\">Jeste\u015bmy dumni, \u017ce nasza kole\u017canka z Hospicjum zosta\u0142a wyr\u00f3\u017cniona wyj\u0105tkow\u0105 na \u015al\u0105sku Cieszy\u0144skim nagrod\u0105:\u00a0&#8220;Srebrn\u0105 Cieszyniank\u0105&#8221;.<\/p>\n<p style=\"text-align: justify;\">Zg\u0142osili\u015bmy jej kandydatur\u0119, poniewa\u017c od kilkunastu lat zajmuje si\u0119 dzie\u0107mi chorymi w naszym Hospicjum, a w szczeg\u00f3lno\u015bci ma pod opiek\u0105 dzieci osierocone przez naszych pacjent\u00f3w. Je\u015bli kto\u015b \u015bledzi wpisy na stronie Hospicjum, to mo\u017ce \u0142atwo zauwa\u017cy\u0107, \u017ce Halina Sajdok-\u017by\u0142a to wolontariuszka bardzo aktywna. Poza tym dzia\u0142a w KGW na Mnisztwie i w Macierzy Ziemi Cieszy\u0144skiej.<\/p>\n<p style=\"text-align: justify;\">\u00a0Halinko, cieszymy si\u0119, \u017ce Twoje po\u015bwi\u0119cenie i bezinteresowna praca spo\u0142eczna zosta\u0142y docenione publicznie!<\/p>\n<p style=\"text-align: justify;\">Sama nagrodzona przyzna\u0142a, \u017ce wyr\u00f3\u017cnienie odbiera jako uhonorowanie dla ca\u0142ego zespo\u0142u hospicyjnego.<\/p>\n<p style=\"text-align: justify;\">Autorem zdj\u0119\u0107 z wr\u0119czenia Cieszynianki jest pan Czes\u0142aw Brachaczek.<\/p>\n<div id='gallery-1' class='gallery galleryid-1662 gallery-columns-3 gallery-size-thumbnail'><figure class='gallery-item'>\n\t\t\t<div class='gallery-icon landscape'>\n\t\t\t\t<a href='https:\/\/www.hospicjumcieszyn.pl\/en\/img_0771-2\/'><img loading=\"lazy\" decoding=\"async\" width=\"180\" height=\"119\" src=\"https:\/\/www.hospicjumcieszyn.pl\/wp-content\/uploads\/2014\/11\/IMG_0771-180x119.jpg\" class=\"attachment-thumbnail size-thumbnail\" alt=\"\" srcset=\"https:\/\/www.hospicjumcieszyn.pl\/wp-content\/uploads\/2014\/11\/IMG_0771-180x119.jpg 180w, https:\/\/www.hospicjumcieszyn.pl\/wp-content\/uploads\/2014\/11\/IMG_0771-363x241.jpg 363w, https:\/\/www.hospicjumcieszyn.pl\/wp-content\/uploads\/2014\/11\/IMG_0771-726x483.jpg 726w, https:\/\/www.hospicjumcieszyn.pl\/wp-content\/uploads\/2014\/11\/IMG_0771.jpg 1024w\" sizes=\"(max-width: 180px) 100vw, 180px\" \/><\/a>\n\t\t\t<\/div><\/figure><figure class='gallery-item'>\n\t\t\t<div class='gallery-icon landscape'>\n\t\t\t\t<a href='https:\/\/www.hospicjumcieszyn.pl\/en\/img_0770-2\/'><img loading=\"lazy\" decoding=\"async\" width=\"180\" height=\"119\" src=\"https:\/\/www.hospicjumcieszyn.pl\/wp-content\/uploads\/2014\/11\/IMG_0770-180x119.jpg\" class=\"attachment-thumbnail size-thumbnail\" alt=\"\" srcset=\"https:\/\/www.hospicjumcieszyn.pl\/wp-content\/uploads\/2014\/11\/IMG_0770-180x119.jpg 180w, https:\/\/www.hospicjumcieszyn.pl\/wp-content\/uploads\/2014\/11\/IMG_0770-363x241.jpg 363w, https:\/\/www.hospicjumcieszyn.pl\/wp-content\/uploads\/2014\/11\/IMG_0770-726x483.jpg 726w, https:\/\/www.hospicjumcieszyn.pl\/wp-content\/uploads\/2014\/11\/IMG_0770.jpg 1024w\" sizes=\"(max-width: 180px) 100vw, 180px\" \/><\/a>\n\t\t\t<\/div><\/figure><figure class='gallery-item'>\n\t\t\t<div class='gallery-icon landscape'>\n\t\t\t\t<a href='https:\/\/www.hospicjumcieszyn.pl\/en\/img_4288-2\/'><img loading=\"lazy\" decoding=\"async\" width=\"180\" height=\"119\" src=\"https:\/\/www.hospicjumcieszyn.pl\/wp-content\/uploads\/2014\/11\/IMG_4288-180x119.jpg\" class=\"attachment-thumbnail size-thumbnail\" alt=\"\" srcset=\"https:\/\/www.hospicjumcieszyn.pl\/wp-content\/uploads\/2014\/11\/IMG_4288-180x119.jpg 180w, https:\/\/www.hospicjumcieszyn.pl\/wp-content\/uploads\/2014\/11\/IMG_4288-363x241.jpg 363w, https:\/\/www.hospicjumcieszyn.pl\/wp-content\/uploads\/2014\/11\/IMG_4288-726x483.jpg 726w, https:\/\/www.hospicjumcieszyn.pl\/wp-content\/uploads\/2014\/11\/IMG_4288.jpg 1024w\" sizes=\"(max-width: 180px) 100vw, 180px\" \/><\/a>\n\t\t\t<\/div><\/figure><figure class='gallery-item'>\n\t\t\t<div class='gallery-icon landscape'>\n\t\t\t\t<a href='https:\/\/www.hospicjumcieszyn.pl\/en\/img_4227-2\/'><img loading=\"lazy\" decoding=\"async\" width=\"180\" height=\"119\" src=\"https:\/\/www.hospicjumcieszyn.pl\/wp-content\/uploads\/2014\/11\/IMG_4227-180x119.jpg\" class=\"attachment-thumbnail size-thumbnail\" alt=\"\" srcset=\"https:\/\/www.hospicjumcieszyn.pl\/wp-content\/uploads\/2014\/11\/IMG_4227-180x119.jpg 180w, https:\/\/www.hospicjumcieszyn.pl\/wp-content\/uploads\/2014\/11\/IMG_4227-363x241.jpg 363w, https:\/\/www.hospicjumcieszyn.pl\/wp-content\/uploads\/2014\/11\/IMG_4227-726x483.jpg 726w, https:\/\/www.hospicjumcieszyn.pl\/wp-content\/uploads\/2014\/11\/IMG_4227.jpg 1024w\" sizes=\"(max-width: 180px) 100vw, 180px\" \/><\/a>\n\t\t\t<\/div><\/figure>\n\t\t<\/div>\n\n<p style=\"text-align: justify;\">\n","protected":false},"excerpt":{"rendered":"<p>Jeste\u015bmy dumni, \u017ce nasza kole\u017canka z Hospicjum zosta\u0142a wyr\u00f3\u017cniona wyj\u0105tkow\u0105 na \u015al\u0105sku Cieszy\u0144skim nagrod\u0105:\u00a0&#8220;Srebrn\u0105 Cieszyniank\u0105&#8221;. Zg\u0142osili\u015bmy jej kandydatur\u0119, poniewa\u017c od kilkunastu lat zajmuje si\u0119 dzie\u0107mi chorymi w naszym Hospicjum, a w szczeg\u00f3lno\u015bci ma pod opiek\u0105 dzieci osierocone przez naszych pacjent\u00f3w. Je\u015bli kto\u015b \u015bledzi wpisy na stronie Hospicjum, to mo\u017ce \u0142atwo zauwa\u017cy\u0107, \u017ce Halina Sajdok-\u017by\u0142a to &#8230; <a title=\"Cieszynianka dla naszej Halinki\" class=\"read-more\" href=\"https:\/\/www.hospicjumcieszyn.pl\/en\/cieszynianka-naszej-halinki\/\" aria-label=\"More on Cieszynianka dla naszej Halinki\">Read more<\/a><\/p>\n","protected":false},"author":4,"featured_media":1666,"comment_status":"closed","ping_status":"closed","sticky":false,"template":"","format":"standard","meta":{"footnotes":""},"categories":[6],"tags":[],"acf":[],"_links":{"self":[{"href":"https:\/\/www.hospicjumcieszyn.pl\/en\/wp-json\/wp\/v2\/posts\/1662"}],"collection":[{"href":"https:\/\/www.hospicjumcieszyn.pl\/en\/wp-json\/wp\/v2\/posts"}],"about":[{"href":"https:\/\/www.hospicjumcieszyn.pl\/en\/wp-json\/wp\/v2\/types\/post"}],"author":[{"embeddable":true,"href":"https:\/\/www.hospicjumcieszyn.pl\/en\/wp-json\/wp\/v2\/users\/4"}],"replies":[{"embeddable":true,"href":"https:\/\/www.hospicjumcieszyn.pl\/en\/wp-json\/wp\/v2\/comments?post=1662"}],"version-history":[{"count":3,"href":"https:\/\/www.hospicjumcieszyn.pl\/en\/wp-json\/wp\/v2\/posts\/1662\/revisions"}],"predecessor-version":[{"id":1669,"href":"https:\/\/www.hospicjumcieszyn.pl\/en\/wp-json\/wp\/v2\/posts\/1662\/revisions\/1669"}],"wp:featuredmedia":[{"embeddable":true,"href":"https:\/\/www.hospicjumcieszyn.pl\/en\/wp-json\/wp\/v2\/media\/1666"}],"wp:attachment":[{"href":"https:\/\/www.hospicjumcieszyn.pl\/en\/wp-json\/wp\/v2\/media?parent=1662"}],"wp:term":[{"taxonomy":"category","embeddable":true,"href":"https:\/\/www.hospicjumcieszyn.pl\/en\/wp-json\/wp\/v2\/categories?post=1662"},{"taxonomy":"post_tag","embeddable":true,"href":"https:\/\/www.hospicjumcieszyn.pl\/en\/wp-json\/wp\/v2\/tags?post=1662"}],"curies":[{"name":"wp","href":"https:\/\/api.w.org\/{rel}","templated":true}]}}