{"id":1728,"date":"2015-01-02T19:49:58","date_gmt":"2015-01-02T18:49:58","guid":{"rendered":"https:\/\/www.hospicjumcieszyn.pl\/?p=1728"},"modified":"2015-01-13T13:51:43","modified_gmt":"2015-01-13T12:51:43","slug":"koncertowo-koledowo","status":"publish","type":"post","link":"https:\/\/www.hospicjumcieszyn.pl\/en\/koncertowo-koledowo\/","title":{"rendered":"Koncertowo-kol\u0119dowo"},"content":{"rendered":"<p style=\"text-align: justify;\">Jak w poprzednich latach, tak i tym razem zapraszamy Pa\u0144stwa w sobot\u0119 10 stycznia na godzin\u0119 17.00 do Ko\u015bcio\u0142a oo. Bonifratr\u00f3w na\u00a0<strong>XI Przegl\u0105d Kapel Karpackich <\/strong>z\u00a0koncertem kol\u0119d na rzecz naszego Hospicjum\u00a0w wykonaniu:<\/p>\n<p style=\"text-align: justify;\">-Ch\u00f3ru Jubileuszowego Zespo\u0142u Pie\u015bni i Ta\u0144ca Ziemi Cieszy\u0144skiej<\/p>\n<p style=\"text-align: justify;\">-Ch\u00f3ru Ko\u015bcio\u0142a Ewangelicko-Augsburskiego z T\u0159anovic (Czechy)<\/p>\n<p style=\"text-align: justify;\">-Wy\u017cszobramskiego Ch\u00f3ru Kameralnego z Cieszyna.<\/p>\n<p style=\"text-align: justify;\">Serdecznie zapraszamy!<\/p>\n<p style=\"text-align: justify;\">Po koncercie w Domu Narodowym odb\u0119dzie si\u0119 XI Bal Cieszy\u0144ski, kt\u00f3rego organizatorem jest Ko\u0142o nr 6 Macierzy Ziemi Cieszy\u0144skiej.<\/p>\n<p>&nbsp;<\/p>\n","protected":false},"excerpt":{"rendered":"<p>Jak w poprzednich latach, tak i tym razem zapraszamy Pa\u0144stwa w sobot\u0119 10 stycznia na godzin\u0119 17.00 do Ko\u015bcio\u0142a oo. Bonifratr\u00f3w na\u00a0XI Przegl\u0105d Kapel Karpackich z\u00a0koncertem kol\u0119d na rzecz naszego Hospicjum\u00a0w wykonaniu: -Ch\u00f3ru Jubileuszowego Zespo\u0142u Pie\u015bni i Ta\u0144ca Ziemi Cieszy\u0144skiej -Ch\u00f3ru Ko\u015bcio\u0142a Ewangelicko-Augsburskiego z T\u0159anovic (Czechy) -Wy\u017cszobramskiego Ch\u00f3ru Kameralnego z Cieszyna. Serdecznie zapraszamy! Po koncercie &#8230; <a title=\"Koncertowo-kol\u0119dowo\" class=\"read-more\" href=\"https:\/\/www.hospicjumcieszyn.pl\/en\/koncertowo-koledowo\/\" aria-label=\"More on Koncertowo-kol\u0119dowo\">Read more<\/a><\/p>\n","protected":false},"author":4,"featured_media":0,"comment_status":"closed","ping_status":"closed","sticky":false,"template":"","format":"standard","meta":{"footnotes":""},"categories":[1],"tags":[],"acf":[],"_links":{"self":[{"href":"https:\/\/www.hospicjumcieszyn.pl\/en\/wp-json\/wp\/v2\/posts\/1728"}],"collection":[{"href":"https:\/\/www.hospicjumcieszyn.pl\/en\/wp-json\/wp\/v2\/posts"}],"about":[{"href":"https:\/\/www.hospicjumcieszyn.pl\/en\/wp-json\/wp\/v2\/types\/post"}],"author":[{"embeddable":true,"href":"https:\/\/www.hospicjumcieszyn.pl\/en\/wp-json\/wp\/v2\/users\/4"}],"replies":[{"embeddable":true,"href":"https:\/\/www.hospicjumcieszyn.pl\/en\/wp-json\/wp\/v2\/comments?post=1728"}],"version-history":[{"count":3,"href":"https:\/\/www.hospicjumcieszyn.pl\/en\/wp-json\/wp\/v2\/posts\/1728\/revisions"}],"predecessor-version":[{"id":1787,"href":"https:\/\/www.hospicjumcieszyn.pl\/en\/wp-json\/wp\/v2\/posts\/1728\/revisions\/1787"}],"wp:attachment":[{"href":"https:\/\/www.hospicjumcieszyn.pl\/en\/wp-json\/wp\/v2\/media?parent=1728"}],"wp:term":[{"taxonomy":"category","embeddable":true,"href":"https:\/\/www.hospicjumcieszyn.pl\/en\/wp-json\/wp\/v2\/categories?post=1728"},{"taxonomy":"post_tag","embeddable":true,"href":"https:\/\/www.hospicjumcieszyn.pl\/en\/wp-json\/wp\/v2\/tags?post=1728"}],"curies":[{"name":"wp","href":"https:\/\/api.w.org\/{rel}","templated":true}]}}