{"id":1730,"date":"2015-01-02T19:53:44","date_gmt":"2015-01-02T18:53:44","guid":{"rendered":"https:\/\/www.hospicjumcieszyn.pl\/?p=1730"},"modified":"2015-01-03T21:10:49","modified_gmt":"2015-01-03T20:10:49","slug":"zakup-biletow-na-koncert-walentynkowy","status":"publish","type":"post","link":"https:\/\/www.hospicjumcieszyn.pl\/en\/zakup-biletow-na-koncert-walentynkowy\/","title":{"rendered":"Zakup bilet\u00f3w na Koncert Walentynkowy"},"content":{"rendered":"<p style=\"text-align: justify;\">Wielkimi krokami zbli\u017ca si\u0119 Koncert Walentynkowy na rzecz naszego Hospicjum, na kt\u00f3ry serdecznie wszystkich zapraszamy! Koncert odb\u0119dzie si\u0119 w pi\u0105tek 30 stycznia w Teatrze im. A. Mickiewicza w Cieszynie. Przypominamy, \u017ce w tym roku bilety mo\u017cna naby\u0107 wy\u0142\u0105cznie w kasie Teatru.<\/p>\n<p style=\"text-align: justify;\">Prosimy, aby wszystkie osoby, kt\u00f3re drog\u0105 elektroniczn\u0105 b\u0119d\u0105 kupowa\u0142y bilety na Koncert Walentynkowy, kt\u00f3ry odb\u0119dzie si\u0119 o godzinie 17.00, odebra\u0142y swoje bilety co najmniej p\u00f3\u0142 godziny przed rozpocz\u0119ciem Koncertu. Zale\u017cy nam na sprawnym rozprowadzeniu bilet\u00f3w i punktualnym rozpocz\u0119ciu ca\u0142ego widowiska.<\/p>\n<p style=\"text-align: justify;\">Informujemy r\u00f3wnie\u017c osoby niepe\u0142nosprawne, \u017ce jest 6 miejsc dla os\u00f3b na w\u00f3zkach (nale\u017cy wskaza\u0107: z opiekunem lub bez), dla kt\u00f3rych istnieje mo\u017cliwo\u015b\u0107 rezerwacji i zakupu biletu drog\u0105 elektroniczn\u0105.<\/p>\n<p style=\"text-align: justify;\">Dla wszystkich ch\u0119tnych &#8211; bilety mo\u017cna kupi\u0107 tu:<\/p>\n<p style=\"text-align: justify;\"><a class=\"Xx\" dir=\"ltr\" tabindex=\"-1\" href=\"http:\/\/bilety.teatr.cieszyn.pl\/buy\/default\/spectacle\/208\" target=\"_blank\" rel=\"nofollow noreferrer\">http:\/\/bilety.teatr.cieszyn.pl\/buy\/default\/spectacle\/208<\/a><\/p>\n<p style=\"text-align: justify;\">\n","protected":false},"excerpt":{"rendered":"<p>Wielkimi krokami zbli\u017ca si\u0119 Koncert Walentynkowy na rzecz naszego Hospicjum, na kt\u00f3ry serdecznie wszystkich zapraszamy! Koncert odb\u0119dzie si\u0119 w pi\u0105tek 30 stycznia w Teatrze im. A. Mickiewicza w Cieszynie. Przypominamy, \u017ce w tym roku bilety mo\u017cna naby\u0107 wy\u0142\u0105cznie w kasie Teatru. Prosimy, aby wszystkie osoby, kt\u00f3re drog\u0105 elektroniczn\u0105 b\u0119d\u0105 kupowa\u0142y bilety na Koncert Walentynkowy, kt\u00f3ry &#8230; <a title=\"Zakup bilet\u00f3w na Koncert Walentynkowy\" class=\"read-more\" href=\"https:\/\/www.hospicjumcieszyn.pl\/en\/zakup-biletow-na-koncert-walentynkowy\/\" aria-label=\"More on Zakup bilet\u00f3w na Koncert Walentynkowy\">Read more<\/a><\/p>\n","protected":false},"author":4,"featured_media":0,"comment_status":"closed","ping_status":"closed","sticky":false,"template":"","format":"standard","meta":{"footnotes":""},"categories":[5],"tags":[],"acf":[],"_links":{"self":[{"href":"https:\/\/www.hospicjumcieszyn.pl\/en\/wp-json\/wp\/v2\/posts\/1730"}],"collection":[{"href":"https:\/\/www.hospicjumcieszyn.pl\/en\/wp-json\/wp\/v2\/posts"}],"about":[{"href":"https:\/\/www.hospicjumcieszyn.pl\/en\/wp-json\/wp\/v2\/types\/post"}],"author":[{"embeddable":true,"href":"https:\/\/www.hospicjumcieszyn.pl\/en\/wp-json\/wp\/v2\/users\/4"}],"replies":[{"embeddable":true,"href":"https:\/\/www.hospicjumcieszyn.pl\/en\/wp-json\/wp\/v2\/comments?post=1730"}],"version-history":[{"count":3,"href":"https:\/\/www.hospicjumcieszyn.pl\/en\/wp-json\/wp\/v2\/posts\/1730\/revisions"}],"predecessor-version":[{"id":1742,"href":"https:\/\/www.hospicjumcieszyn.pl\/en\/wp-json\/wp\/v2\/posts\/1730\/revisions\/1742"}],"wp:attachment":[{"href":"https:\/\/www.hospicjumcieszyn.pl\/en\/wp-json\/wp\/v2\/media?parent=1730"}],"wp:term":[{"taxonomy":"category","embeddable":true,"href":"https:\/\/www.hospicjumcieszyn.pl\/en\/wp-json\/wp\/v2\/categories?post=1730"},{"taxonomy":"post_tag","embeddable":true,"href":"https:\/\/www.hospicjumcieszyn.pl\/en\/wp-json\/wp\/v2\/tags?post=1730"}],"curies":[{"name":"wp","href":"https:\/\/api.w.org\/{rel}","templated":true}]}}