{"id":1732,"date":"2015-01-03T20:59:03","date_gmt":"2015-01-03T19:59:03","guid":{"rendered":"https:\/\/www.hospicjumcieszyn.pl\/?p=1732"},"modified":"2015-01-03T21:04:24","modified_gmt":"2015-01-03T20:04:24","slug":"orszak-trzech-kroli","status":"publish","type":"post","link":"https:\/\/www.hospicjumcieszyn.pl\/en\/orszak-trzech-kroli\/","title":{"rendered":"Orszak Trzech Kr\u00f3li"},"content":{"rendered":"<p style=\"text-align: justify;\"><a href=\"https:\/\/www.hospicjumcieszyn.pl\/wp-content\/uploads\/2015\/01\/Zaproszenie.jpg\"><img loading=\"lazy\" decoding=\"async\" class=\"alignright wp-image-1734 size-medium\" src=\"https:\/\/www.hospicjumcieszyn.pl\/wp-content\/uploads\/2015\/01\/Zaproszenie-363x263.jpg\" alt=\"Zaproszenie\" width=\"363\" height=\"263\" srcset=\"https:\/\/www.hospicjumcieszyn.pl\/wp-content\/uploads\/2015\/01\/Zaproszenie-363x263.jpg 363w, https:\/\/www.hospicjumcieszyn.pl\/wp-content\/uploads\/2015\/01\/Zaproszenie-180x131.jpg 180w, https:\/\/www.hospicjumcieszyn.pl\/wp-content\/uploads\/2015\/01\/Zaproszenie.jpg 557w\" sizes=\"(max-width: 363px) 100vw, 363px\" \/><\/a>Ju\u017c niebawem, bo 6 stycznia, obchodzimy jedno z najstarszych \u015bwi\u0105t chrze\u015bcija\u0144skich &#8211; \u015awi\u0119to Objawienia Pa\u0144skiego, zwane popularnie \u015bwi\u0119tem Trzech Kr\u00f3li. Z tej okazji coraz bardziej popularny staje si\u0119 w naszym kraju tzw. Orszak Trzech Kr\u00f3li, organizowany w blisko dwustu miejscowo\u015bciach w Polsce ju\u017c po raz si\u00f3dmy.<\/p>\n<p style=\"text-align: justify;\">W tym roku po raz pierwszy tak\u017ce Cieszyn w\u0142\u0105czy\u0142 si\u0119 w jego organizacj\u0119 poprzez pracownik\u00f3w i uczni\u00f3w Katolickiego Liceum i Gimnazjum im. Melchiora Grodzieckiego.<\/p>\n<p style=\"text-align: justify;\">Wszyscy, kt\u00f3rzy chc\u0105 zobaczy\u0107 wielkie, uliczne jase\u0142ka s\u0105 zaproszeni 6 stycznia najpierw na Msz\u0119 \u015awi\u0119t\u0105 o godzinie 12.00 do Ko\u015bcio\u0142a \u015bw. Marii Magdaleny, a nast\u0119pnie o godzinie 13.00 na cieszy\u0144ski Rynek. Nie zabraknie historii narodzin Jezusa w wykonaniu aktor\u00f3w-amator\u00f3w, kapeli g\u00f3ralskiej, \u015bpiewu kol\u0119d w wykonaniu szkolnego ch\u00f3ru, a nawet s\u0142odkiego pocz\u0119stunku czy ciep\u0142ej herbaty i zupy.<\/p>\n<p style=\"text-align: justify;\">Do wsp\u00f3\u0142tworzenia tego wyj\u0105tkowego wydarzenia poprzez prezentowanie swojej dzia\u0142alno\u015bci czy te\u017c wystawienie r\u0119kodzie\u0142a zosta\u0142y zaproszone tak\u017ce organizacje pozarz\u0105dowe naszego regionu, w tym nasze Hospicjum. Oczywi\u015bcie z wielk\u0105 rado\u015bci\u0105 zamierzamy skorzysta\u0107 z tego zaproszenia i nie zabraknie nas na cieszy\u0144skim Rynku.<\/p>\n<p>&nbsp;<\/p>\n","protected":false},"excerpt":{"rendered":"<p>Ju\u017c niebawem, bo 6 stycznia, obchodzimy jedno z najstarszych \u015bwi\u0105t chrze\u015bcija\u0144skich &#8211; \u015awi\u0119to Objawienia Pa\u0144skiego, zwane popularnie \u015bwi\u0119tem Trzech Kr\u00f3li. Z tej okazji coraz bardziej popularny staje si\u0119 w naszym kraju tzw. Orszak Trzech Kr\u00f3li, organizowany w blisko dwustu miejscowo\u015bciach w Polsce ju\u017c po raz si\u00f3dmy. W tym roku po raz pierwszy tak\u017ce Cieszyn w\u0142\u0105czy\u0142 &#8230; <a title=\"Orszak Trzech Kr\u00f3li\" class=\"read-more\" href=\"https:\/\/www.hospicjumcieszyn.pl\/en\/orszak-trzech-kroli\/\" aria-label=\"More on Orszak Trzech Kr\u00f3li\">Read more<\/a><\/p>\n","protected":false},"author":4,"featured_media":1734,"comment_status":"closed","ping_status":"closed","sticky":false,"template":"","format":"standard","meta":{"footnotes":""},"categories":[1],"tags":[],"acf":[],"_links":{"self":[{"href":"https:\/\/www.hospicjumcieszyn.pl\/en\/wp-json\/wp\/v2\/posts\/1732"}],"collection":[{"href":"https:\/\/www.hospicjumcieszyn.pl\/en\/wp-json\/wp\/v2\/posts"}],"about":[{"href":"https:\/\/www.hospicjumcieszyn.pl\/en\/wp-json\/wp\/v2\/types\/post"}],"author":[{"embeddable":true,"href":"https:\/\/www.hospicjumcieszyn.pl\/en\/wp-json\/wp\/v2\/users\/4"}],"replies":[{"embeddable":true,"href":"https:\/\/www.hospicjumcieszyn.pl\/en\/wp-json\/wp\/v2\/comments?post=1732"}],"version-history":[{"count":6,"href":"https:\/\/www.hospicjumcieszyn.pl\/en\/wp-json\/wp\/v2\/posts\/1732\/revisions"}],"predecessor-version":[{"id":1740,"href":"https:\/\/www.hospicjumcieszyn.pl\/en\/wp-json\/wp\/v2\/posts\/1732\/revisions\/1740"}],"wp:featuredmedia":[{"embeddable":true,"href":"https:\/\/www.hospicjumcieszyn.pl\/en\/wp-json\/wp\/v2\/media\/1734"}],"wp:attachment":[{"href":"https:\/\/www.hospicjumcieszyn.pl\/en\/wp-json\/wp\/v2\/media?parent=1732"}],"wp:term":[{"taxonomy":"category","embeddable":true,"href":"https:\/\/www.hospicjumcieszyn.pl\/en\/wp-json\/wp\/v2\/categories?post=1732"},{"taxonomy":"post_tag","embeddable":true,"href":"https:\/\/www.hospicjumcieszyn.pl\/en\/wp-json\/wp\/v2\/tags?post=1732"}],"curies":[{"name":"wp","href":"https:\/\/api.w.org\/{rel}","templated":true}]}}