{"id":1856,"date":"2015-02-24T21:20:09","date_gmt":"2015-02-24T20:20:09","guid":{"rendered":"https:\/\/www.hospicjumcieszyn.pl\/?p=1856"},"modified":"2015-02-24T21:26:25","modified_gmt":"2015-02-24T20:26:25","slug":"inauguracja-wiosennych-pol-nadziei-2015","status":"publish","type":"post","link":"https:\/\/www.hospicjumcieszyn.pl\/en\/inauguracja-wiosennych-pol-nadziei-2015\/","title":{"rendered":"Inauguracja wiosennych P\u00f3l Nadziei 2015"},"content":{"rendered":"<p style=\"text-align: justify;\"><a href=\"https:\/\/www.hospicjumcieszyn.pl\/wp-content\/uploads\/2015\/02\/Przystanek-CISZA-w-NOIVA-2015-03-11.jpg\"><img loading=\"lazy\" decoding=\"async\" class=\"alignright size-medium wp-image-1858\" src=\"https:\/\/www.hospicjumcieszyn.pl\/wp-content\/uploads\/2015\/02\/Przystanek-CISZA-w-NOIVA-2015-03-11-363x257.jpg\" alt=\"Przystanek CISZA w NOIVA 2015-03-11\" width=\"363\" height=\"257\" srcset=\"https:\/\/www.hospicjumcieszyn.pl\/wp-content\/uploads\/2015\/02\/Przystanek-CISZA-w-NOIVA-2015-03-11-363x257.jpg 363w, https:\/\/www.hospicjumcieszyn.pl\/wp-content\/uploads\/2015\/02\/Przystanek-CISZA-w-NOIVA-2015-03-11-180x127.jpg 180w, https:\/\/www.hospicjumcieszyn.pl\/wp-content\/uploads\/2015\/02\/Przystanek-CISZA-w-NOIVA-2015-03-11-726x513.jpg 726w, https:\/\/www.hospicjumcieszyn.pl\/wp-content\/uploads\/2015\/02\/Przystanek-CISZA-w-NOIVA-2015-03-11.jpg 2048w\" sizes=\"(max-width: 363px) 100vw, 363px\" \/><\/a>11 marca o godzinie 16.30 zapraszamy do Kawiarni NOIVA przy mo\u015bcie, \u0142\u0105cz\u0105cym polski Cieszyn i Czeski Cieszyn na spotkanie z pani\u0105 Aleksandr\u0105 B\u0142ahut-Kowalczyk. Wolontariusze Hospicjum im. \u0141ukasza Ewangelisty pragn\u0105 w ten spos\u00f3b zainaugurowa\u0107 w Powiecie Cieszy\u0144skim Kampani\u0119 Og\u00f3lnopolsk\u0105 POLA NADZIEI. G\u0142\u00f3wn\u0105 organizatork\u0105 spotkania jest laureatka tegorocznej Srebrnej Cieszynianki &#8211; pani Halina Sajdok-\u017by\u0142a oraz pani Ma\u0142gorzata Szklorz.<\/p>\n<p style=\"text-align: justify;\">Na spotkaniu b\u0119dzie mo\u017cna r\u00f3wnie\u017c naby\u0107 wiersze pacjenta naszego Hospicjum &#8211; nie\u017cyj\u0105cego ju\u017c Stanis\u0142awa Goli.<\/p>\n<p style=\"text-align: justify;\">Serdecznie zapraszamy!<\/p>\n<p style=\"text-align: justify;\"><em>Zarz\u0105d Stowarzyszenia<\/em><\/p>\n<p style=\"text-align: justify;\">\n","protected":false},"excerpt":{"rendered":"<p>11 marca o godzinie 16.30 zapraszamy do Kawiarni NOIVA przy mo\u015bcie, \u0142\u0105cz\u0105cym polski Cieszyn i Czeski Cieszyn na spotkanie z pani\u0105 Aleksandr\u0105 B\u0142ahut-Kowalczyk. Wolontariusze Hospicjum im. \u0141ukasza Ewangelisty pragn\u0105 w ten spos\u00f3b zainaugurowa\u0107 w Powiecie Cieszy\u0144skim Kampani\u0119 Og\u00f3lnopolsk\u0105 POLA NADZIEI. G\u0142\u00f3wn\u0105 organizatork\u0105 spotkania jest laureatka tegorocznej Srebrnej Cieszynianki &#8211; pani Halina Sajdok-\u017by\u0142a oraz pani Ma\u0142gorzata &#8230; <a title=\"Inauguracja wiosennych P\u00f3l Nadziei 2015\" class=\"read-more\" href=\"https:\/\/www.hospicjumcieszyn.pl\/en\/inauguracja-wiosennych-pol-nadziei-2015\/\" aria-label=\"More on Inauguracja wiosennych P\u00f3l Nadziei 2015\">Read more<\/a><\/p>\n","protected":false},"author":4,"featured_media":1858,"comment_status":"closed","ping_status":"closed","sticky":false,"template":"","format":"standard","meta":{"footnotes":""},"categories":[8],"tags":[],"acf":[],"_links":{"self":[{"href":"https:\/\/www.hospicjumcieszyn.pl\/en\/wp-json\/wp\/v2\/posts\/1856"}],"collection":[{"href":"https:\/\/www.hospicjumcieszyn.pl\/en\/wp-json\/wp\/v2\/posts"}],"about":[{"href":"https:\/\/www.hospicjumcieszyn.pl\/en\/wp-json\/wp\/v2\/types\/post"}],"author":[{"embeddable":true,"href":"https:\/\/www.hospicjumcieszyn.pl\/en\/wp-json\/wp\/v2\/users\/4"}],"replies":[{"embeddable":true,"href":"https:\/\/www.hospicjumcieszyn.pl\/en\/wp-json\/wp\/v2\/comments?post=1856"}],"version-history":[{"count":4,"href":"https:\/\/www.hospicjumcieszyn.pl\/en\/wp-json\/wp\/v2\/posts\/1856\/revisions"}],"predecessor-version":[{"id":1862,"href":"https:\/\/www.hospicjumcieszyn.pl\/en\/wp-json\/wp\/v2\/posts\/1856\/revisions\/1862"}],"wp:featuredmedia":[{"embeddable":true,"href":"https:\/\/www.hospicjumcieszyn.pl\/en\/wp-json\/wp\/v2\/media\/1858"}],"wp:attachment":[{"href":"https:\/\/www.hospicjumcieszyn.pl\/en\/wp-json\/wp\/v2\/media?parent=1856"}],"wp:term":[{"taxonomy":"category","embeddable":true,"href":"https:\/\/www.hospicjumcieszyn.pl\/en\/wp-json\/wp\/v2\/categories?post=1856"},{"taxonomy":"post_tag","embeddable":true,"href":"https:\/\/www.hospicjumcieszyn.pl\/en\/wp-json\/wp\/v2\/tags?post=1856"}],"curies":[{"name":"wp","href":"https:\/\/api.w.org\/{rel}","templated":true}]}}