{"id":1864,"date":"2015-03-20T19:21:44","date_gmt":"2015-03-20T18:21:44","guid":{"rendered":"https:\/\/www.hospicjumcieszyn.pl\/?p=1864"},"modified":"2015-03-20T19:21:44","modified_gmt":"2015-03-20T18:21:44","slug":"wiosenno-poetycka-inauguracja-pol-nadziei","status":"publish","type":"post","link":"https:\/\/www.hospicjumcieszyn.pl\/en\/wiosenno-poetycka-inauguracja-pol-nadziei\/","title":{"rendered":"Wiosenno-poetycka inauguracja P\u00f3l Nadziei"},"content":{"rendered":"<p style=\"text-align: justify;\">11\u00a0marca w kawiarni NOIVA odby\u0142a si\u0119 w naszym Hospicjum wiosenna inauguracja tegorocznych P\u00f3l Nadziei.<\/p>\n<p style=\"text-align: justify;\">Dzi\u0119ki poetce &#8211; Aleksandrze B\u0142ahut-Kowalczyk mieli\u015bmy okazj\u0119 sp\u0119dzi\u0107 niezwykle nostalgiczny i pi\u0119kny wiecz\u00f3r. Pani Aleksandra czyta\u0142a swoje wiersze, promuj\u0105c nowy tomik &#8211; &#8220;Przystanek cisza&#8221;.<\/p>\n<p style=\"text-align: justify;\">Spotkaniu towarzyszy\u0142a tak\u017ce muzyka w wykonaniu Marty Bylok.<\/p>\n<p style=\"text-align: justify;\">Pomimo fatalnej aury, sympatycy naszego Hospicjum nie zawiedli i sala wype\u0142ni\u0142a si\u0119 po brzegi.<\/p>\n<p style=\"text-align: justify;\">\u017bonkile na naszych obsadzonych jesieni\u0105 rabatkach jeszcze nie zakwit\u0142y, wi\u0119c ka\u017cdy uczestnik spotkania otrzyma\u0142 broszk\u0119 \u017conkilow\u0105.<\/p>\n<p style=\"text-align: justify;\">W najbli\u017cszym czasie w ramach P\u00f3l Nadziei przeprowadzamy konkursy plastyczne, dyktanda oraz zbi\u00f3rki pieni\u0119\u017cne.<\/p>\n<p style=\"text-align: justify;\">Dzi\u0119kujemy wszystkim, kt\u00f3rzy przyszli na mi\u0142e spotkanie, a szczeg\u00f3lnie pani Aleksandrze za chwile zadumy i wzrusze\u0144.<\/p>\n<p style=\"text-align: justify;\">Spotkanie zorganizowa\u0142a Halina Sajdok-\u017by\u0142a oraz Ma\u0142gorzata Szklorz &#8211; wolontariuszki naszego Hospicjum.<\/p>\n<p style=\"text-align: justify;\">\n<p style=\"text-align: justify;\">\n<div id='gallery-1' class='gallery galleryid-1864 gallery-columns-3 gallery-size-thumbnail'><figure class='gallery-item'>\n\t\t\t<div class='gallery-icon landscape'>\n\t\t\t\t<a href='https:\/\/www.hospicjumcieszyn.pl\/en\/img_9732-2\/'><img loading=\"lazy\" decoding=\"async\" width=\"180\" height=\"120\" src=\"https:\/\/www.hospicjumcieszyn.pl\/wp-content\/uploads\/2015\/03\/IMG_9732-180x120.jpg\" class=\"attachment-thumbnail size-thumbnail\" alt=\"\" srcset=\"https:\/\/www.hospicjumcieszyn.pl\/wp-content\/uploads\/2015\/03\/IMG_9732-180x120.jpg 180w, https:\/\/www.hospicjumcieszyn.pl\/wp-content\/uploads\/2015\/03\/IMG_9732-363x242.jpg 363w, https:\/\/www.hospicjumcieszyn.pl\/wp-content\/uploads\/2015\/03\/IMG_9732-726x484.jpg 726w, https:\/\/www.hospicjumcieszyn.pl\/wp-content\/uploads\/2015\/03\/IMG_9732.jpg 800w\" sizes=\"(max-width: 180px) 100vw, 180px\" \/><\/a>\n\t\t\t<\/div><\/figure><figure class='gallery-item'>\n\t\t\t<div class='gallery-icon landscape'>\n\t\t\t\t<a href='https:\/\/www.hospicjumcieszyn.pl\/en\/img_9750-2\/'><img loading=\"lazy\" decoding=\"async\" width=\"180\" height=\"120\" src=\"https:\/\/www.hospicjumcieszyn.pl\/wp-content\/uploads\/2015\/03\/IMG_9750-180x120.jpg\" class=\"attachment-thumbnail size-thumbnail\" alt=\"\" srcset=\"https:\/\/www.hospicjumcieszyn.pl\/wp-content\/uploads\/2015\/03\/IMG_9750-180x120.jpg 180w, https:\/\/www.hospicjumcieszyn.pl\/wp-content\/uploads\/2015\/03\/IMG_9750-363x242.jpg 363w, https:\/\/www.hospicjumcieszyn.pl\/wp-content\/uploads\/2015\/03\/IMG_9750-726x484.jpg 726w, https:\/\/www.hospicjumcieszyn.pl\/wp-content\/uploads\/2015\/03\/IMG_9750.jpg 800w\" sizes=\"(max-width: 180px) 100vw, 180px\" \/><\/a>\n\t\t\t<\/div><\/figure><figure class='gallery-item'>\n\t\t\t<div class='gallery-icon landscape'>\n\t\t\t\t<a href='https:\/\/www.hospicjumcieszyn.pl\/en\/img_9742-2\/'><img loading=\"lazy\" decoding=\"async\" width=\"180\" height=\"117\" src=\"https:\/\/www.hospicjumcieszyn.pl\/wp-content\/uploads\/2015\/03\/IMG_9742-180x117.jpg\" class=\"attachment-thumbnail size-thumbnail\" alt=\"\" srcset=\"https:\/\/www.hospicjumcieszyn.pl\/wp-content\/uploads\/2015\/03\/IMG_9742-180x117.jpg 180w, https:\/\/www.hospicjumcieszyn.pl\/wp-content\/uploads\/2015\/03\/IMG_9742-363x235.jpg 363w, https:\/\/www.hospicjumcieszyn.pl\/wp-content\/uploads\/2015\/03\/IMG_9742-726x470.jpg 726w, https:\/\/www.hospicjumcieszyn.pl\/wp-content\/uploads\/2015\/03\/IMG_9742.jpg 800w\" sizes=\"(max-width: 180px) 100vw, 180px\" \/><\/a>\n\t\t\t<\/div><\/figure><figure class='gallery-item'>\n\t\t\t<div class='gallery-icon portrait'>\n\t\t\t\t<a href='https:\/\/www.hospicjumcieszyn.pl\/en\/img_9740-2\/'><img loading=\"lazy\" decoding=\"async\" width=\"158\" height=\"240\" src=\"https:\/\/www.hospicjumcieszyn.pl\/wp-content\/uploads\/2015\/03\/IMG_9740-158x240.jpg\" class=\"attachment-thumbnail size-thumbnail\" alt=\"\" srcset=\"https:\/\/www.hospicjumcieszyn.pl\/wp-content\/uploads\/2015\/03\/IMG_9740-158x240.jpg 158w, https:\/\/www.hospicjumcieszyn.pl\/wp-content\/uploads\/2015\/03\/IMG_9740-239x363.jpg 239w, https:\/\/www.hospicjumcieszyn.pl\/wp-content\/uploads\/2015\/03\/IMG_9740-478x726.jpg 478w, https:\/\/www.hospicjumcieszyn.pl\/wp-content\/uploads\/2015\/03\/IMG_9740.jpg 527w\" sizes=\"(max-width: 158px) 100vw, 158px\" \/><\/a>\n\t\t\t<\/div><\/figure><figure class='gallery-item'>\n\t\t\t<div class='gallery-icon landscape'>\n\t\t\t\t<a href='https:\/\/www.hospicjumcieszyn.pl\/en\/img_9730-2\/'><img loading=\"lazy\" decoding=\"async\" width=\"180\" height=\"117\" src=\"https:\/\/www.hospicjumcieszyn.pl\/wp-content\/uploads\/2015\/03\/IMG_9730-180x117.jpg\" class=\"attachment-thumbnail size-thumbnail\" alt=\"\" srcset=\"https:\/\/www.hospicjumcieszyn.pl\/wp-content\/uploads\/2015\/03\/IMG_9730-180x117.jpg 180w, https:\/\/www.hospicjumcieszyn.pl\/wp-content\/uploads\/2015\/03\/IMG_9730-363x235.jpg 363w, https:\/\/www.hospicjumcieszyn.pl\/wp-content\/uploads\/2015\/03\/IMG_9730-726x471.jpg 726w, https:\/\/www.hospicjumcieszyn.pl\/wp-content\/uploads\/2015\/03\/IMG_9730.jpg 800w\" sizes=\"(max-width: 180px) 100vw, 180px\" \/><\/a>\n\t\t\t<\/div><\/figure><figure class='gallery-item'>\n\t\t\t<div class='gallery-icon landscape'>\n\t\t\t\t<a href='https:\/\/www.hospicjumcieszyn.pl\/en\/img_9722-2\/'><img loading=\"lazy\" decoding=\"async\" width=\"180\" height=\"120\" src=\"https:\/\/www.hospicjumcieszyn.pl\/wp-content\/uploads\/2015\/03\/IMG_9722-180x120.jpg\" class=\"attachment-thumbnail size-thumbnail\" alt=\"\" srcset=\"https:\/\/www.hospicjumcieszyn.pl\/wp-content\/uploads\/2015\/03\/IMG_9722-180x120.jpg 180w, https:\/\/www.hospicjumcieszyn.pl\/wp-content\/uploads\/2015\/03\/IMG_9722-363x242.jpg 363w, https:\/\/www.hospicjumcieszyn.pl\/wp-content\/uploads\/2015\/03\/IMG_9722-726x484.jpg 726w, https:\/\/www.hospicjumcieszyn.pl\/wp-content\/uploads\/2015\/03\/IMG_9722.jpg 800w\" sizes=\"(max-width: 180px) 100vw, 180px\" \/><\/a>\n\t\t\t<\/div><\/figure><figure class='gallery-item'>\n\t\t\t<div class='gallery-icon landscape'>\n\t\t\t\t<a href='https:\/\/www.hospicjumcieszyn.pl\/en\/img_9718-2\/'><img loading=\"lazy\" decoding=\"async\" width=\"180\" height=\"117\" src=\"https:\/\/www.hospicjumcieszyn.pl\/wp-content\/uploads\/2015\/03\/IMG_9718-180x117.jpg\" class=\"attachment-thumbnail size-thumbnail\" alt=\"\" srcset=\"https:\/\/www.hospicjumcieszyn.pl\/wp-content\/uploads\/2015\/03\/IMG_9718-180x117.jpg 180w, https:\/\/www.hospicjumcieszyn.pl\/wp-content\/uploads\/2015\/03\/IMG_9718-363x236.jpg 363w, https:\/\/www.hospicjumcieszyn.pl\/wp-content\/uploads\/2015\/03\/IMG_9718-726x473.jpg 726w, https:\/\/www.hospicjumcieszyn.pl\/wp-content\/uploads\/2015\/03\/IMG_9718.jpg 800w\" sizes=\"(max-width: 180px) 100vw, 180px\" \/><\/a>\n\t\t\t<\/div><\/figure><figure class='gallery-item'>\n\t\t\t<div class='gallery-icon landscape'>\n\t\t\t\t<a href='https:\/\/www.hospicjumcieszyn.pl\/en\/img_9714-2\/'><img loading=\"lazy\" decoding=\"async\" width=\"180\" height=\"120\" src=\"https:\/\/www.hospicjumcieszyn.pl\/wp-content\/uploads\/2015\/03\/IMG_9714-180x120.jpg\" class=\"attachment-thumbnail size-thumbnail\" alt=\"\" srcset=\"https:\/\/www.hospicjumcieszyn.pl\/wp-content\/uploads\/2015\/03\/IMG_9714-180x120.jpg 180w, https:\/\/www.hospicjumcieszyn.pl\/wp-content\/uploads\/2015\/03\/IMG_9714-363x242.jpg 363w, https:\/\/www.hospicjumcieszyn.pl\/wp-content\/uploads\/2015\/03\/IMG_9714-726x484.jpg 726w, https:\/\/www.hospicjumcieszyn.pl\/wp-content\/uploads\/2015\/03\/IMG_9714.jpg 800w\" sizes=\"(max-width: 180px) 100vw, 180px\" \/><\/a>\n\t\t\t<\/div><\/figure><figure class='gallery-item'>\n\t\t\t<div class='gallery-icon landscape'>\n\t\t\t\t<a href='https:\/\/www.hospicjumcieszyn.pl\/en\/sony-dsc-33-2\/'><img loading=\"lazy\" decoding=\"async\" width=\"180\" height=\"101\" src=\"https:\/\/www.hospicjumcieszyn.pl\/wp-content\/uploads\/2015\/03\/DSC09865-180x101.jpg\" class=\"attachment-thumbnail size-thumbnail\" alt=\"\" srcset=\"https:\/\/www.hospicjumcieszyn.pl\/wp-content\/uploads\/2015\/03\/DSC09865-180x101.jpg 180w, https:\/\/www.hospicjumcieszyn.pl\/wp-content\/uploads\/2015\/03\/DSC09865-363x204.jpg 363w, https:\/\/www.hospicjumcieszyn.pl\/wp-content\/uploads\/2015\/03\/DSC09865-726x407.jpg 726w, https:\/\/www.hospicjumcieszyn.pl\/wp-content\/uploads\/2015\/03\/DSC09865.jpg 1080w\" sizes=\"(max-width: 180px) 100vw, 180px\" \/><\/a>\n\t\t\t<\/div><\/figure><figure class='gallery-item'>\n\t\t\t<div class='gallery-icon landscape'>\n\t\t\t\t<a href='https:\/\/www.hospicjumcieszyn.pl\/en\/img_9758-2\/'><img loading=\"lazy\" decoding=\"async\" width=\"180\" height=\"119\" src=\"https:\/\/www.hospicjumcieszyn.pl\/wp-content\/uploads\/2015\/03\/IMG_9758-180x119.jpg\" class=\"attachment-thumbnail size-thumbnail\" alt=\"\" srcset=\"https:\/\/www.hospicjumcieszyn.pl\/wp-content\/uploads\/2015\/03\/IMG_9758-180x119.jpg 180w, https:\/\/www.hospicjumcieszyn.pl\/wp-content\/uploads\/2015\/03\/IMG_9758-363x240.jpg 363w, https:\/\/www.hospicjumcieszyn.pl\/wp-content\/uploads\/2015\/03\/IMG_9758-726x480.jpg 726w, https:\/\/www.hospicjumcieszyn.pl\/wp-content\/uploads\/2015\/03\/IMG_9758.jpg 800w\" sizes=\"(max-width: 180px) 100vw, 180px\" \/><\/a>\n\t\t\t<\/div><\/figure>\n\t\t<\/div>\n\n","protected":false},"excerpt":{"rendered":"<p>11\u00a0marca w kawiarni NOIVA odby\u0142a si\u0119 w naszym Hospicjum wiosenna inauguracja tegorocznych P\u00f3l Nadziei. Dzi\u0119ki poetce &#8211; Aleksandrze B\u0142ahut-Kowalczyk mieli\u015bmy okazj\u0119 sp\u0119dzi\u0107 niezwykle nostalgiczny i pi\u0119kny wiecz\u00f3r. Pani Aleksandra czyta\u0142a swoje wiersze, promuj\u0105c nowy tomik &#8211; &#8220;Przystanek cisza&#8221;. Spotkaniu towarzyszy\u0142a tak\u017ce muzyka w wykonaniu Marty Bylok. Pomimo fatalnej aury, sympatycy naszego Hospicjum nie zawiedli i &#8230; <a title=\"Wiosenno-poetycka inauguracja P\u00f3l Nadziei\" class=\"read-more\" href=\"https:\/\/www.hospicjumcieszyn.pl\/en\/wiosenno-poetycka-inauguracja-pol-nadziei\/\" aria-label=\"More on Wiosenno-poetycka inauguracja P\u00f3l Nadziei\">Read more<\/a><\/p>\n","protected":false},"author":4,"featured_media":1874,"comment_status":"closed","ping_status":"closed","sticky":false,"template":"","format":"standard","meta":{"footnotes":""},"categories":[8],"tags":[],"acf":[],"_links":{"self":[{"href":"https:\/\/www.hospicjumcieszyn.pl\/en\/wp-json\/wp\/v2\/posts\/1864"}],"collection":[{"href":"https:\/\/www.hospicjumcieszyn.pl\/en\/wp-json\/wp\/v2\/posts"}],"about":[{"href":"https:\/\/www.hospicjumcieszyn.pl\/en\/wp-json\/wp\/v2\/types\/post"}],"author":[{"embeddable":true,"href":"https:\/\/www.hospicjumcieszyn.pl\/en\/wp-json\/wp\/v2\/users\/4"}],"replies":[{"embeddable":true,"href":"https:\/\/www.hospicjumcieszyn.pl\/en\/wp-json\/wp\/v2\/comments?post=1864"}],"version-history":[{"count":1,"href":"https:\/\/www.hospicjumcieszyn.pl\/en\/wp-json\/wp\/v2\/posts\/1864\/revisions"}],"predecessor-version":[{"id":1875,"href":"https:\/\/www.hospicjumcieszyn.pl\/en\/wp-json\/wp\/v2\/posts\/1864\/revisions\/1875"}],"wp:featuredmedia":[{"embeddable":true,"href":"https:\/\/www.hospicjumcieszyn.pl\/en\/wp-json\/wp\/v2\/media\/1874"}],"wp:attachment":[{"href":"https:\/\/www.hospicjumcieszyn.pl\/en\/wp-json\/wp\/v2\/media?parent=1864"}],"wp:term":[{"taxonomy":"category","embeddable":true,"href":"https:\/\/www.hospicjumcieszyn.pl\/en\/wp-json\/wp\/v2\/categories?post=1864"},{"taxonomy":"post_tag","embeddable":true,"href":"https:\/\/www.hospicjumcieszyn.pl\/en\/wp-json\/wp\/v2\/tags?post=1864"}],"curies":[{"name":"wp","href":"https:\/\/api.w.org\/{rel}","templated":true}]}}