{"id":1958,"date":"2015-05-13T21:21:53","date_gmt":"2015-05-13T19:21:53","guid":{"rendered":"https:\/\/www.hospicjumcieszyn.pl\/?p=1958"},"modified":"2015-05-13T21:21:53","modified_gmt":"2015-05-13T19:21:53","slug":"szkolenie-w-jablonkowie","status":"publish","type":"post","link":"https:\/\/www.hospicjumcieszyn.pl\/en\/szkolenie-w-jablonkowie\/","title":{"rendered":"Szkolenie w Jab\u0142onkowie"},"content":{"rendered":"<p style=\"text-align: justify;\">Weekend majowy &#8211; 1 i 2 maja &#8211; nasi wolontariusze sp\u0119dzili w uroczym miejscu u ss. El\u017cbietanek w Jab\u0142onkowie, gdzie mogli si\u0119 zapozna\u0107 z histori\u0105 domu opieki, jaki prowadz\u0105 tam siostry.<\/p>\n<p>Siostry pokaza\u0142y nam swoj\u0105 codzienn\u0105 prac\u0119 w\u015br\u00f3d os\u00f3b chorych. By\u0142a to dla wszystkich okazja, aby wiele si\u0119 nauczy\u0107 i pom\u00f3c.<\/p>\n<p>Razem z hospicjantami w tym wyje\u017adzie wzi\u0119\u0142y udzia\u0142 tak\u017ce studentki piel\u0119gniarstwa z Katowic, kt\u00f3re u nas odbywaj\u0105 praktyk\u0119.<\/p>\n<p style=\"text-align: justify;\">\n<p style=\"text-align: justify;\">\n<div id='gallery-1' class='gallery galleryid-1958 gallery-columns-3 gallery-size-thumbnail'><figure class='gallery-item'>\n\t\t\t<div class='gallery-icon landscape'>\n\t\t\t\t<a href='https:\/\/www.hospicjumcieszyn.pl\/en\/20520152957-2\/'><img loading=\"lazy\" decoding=\"async\" width=\"180\" height=\"135\" src=\"https:\/\/www.hospicjumcieszyn.pl\/wp-content\/uploads\/2015\/05\/20520152957-180x135.jpg\" class=\"attachment-thumbnail size-thumbnail\" alt=\"\" srcset=\"https:\/\/www.hospicjumcieszyn.pl\/wp-content\/uploads\/2015\/05\/20520152957-180x135.jpg 180w, https:\/\/www.hospicjumcieszyn.pl\/wp-content\/uploads\/2015\/05\/20520152957-363x272.jpg 363w, https:\/\/www.hospicjumcieszyn.pl\/wp-content\/uploads\/2015\/05\/20520152957.jpg 640w\" sizes=\"(max-width: 180px) 100vw, 180px\" \/><\/a>\n\t\t\t<\/div><\/figure><figure class='gallery-item'>\n\t\t\t<div class='gallery-icon landscape'>\n\t\t\t\t<a href='https:\/\/www.hospicjumcieszyn.pl\/en\/20520152977-2\/'><img loading=\"lazy\" decoding=\"async\" width=\"180\" height=\"135\" src=\"https:\/\/www.hospicjumcieszyn.pl\/wp-content\/uploads\/2015\/05\/20520152977-180x135.jpg\" class=\"attachment-thumbnail size-thumbnail\" alt=\"\" srcset=\"https:\/\/www.hospicjumcieszyn.pl\/wp-content\/uploads\/2015\/05\/20520152977-180x135.jpg 180w, https:\/\/www.hospicjumcieszyn.pl\/wp-content\/uploads\/2015\/05\/20520152977-363x272.jpg 363w, https:\/\/www.hospicjumcieszyn.pl\/wp-content\/uploads\/2015\/05\/20520152977.jpg 640w\" sizes=\"(max-width: 180px) 100vw, 180px\" \/><\/a>\n\t\t\t<\/div><\/figure><figure class='gallery-item'>\n\t\t\t<div class='gallery-icon landscape'>\n\t\t\t\t<a href='https:\/\/www.hospicjumcieszyn.pl\/en\/20520152962-2\/'><img loading=\"lazy\" decoding=\"async\" width=\"180\" height=\"135\" src=\"https:\/\/www.hospicjumcieszyn.pl\/wp-content\/uploads\/2015\/05\/20520152962-180x135.jpg\" class=\"attachment-thumbnail size-thumbnail\" alt=\"\" srcset=\"https:\/\/www.hospicjumcieszyn.pl\/wp-content\/uploads\/2015\/05\/20520152962-180x135.jpg 180w, https:\/\/www.hospicjumcieszyn.pl\/wp-content\/uploads\/2015\/05\/20520152962-363x272.jpg 363w, https:\/\/www.hospicjumcieszyn.pl\/wp-content\/uploads\/2015\/05\/20520152962.jpg 640w\" sizes=\"(max-width: 180px) 100vw, 180px\" \/><\/a>\n\t\t\t<\/div><\/figure><figure class='gallery-item'>\n\t\t\t<div class='gallery-icon portrait'>\n\t\t\t\t<a href='https:\/\/www.hospicjumcieszyn.pl\/en\/20520152969-2\/'><img loading=\"lazy\" decoding=\"async\" width=\"180\" height=\"240\" src=\"https:\/\/www.hospicjumcieszyn.pl\/wp-content\/uploads\/2015\/05\/20520152969-180x240.jpg\" class=\"attachment-thumbnail size-thumbnail\" alt=\"\" srcset=\"https:\/\/www.hospicjumcieszyn.pl\/wp-content\/uploads\/2015\/05\/20520152969-180x240.jpg 180w, https:\/\/www.hospicjumcieszyn.pl\/wp-content\/uploads\/2015\/05\/20520152969-272x363.jpg 272w, https:\/\/www.hospicjumcieszyn.pl\/wp-content\/uploads\/2015\/05\/20520152969.jpg 360w\" sizes=\"(max-width: 180px) 100vw, 180px\" \/><\/a>\n\t\t\t<\/div><\/figure><figure class='gallery-item'>\n\t\t\t<div class='gallery-icon portrait'>\n\t\t\t\t<a href='https:\/\/www.hospicjumcieszyn.pl\/en\/20520152975-2\/'><img loading=\"lazy\" decoding=\"async\" width=\"180\" height=\"240\" src=\"https:\/\/www.hospicjumcieszyn.pl\/wp-content\/uploads\/2015\/05\/20520152975-180x240.jpg\" class=\"attachment-thumbnail size-thumbnail\" alt=\"\" srcset=\"https:\/\/www.hospicjumcieszyn.pl\/wp-content\/uploads\/2015\/05\/20520152975-180x240.jpg 180w, https:\/\/www.hospicjumcieszyn.pl\/wp-content\/uploads\/2015\/05\/20520152975-272x363.jpg 272w, https:\/\/www.hospicjumcieszyn.pl\/wp-content\/uploads\/2015\/05\/20520152975.jpg 360w\" sizes=\"(max-width: 180px) 100vw, 180px\" \/><\/a>\n\t\t\t<\/div><\/figure>\n\t\t<\/div>\n\n<p style=\"text-align: justify;\">\n","protected":false},"excerpt":{"rendered":"<p>Weekend majowy &#8211; 1 i 2 maja &#8211; nasi wolontariusze sp\u0119dzili w uroczym miejscu u ss. El\u017cbietanek w Jab\u0142onkowie, gdzie mogli si\u0119 zapozna\u0107 z histori\u0105 domu opieki, jaki prowadz\u0105 tam siostry. Siostry pokaza\u0142y nam swoj\u0105 codzienn\u0105 prac\u0119 w\u015br\u00f3d os\u00f3b chorych. By\u0142a to dla wszystkich okazja, aby wiele si\u0119 nauczy\u0107 i pom\u00f3c. Razem z hospicjantami w &#8230; <a title=\"Szkolenie w Jab\u0142onkowie\" class=\"read-more\" href=\"https:\/\/www.hospicjumcieszyn.pl\/en\/szkolenie-w-jablonkowie\/\" aria-label=\"More on Szkolenie w Jab\u0142onkowie\">Read more<\/a><\/p>\n","protected":false},"author":4,"featured_media":1963,"comment_status":"closed","ping_status":"closed","sticky":false,"template":"","format":"standard","meta":{"footnotes":""},"categories":[6],"tags":[],"acf":[],"_links":{"self":[{"href":"https:\/\/www.hospicjumcieszyn.pl\/en\/wp-json\/wp\/v2\/posts\/1958"}],"collection":[{"href":"https:\/\/www.hospicjumcieszyn.pl\/en\/wp-json\/wp\/v2\/posts"}],"about":[{"href":"https:\/\/www.hospicjumcieszyn.pl\/en\/wp-json\/wp\/v2\/types\/post"}],"author":[{"embeddable":true,"href":"https:\/\/www.hospicjumcieszyn.pl\/en\/wp-json\/wp\/v2\/users\/4"}],"replies":[{"embeddable":true,"href":"https:\/\/www.hospicjumcieszyn.pl\/en\/wp-json\/wp\/v2\/comments?post=1958"}],"version-history":[{"count":1,"href":"https:\/\/www.hospicjumcieszyn.pl\/en\/wp-json\/wp\/v2\/posts\/1958\/revisions"}],"predecessor-version":[{"id":1964,"href":"https:\/\/www.hospicjumcieszyn.pl\/en\/wp-json\/wp\/v2\/posts\/1958\/revisions\/1964"}],"wp:featuredmedia":[{"embeddable":true,"href":"https:\/\/www.hospicjumcieszyn.pl\/en\/wp-json\/wp\/v2\/media\/1963"}],"wp:attachment":[{"href":"https:\/\/www.hospicjumcieszyn.pl\/en\/wp-json\/wp\/v2\/media?parent=1958"}],"wp:term":[{"taxonomy":"category","embeddable":true,"href":"https:\/\/www.hospicjumcieszyn.pl\/en\/wp-json\/wp\/v2\/categories?post=1958"},{"taxonomy":"post_tag","embeddable":true,"href":"https:\/\/www.hospicjumcieszyn.pl\/en\/wp-json\/wp\/v2\/tags?post=1958"}],"curies":[{"name":"wp","href":"https:\/\/api.w.org\/{rel}","templated":true}]}}