{"id":1966,"date":"2015-05-25T19:53:58","date_gmt":"2015-05-25T17:53:58","guid":{"rendered":"https:\/\/www.hospicjumcieszyn.pl\/?p=1966"},"modified":"2015-05-25T19:53:58","modified_gmt":"2015-05-25T17:53:58","slug":"wyklad-dla-wolontariuszy","status":"publish","type":"post","link":"https:\/\/www.hospicjumcieszyn.pl\/en\/wyklad-dla-wolontariuszy\/","title":{"rendered":"Wyk\u0142ad dla wolontariuszy"},"content":{"rendered":"<p style=\"text-align: justify;\">We wtorek 12 maja po tradycyjnym dy\u017curze hospicyjnym w lokalu na ul. W\u0105skiej hospicjanci mogli pos\u0142ucha\u0107 wyk\u0142adu dermatologa &#8211; pani Lucyny Basiury. Jej prezentacja dotyczy\u0142a nowotwor\u00f3w sk\u00f3ry.<\/p>\n<p style=\"text-align: justify;\">Na zako\u0144czenie uczestnicy otrzymali ksi\u0105\u017cki Piotra \u017by\u0142ki &#8211; wywiad rzeka z choruj\u0105cym na nowotw\u00f3r m\u00f3zgu ks. Janem Kaczkowskim z Hospicjum w Pucku.<\/p>\n","protected":false},"excerpt":{"rendered":"<p>We wtorek 12 maja po tradycyjnym dy\u017curze hospicyjnym w lokalu na ul. W\u0105skiej hospicjanci mogli pos\u0142ucha\u0107 wyk\u0142adu dermatologa &#8211; pani Lucyny Basiury. Jej prezentacja dotyczy\u0142a nowotwor\u00f3w sk\u00f3ry. Na zako\u0144czenie uczestnicy otrzymali ksi\u0105\u017cki Piotra \u017by\u0142ki &#8211; wywiad rzeka z choruj\u0105cym na nowotw\u00f3r m\u00f3zgu ks. Janem Kaczkowskim z Hospicjum w Pucku.<\/p>\n","protected":false},"author":4,"featured_media":0,"comment_status":"closed","ping_status":"closed","sticky":false,"template":"","format":"standard","meta":{"footnotes":""},"categories":[6],"tags":[],"acf":[],"_links":{"self":[{"href":"https:\/\/www.hospicjumcieszyn.pl\/en\/wp-json\/wp\/v2\/posts\/1966"}],"collection":[{"href":"https:\/\/www.hospicjumcieszyn.pl\/en\/wp-json\/wp\/v2\/posts"}],"about":[{"href":"https:\/\/www.hospicjumcieszyn.pl\/en\/wp-json\/wp\/v2\/types\/post"}],"author":[{"embeddable":true,"href":"https:\/\/www.hospicjumcieszyn.pl\/en\/wp-json\/wp\/v2\/users\/4"}],"replies":[{"embeddable":true,"href":"https:\/\/www.hospicjumcieszyn.pl\/en\/wp-json\/wp\/v2\/comments?post=1966"}],"version-history":[{"count":1,"href":"https:\/\/www.hospicjumcieszyn.pl\/en\/wp-json\/wp\/v2\/posts\/1966\/revisions"}],"predecessor-version":[{"id":1967,"href":"https:\/\/www.hospicjumcieszyn.pl\/en\/wp-json\/wp\/v2\/posts\/1966\/revisions\/1967"}],"wp:attachment":[{"href":"https:\/\/www.hospicjumcieszyn.pl\/en\/wp-json\/wp\/v2\/media?parent=1966"}],"wp:term":[{"taxonomy":"category","embeddable":true,"href":"https:\/\/www.hospicjumcieszyn.pl\/en\/wp-json\/wp\/v2\/categories?post=1966"},{"taxonomy":"post_tag","embeddable":true,"href":"https:\/\/www.hospicjumcieszyn.pl\/en\/wp-json\/wp\/v2\/tags?post=1966"}],"curies":[{"name":"wp","href":"https:\/\/api.w.org\/{rel}","templated":true}]}}