{"id":2029,"date":"2015-07-24T22:01:25","date_gmt":"2015-07-24T20:01:25","guid":{"rendered":"https:\/\/www.hospicjumcieszyn.pl\/?p=2029"},"modified":"2015-07-24T22:25:03","modified_gmt":"2015-07-24T20:25:03","slug":"zjazd-zonkilowych-hospicjow","status":"publish","type":"post","link":"https:\/\/www.hospicjumcieszyn.pl\/en\/zjazd-zonkilowych-hospicjow\/","title":{"rendered":"Zjazd \u017conkilowych Hospicj\u00f3w"},"content":{"rendered":"<p style=\"text-align: justify;\"><a href=\"https:\/\/www.hospicjumcieszyn.pl\/wp-content\/uploads\/2015\/07\/100_1294.jpg\"><img loading=\"lazy\" decoding=\"async\" class=\"alignright  wp-image-2030\" src=\"https:\/\/www.hospicjumcieszyn.pl\/wp-content\/uploads\/2015\/07\/100_1294-363x272.jpg\" alt=\"100_1294\" width=\"218\" height=\"163\" srcset=\"https:\/\/www.hospicjumcieszyn.pl\/wp-content\/uploads\/2015\/07\/100_1294-363x272.jpg 363w, https:\/\/www.hospicjumcieszyn.pl\/wp-content\/uploads\/2015\/07\/100_1294-180x135.jpg 180w, https:\/\/www.hospicjumcieszyn.pl\/wp-content\/uploads\/2015\/07\/100_1294-726x545.jpg 726w, https:\/\/www.hospicjumcieszyn.pl\/wp-content\/uploads\/2015\/07\/100_1294.jpg 2048w\" sizes=\"(max-width: 218px) 100vw, 218px\" \/><\/a>4 i 5 lipca w Krakowie odby\u0142 si\u0119 coroczny zjazd Hospicj\u00f3w, zaanga\u017cowanych w kampani\u0119 Pola Nadziei.<\/p>\n<p style=\"text-align: justify;\">Jak zawsze, by\u0142 to cenny czas relacjonowania dzia\u0142a\u0144, podejmowanych w ramach kampanii oraz dzielenia si\u0119 do\u015bwiadczeniami z innymi.<\/p>\n<p style=\"text-align: justify;\">Nasze Hospicjum reprezentowa\u0142y dwie wolontariuszki: Halina Sajdok-\u017by\u0142a i Ma\u0142gorzata Szklorz.<\/p>\n","protected":false},"excerpt":{"rendered":"<p>4 i 5 lipca w Krakowie odby\u0142 si\u0119 coroczny zjazd Hospicj\u00f3w, zaanga\u017cowanych w kampani\u0119 Pola Nadziei. Jak zawsze, by\u0142 to cenny czas relacjonowania dzia\u0142a\u0144, podejmowanych w ramach kampanii oraz dzielenia si\u0119 do\u015bwiadczeniami z innymi. Nasze Hospicjum reprezentowa\u0142y dwie wolontariuszki: Halina Sajdok-\u017by\u0142a i Ma\u0142gorzata Szklorz.<\/p>\n","protected":false},"author":4,"featured_media":2030,"comment_status":"closed","ping_status":"closed","sticky":false,"template":"","format":"standard","meta":{"footnotes":""},"categories":[8],"tags":[],"acf":[],"_links":{"self":[{"href":"https:\/\/www.hospicjumcieszyn.pl\/en\/wp-json\/wp\/v2\/posts\/2029"}],"collection":[{"href":"https:\/\/www.hospicjumcieszyn.pl\/en\/wp-json\/wp\/v2\/posts"}],"about":[{"href":"https:\/\/www.hospicjumcieszyn.pl\/en\/wp-json\/wp\/v2\/types\/post"}],"author":[{"embeddable":true,"href":"https:\/\/www.hospicjumcieszyn.pl\/en\/wp-json\/wp\/v2\/users\/4"}],"replies":[{"embeddable":true,"href":"https:\/\/www.hospicjumcieszyn.pl\/en\/wp-json\/wp\/v2\/comments?post=2029"}],"version-history":[{"count":2,"href":"https:\/\/www.hospicjumcieszyn.pl\/en\/wp-json\/wp\/v2\/posts\/2029\/revisions"}],"predecessor-version":[{"id":2036,"href":"https:\/\/www.hospicjumcieszyn.pl\/en\/wp-json\/wp\/v2\/posts\/2029\/revisions\/2036"}],"wp:featuredmedia":[{"embeddable":true,"href":"https:\/\/www.hospicjumcieszyn.pl\/en\/wp-json\/wp\/v2\/media\/2030"}],"wp:attachment":[{"href":"https:\/\/www.hospicjumcieszyn.pl\/en\/wp-json\/wp\/v2\/media?parent=2029"}],"wp:term":[{"taxonomy":"category","embeddable":true,"href":"https:\/\/www.hospicjumcieszyn.pl\/en\/wp-json\/wp\/v2\/categories?post=2029"},{"taxonomy":"post_tag","embeddable":true,"href":"https:\/\/www.hospicjumcieszyn.pl\/en\/wp-json\/wp\/v2\/tags?post=2029"}],"curies":[{"name":"wp","href":"https:\/\/api.w.org\/{rel}","templated":true}]}}