{"id":2032,"date":"2015-07-24T22:12:14","date_gmt":"2015-07-24T20:12:14","guid":{"rendered":"https:\/\/www.hospicjumcieszyn.pl\/?p=2032"},"modified":"2015-07-24T22:18:56","modified_gmt":"2015-07-24T20:18:56","slug":"swiadectwo-rekolekcyjne","status":"publish","type":"post","link":"https:\/\/www.hospicjumcieszyn.pl\/en\/swiadectwo-rekolekcyjne\/","title":{"rendered":"\u015awiadectwo rekolekcyjne"},"content":{"rendered":"<p style=\"text-align: justify;\"><a href=\"https:\/\/www.hospicjumcieszyn.pl\/wp-content\/uploads\/2015\/07\/IMAG0269.jpg\"><img loading=\"lazy\" decoding=\"async\" class=\"alignright size-medium wp-image-2033\" src=\"https:\/\/www.hospicjumcieszyn.pl\/wp-content\/uploads\/2015\/07\/IMAG0269-363x272.jpg\" alt=\"IMAG0269\" width=\"363\" height=\"272\" srcset=\"https:\/\/www.hospicjumcieszyn.pl\/wp-content\/uploads\/2015\/07\/IMAG0269-363x272.jpg 363w, https:\/\/www.hospicjumcieszyn.pl\/wp-content\/uploads\/2015\/07\/IMAG0269-180x135.jpg 180w, https:\/\/www.hospicjumcieszyn.pl\/wp-content\/uploads\/2015\/07\/IMAG0269-726x543.jpg 726w, https:\/\/www.hospicjumcieszyn.pl\/wp-content\/uploads\/2015\/07\/IMAG0269.jpg 2032w\" sizes=\"(max-width: 363px) 100vw, 363px\" \/><\/a>W dniach 19-21 czerwca nasze wolontariuszki &#8211; Asia i Jola, przebywa\u0142y na rekolekcjach hospicyjnych w Kokoszycach.<\/p>\n<p style=\"text-align: justify;\">Oto \u015bwiadectwo jednej z nich:<\/p>\n<p style=\"text-align: justify;\"><em>&#8220;Kto nie mi\u0142uje brata swego, kt\u00f3rego widzi, nie mo\u017ce mi\u0142owa\u0107 Boga, kt\u00f3rego nie widzi&#8221;\u00a0\/\u015bw. Jan\/<\/em><\/p>\n<p style=\"text-align: justify;\"><em>Te s\u0142owa wypowiedziane na jednej z konferencji przez ks. Wojciecha Bartoszka najbardziej dotkn\u0119\u0142y mojego serca.<\/em><\/p>\n<p style=\"text-align: justify;\"><em>Na mi\u0142o\u015bci przecie\u017c oparta jest ca\u0142a pos\u0142uga hospicyjna i bez niej, czyli bez Boga, nic nie mog\u0142abym zrobi\u0107.<\/em><\/p>\n<p style=\"text-align: justify;\"><em>Mi\u0142o\u015b\u0107 nadaje mojemu \u017cyciu sens.<\/em><\/p>\n<p style=\"text-align: justify;\"><em>Ka\u017cde prze\u017cyte rekolekcje to dla mnie czas wyciszenia, czas wi\u0119kszej wi\u0119zi z Jezusem, czas przemy\u015blenia swojego post\u0119powania, czas zrozumienia samej siebie. A przede wszystkim czas kolejnego nawr\u00f3cenia poprzez sakrament pokuty i uwielbienia za wszystko, co daje mi w \u017cyciu.<\/em><\/p>\n<p style=\"text-align: justify;\"><em>W takich rekolekcjach powinien wzi\u0105\u0107 udzia\u0142 ka\u017cdy wolontariusz przynajmniej raz w roku.<\/em><\/p>\n<p style=\"text-align: justify;\"><em>O\u015brodek rekolekcyjny w Kokoszycach jest po\u0142o\u017cony w starym parku, w s\u0105siedztwie stadniny koni.<\/em><\/p>\n<p style=\"text-align: justify;\"><em>Miejsce jest naprawd\u0119 przepi\u0119kne: pe\u0142ne zieleni i \u015bpiewu ptak\u00f3w &#8211;<\/em><br \/>\n<em> idealne dla wyciszenia i wi\u0119kszego kontaktu z pi\u0119knem przyrody i z jej Stw\u00f3rc\u0105.<\/em><\/p>\n<p style=\"text-align: justify;\"><em>\u00a0 \u00a0 \u00a0 \u00a0 \u00a0 \u00a0 \u00a0 \u00a0 \u00a0 \u00a0 \u00a0 \u00a0 \u00a0 \u00a0 \u00a0 \u00a0 \u00a0 \u00a0 \u00a0 \u00a0 \u00a0 \u00a0 \u00a0 \u00a0 \u00a0 \u00a0 \u00a0 \u00a0 \u00a0 \u00a0 \u00a0 \u00a0 \u00a0 Jola<\/em><\/p>\n","protected":false},"excerpt":{"rendered":"<p>W dniach 19-21 czerwca nasze wolontariuszki &#8211; Asia i Jola, przebywa\u0142y na rekolekcjach hospicyjnych w Kokoszycach. Oto \u015bwiadectwo jednej z nich: &#8220;Kto nie mi\u0142uje brata swego, kt\u00f3rego widzi, nie mo\u017ce mi\u0142owa\u0107 Boga, kt\u00f3rego nie widzi&#8221;\u00a0\/\u015bw. Jan\/ Te s\u0142owa wypowiedziane na jednej z konferencji przez ks. Wojciecha Bartoszka najbardziej dotkn\u0119\u0142y mojego serca. Na mi\u0142o\u015bci przecie\u017c oparta &#8230; <a title=\"\u015awiadectwo rekolekcyjne\" class=\"read-more\" href=\"https:\/\/www.hospicjumcieszyn.pl\/en\/swiadectwo-rekolekcyjne\/\" aria-label=\"More on \u015awiadectwo rekolekcyjne\">Read more<\/a><\/p>\n","protected":false},"author":4,"featured_media":2033,"comment_status":"closed","ping_status":"closed","sticky":false,"template":"","format":"standard","meta":{"footnotes":""},"categories":[6],"tags":[],"acf":[],"_links":{"self":[{"href":"https:\/\/www.hospicjumcieszyn.pl\/en\/wp-json\/wp\/v2\/posts\/2032"}],"collection":[{"href":"https:\/\/www.hospicjumcieszyn.pl\/en\/wp-json\/wp\/v2\/posts"}],"about":[{"href":"https:\/\/www.hospicjumcieszyn.pl\/en\/wp-json\/wp\/v2\/types\/post"}],"author":[{"embeddable":true,"href":"https:\/\/www.hospicjumcieszyn.pl\/en\/wp-json\/wp\/v2\/users\/4"}],"replies":[{"embeddable":true,"href":"https:\/\/www.hospicjumcieszyn.pl\/en\/wp-json\/wp\/v2\/comments?post=2032"}],"version-history":[{"count":2,"href":"https:\/\/www.hospicjumcieszyn.pl\/en\/wp-json\/wp\/v2\/posts\/2032\/revisions"}],"predecessor-version":[{"id":2035,"href":"https:\/\/www.hospicjumcieszyn.pl\/en\/wp-json\/wp\/v2\/posts\/2032\/revisions\/2035"}],"wp:featuredmedia":[{"embeddable":true,"href":"https:\/\/www.hospicjumcieszyn.pl\/en\/wp-json\/wp\/v2\/media\/2033"}],"wp:attachment":[{"href":"https:\/\/www.hospicjumcieszyn.pl\/en\/wp-json\/wp\/v2\/media?parent=2032"}],"wp:term":[{"taxonomy":"category","embeddable":true,"href":"https:\/\/www.hospicjumcieszyn.pl\/en\/wp-json\/wp\/v2\/categories?post=2032"},{"taxonomy":"post_tag","embeddable":true,"href":"https:\/\/www.hospicjumcieszyn.pl\/en\/wp-json\/wp\/v2\/tags?post=2032"}],"curies":[{"name":"wp","href":"https:\/\/api.w.org\/{rel}","templated":true}]}}