{"id":2189,"date":"2015-12-22T23:03:07","date_gmt":"2015-12-22T22:03:07","guid":{"rendered":"https:\/\/www.hospicjumcieszyn.pl\/?p=2189"},"modified":"2015-12-22T23:07:46","modified_gmt":"2015-12-22T22:07:46","slug":"blogoslawionych-swiat","status":"publish","type":"post","link":"https:\/\/www.hospicjumcieszyn.pl\/en\/blogoslawionych-swiat\/","title":{"rendered":"B\u0142ogos\u0142awionych \u015awi\u0105t!"},"content":{"rendered":"<p style=\"text-align: justify;\"><em><img loading=\"lazy\" decoding=\"async\" class=\"alignright size-medium wp-image-2190\" src=\"https:\/\/www.hospicjumcieszyn.pl\/wp-content\/uploads\/2015\/12\/IMG_3228-363x242.jpg\" alt=\"IMG_3228\" width=\"363\" height=\"242\" srcset=\"https:\/\/www.hospicjumcieszyn.pl\/wp-content\/uploads\/2015\/12\/IMG_3228-363x242.jpg 363w, https:\/\/www.hospicjumcieszyn.pl\/wp-content\/uploads\/2015\/12\/IMG_3228-180x120.jpg 180w, https:\/\/www.hospicjumcieszyn.pl\/wp-content\/uploads\/2015\/12\/IMG_3228-768x512.jpg 768w, https:\/\/www.hospicjumcieszyn.pl\/wp-content\/uploads\/2015\/12\/IMG_3228-726x484.jpg 726w, https:\/\/www.hospicjumcieszyn.pl\/wp-content\/uploads\/2015\/12\/IMG_3228.jpg 1600w\" sizes=\"(max-width: 363px) 100vw, 363px\" \/>\u201eujrzeli\u015bmy bowiem Jego gwiazd\u0119&#8230;\u201d (Mt 2,2)<\/em><br \/>\n<em> ujrzeli\u015bmy j\u0105 <\/em><br \/>\n<em> w skrawkach \u015bwiata pocz\u0119tych ze \u015bwiat\u0142a:<\/em><br \/>\n<em> w mi\u0142o\u015bci rado\u015bci u\u015bmiechu<br \/>\n<\/em><em>\u0142zach b\u00f3lu t\u0119sknocie<br \/>\noczekiwaniu marzeniu<\/em><br \/>\n<em> i poszli\u015bmy za ni\u0105<\/em><\/p>\n<p><em>zaprowadzi\u0142a nas<br \/>\ndo brudnej szopy cz\u0142owiecze\u0144stwa<\/em><br \/>\n<em> w kt\u00f3rej znale\u017ali\u015bmy <\/em><br \/>\n<em> Boga o imieniu Emmanuel<\/em><\/p>\n<p><em>przyszed\u0142<\/em><br \/>\n<em> JEST<\/em><\/p>\n<p style=\"text-align: justify;\">Niech bliska obecno\u015b\u0107 Tego, Kt\u00f3ry JEST przepe\u0142nia nas w czasie nadchodz\u0105cych \u015awi\u0105t oraz ka\u017cdego dnia Nowego 2016 Roku!<\/p>\n<p style=\"text-align: justify;\">Zarz\u0105d i Wolontariusze Hospicjum<\/p>\n","protected":false},"excerpt":{"rendered":"<p>\u201eujrzeli\u015bmy bowiem Jego gwiazd\u0119&#8230;\u201d (Mt 2,2) ujrzeli\u015bmy j\u0105 w skrawkach \u015bwiata pocz\u0119tych ze \u015bwiat\u0142a: w mi\u0142o\u015bci rado\u015bci u\u015bmiechu \u0142zach b\u00f3lu t\u0119sknocie oczekiwaniu marzeniu i poszli\u015bmy za ni\u0105 zaprowadzi\u0142a nas do brudnej szopy cz\u0142owiecze\u0144stwa w kt\u00f3rej znale\u017ali\u015bmy Boga o imieniu Emmanuel przyszed\u0142 JEST Niech bliska obecno\u015b\u0107 Tego, Kt\u00f3ry JEST przepe\u0142nia nas w czasie nadchodz\u0105cych \u015awi\u0105t oraz &#8230; <a title=\"B\u0142ogos\u0142awionych \u015awi\u0105t!\" class=\"read-more\" href=\"https:\/\/www.hospicjumcieszyn.pl\/en\/blogoslawionych-swiat\/\" aria-label=\"More on B\u0142ogos\u0142awionych \u015awi\u0105t!\">Read more<\/a><\/p>\n","protected":false},"author":4,"featured_media":2190,"comment_status":"closed","ping_status":"closed","sticky":false,"template":"","format":"standard","meta":{"footnotes":""},"categories":[1],"tags":[],"acf":[],"_links":{"self":[{"href":"https:\/\/www.hospicjumcieszyn.pl\/en\/wp-json\/wp\/v2\/posts\/2189"}],"collection":[{"href":"https:\/\/www.hospicjumcieszyn.pl\/en\/wp-json\/wp\/v2\/posts"}],"about":[{"href":"https:\/\/www.hospicjumcieszyn.pl\/en\/wp-json\/wp\/v2\/types\/post"}],"author":[{"embeddable":true,"href":"https:\/\/www.hospicjumcieszyn.pl\/en\/wp-json\/wp\/v2\/users\/4"}],"replies":[{"embeddable":true,"href":"https:\/\/www.hospicjumcieszyn.pl\/en\/wp-json\/wp\/v2\/comments?post=2189"}],"version-history":[{"count":3,"href":"https:\/\/www.hospicjumcieszyn.pl\/en\/wp-json\/wp\/v2\/posts\/2189\/revisions"}],"predecessor-version":[{"id":2193,"href":"https:\/\/www.hospicjumcieszyn.pl\/en\/wp-json\/wp\/v2\/posts\/2189\/revisions\/2193"}],"wp:featuredmedia":[{"embeddable":true,"href":"https:\/\/www.hospicjumcieszyn.pl\/en\/wp-json\/wp\/v2\/media\/2190"}],"wp:attachment":[{"href":"https:\/\/www.hospicjumcieszyn.pl\/en\/wp-json\/wp\/v2\/media?parent=2189"}],"wp:term":[{"taxonomy":"category","embeddable":true,"href":"https:\/\/www.hospicjumcieszyn.pl\/en\/wp-json\/wp\/v2\/categories?post=2189"},{"taxonomy":"post_tag","embeddable":true,"href":"https:\/\/www.hospicjumcieszyn.pl\/en\/wp-json\/wp\/v2\/tags?post=2189"}],"curies":[{"name":"wp","href":"https:\/\/api.w.org\/{rel}","templated":true}]}}