{"id":2204,"date":"2016-01-19T20:29:56","date_gmt":"2016-01-19T19:29:56","guid":{"rendered":"https:\/\/www.hospicjumcieszyn.pl\/?p=2204"},"modified":"2016-01-19T20:29:56","modified_gmt":"2016-01-19T19:29:56","slug":"zabrzmiala-koleda","status":"publish","type":"post","link":"https:\/\/www.hospicjumcieszyn.pl\/en\/zabrzmiala-koleda\/","title":{"rendered":"Zabrzmia\u0142a kol\u0119da"},"content":{"rendered":"<p style=\"text-align: justify;\"><img loading=\"lazy\" decoding=\"async\" class=\"alignright size-medium wp-image-2205\" src=\"https:\/\/www.hospicjumcieszyn.pl\/wp-content\/uploads\/2016\/01\/100120163886-272x363.jpg\" alt=\"100120163886\" width=\"272\" height=\"363\" srcset=\"https:\/\/www.hospicjumcieszyn.pl\/wp-content\/uploads\/2016\/01\/100120163886-272x363.jpg 272w, https:\/\/www.hospicjumcieszyn.pl\/wp-content\/uploads\/2016\/01\/100120163886-180x240.jpg 180w, https:\/\/www.hospicjumcieszyn.pl\/wp-content\/uploads\/2016\/01\/100120163886-768x1024.jpg 768w, https:\/\/www.hospicjumcieszyn.pl\/wp-content\/uploads\/2016\/01\/100120163886-545x726.jpg 545w, https:\/\/www.hospicjumcieszyn.pl\/wp-content\/uploads\/2016\/01\/100120163886.jpg 1536w\" sizes=\"(max-width: 272px) 100vw, 272px\" \/>W niedziel\u0119 10 stycznia o godzinie 17.oo w ko\u015bciele p. w. \u015bw. Marii Magdaleny w Cieszynie odby\u0142 si\u0119 tradycyjny koncert kol\u0119dowy organizowany przez Macierz Ziemi Cieszy\u0144skiej ko\u0142o nr 6 na rzecz Hospicjum im. \u0141ukasza Ewangelisty.<\/p>\n<p style=\"text-align: justify;\">Tym razem wyst\u0105pili:\u00a0Ch\u00f3r Zespo\u0142u Pie\u015bni i Ta\u0144ca Ziemi Cieszy\u0144skiej,\u00a0Ch\u00f3r Parafii Ewangelickiej z Trzanowic,\u00a0Ch\u00f3r M\u0119ski Gorol z Jab\u0142onkowa oraz\u00a0Ch\u00f3r Wy\u017cszobramski.<\/p>\n<p style=\"text-align: justify;\">Dopisa\u0142a publiczno\u015b\u0107, dzi\u0119ki czemu wolontariusze zebrali poka\u017an\u0105 sum\u0119 w wysoko\u015bci\u00a01723 z\u0142 i ponad 2000 koron czeskich \ud83d\ude42<\/p>\n<p style=\"text-align: justify;\">Dzi\u0119kujemy Organizatorom i Gospodarzowi miejsca w osobie ks. proboszcza Jacka Gracza.<\/p>\n","protected":false},"excerpt":{"rendered":"<p>W niedziel\u0119 10 stycznia o godzinie 17.oo w ko\u015bciele p. w. \u015bw. Marii Magdaleny w Cieszynie odby\u0142 si\u0119 tradycyjny koncert kol\u0119dowy organizowany przez Macierz Ziemi Cieszy\u0144skiej ko\u0142o nr 6 na rzecz Hospicjum im. \u0141ukasza Ewangelisty. Tym razem wyst\u0105pili:\u00a0Ch\u00f3r Zespo\u0142u Pie\u015bni i Ta\u0144ca Ziemi Cieszy\u0144skiej,\u00a0Ch\u00f3r Parafii Ewangelickiej z Trzanowic,\u00a0Ch\u00f3r M\u0119ski Gorol z Jab\u0142onkowa oraz\u00a0Ch\u00f3r Wy\u017cszobramski. Dopisa\u0142a &#8230; <a title=\"Zabrzmia\u0142a kol\u0119da\" class=\"read-more\" href=\"https:\/\/www.hospicjumcieszyn.pl\/en\/zabrzmiala-koleda\/\" aria-label=\"More on Zabrzmia\u0142a kol\u0119da\">Read more<\/a><\/p>\n","protected":false},"author":4,"featured_media":2205,"comment_status":"closed","ping_status":"closed","sticky":false,"template":"","format":"standard","meta":{"footnotes":""},"categories":[1],"tags":[],"acf":[],"_links":{"self":[{"href":"https:\/\/www.hospicjumcieszyn.pl\/en\/wp-json\/wp\/v2\/posts\/2204"}],"collection":[{"href":"https:\/\/www.hospicjumcieszyn.pl\/en\/wp-json\/wp\/v2\/posts"}],"about":[{"href":"https:\/\/www.hospicjumcieszyn.pl\/en\/wp-json\/wp\/v2\/types\/post"}],"author":[{"embeddable":true,"href":"https:\/\/www.hospicjumcieszyn.pl\/en\/wp-json\/wp\/v2\/users\/4"}],"replies":[{"embeddable":true,"href":"https:\/\/www.hospicjumcieszyn.pl\/en\/wp-json\/wp\/v2\/comments?post=2204"}],"version-history":[{"count":1,"href":"https:\/\/www.hospicjumcieszyn.pl\/en\/wp-json\/wp\/v2\/posts\/2204\/revisions"}],"predecessor-version":[{"id":2206,"href":"https:\/\/www.hospicjumcieszyn.pl\/en\/wp-json\/wp\/v2\/posts\/2204\/revisions\/2206"}],"wp:featuredmedia":[{"embeddable":true,"href":"https:\/\/www.hospicjumcieszyn.pl\/en\/wp-json\/wp\/v2\/media\/2205"}],"wp:attachment":[{"href":"https:\/\/www.hospicjumcieszyn.pl\/en\/wp-json\/wp\/v2\/media?parent=2204"}],"wp:term":[{"taxonomy":"category","embeddable":true,"href":"https:\/\/www.hospicjumcieszyn.pl\/en\/wp-json\/wp\/v2\/categories?post=2204"},{"taxonomy":"post_tag","embeddable":true,"href":"https:\/\/www.hospicjumcieszyn.pl\/en\/wp-json\/wp\/v2\/tags?post=2204"}],"curies":[{"name":"wp","href":"https:\/\/api.w.org\/{rel}","templated":true}]}}