{"id":2228,"date":"2016-01-30T22:40:02","date_gmt":"2016-01-30T21:40:02","guid":{"rendered":"https:\/\/www.hospicjumcieszyn.pl\/?p=2228"},"modified":"2016-01-31T12:39:26","modified_gmt":"2016-01-31T11:39:26","slug":"jaselka-dla-hospicjum-2","status":"publish","type":"post","link":"https:\/\/www.hospicjumcieszyn.pl\/en\/jaselka-dla-hospicjum-2\/","title":{"rendered":"Jase\u0142ka dla Hospicjum"},"content":{"rendered":"<p style=\"text-align: justify;\"><img loading=\"lazy\" decoding=\"async\" class=\"alignright size-medium wp-image-2229\" src=\"https:\/\/www.hospicjumcieszyn.pl\/wp-content\/uploads\/2016\/01\/100_1839-363x272.jpg\" alt=\"100_1839\" width=\"363\" height=\"272\" srcset=\"https:\/\/www.hospicjumcieszyn.pl\/wp-content\/uploads\/2016\/01\/100_1839-363x272.jpg 363w, https:\/\/www.hospicjumcieszyn.pl\/wp-content\/uploads\/2016\/01\/100_1839-180x135.jpg 180w, https:\/\/www.hospicjumcieszyn.pl\/wp-content\/uploads\/2016\/01\/100_1839-768x576.jpg 768w, https:\/\/www.hospicjumcieszyn.pl\/wp-content\/uploads\/2016\/01\/100_1839-726x545.jpg 726w, https:\/\/www.hospicjumcieszyn.pl\/wp-content\/uploads\/2016\/01\/100_1839.jpg 2048w\" sizes=\"(max-width: 363px) 100vw, 363px\" \/>W niedziel\u0119 24 stycznia w Cieszynie Krasnej w parafii \u00a0Naj\u015bwi\u0119tszego Serca Pana Jezusa odby\u0142o si\u0119 przedstawienie jase\u0142kowe w wykonaniu uczni\u00f3w zaprzyja\u017anionej Szko\u0142y Podstawowej nr 7.<\/p>\n<p style=\"text-align: justify;\">Jase\u0142ka by\u0142y w spos\u00f3b szczeg\u00f3lny zadedykowane Babciom i Dziadkom z okazji Ich \u015bwi\u0119ta.<\/p>\n<p style=\"text-align: justify;\">Po Jase\u0142kach zosta\u0142a przeprowadzona kwesta na potrzeby naszego Hospicjum, podczas kt\u00f3rej uda\u0142o si\u0119 zebra\u0107 1014,10 z\u0142 \ud83d\ude42<\/p>\n<p style=\"text-align: justify;\">Serdecznie dzi\u0119kujemy uczniom i nauczycielom za jase\u0142kowe wzruszenia, a wszystkim, kt\u00f3rzy nas wsparli podczas kwesty za hojne i otwarte serca!<\/p>\n<p style=\"text-align: justify;\">\n","protected":false},"excerpt":{"rendered":"<p>W niedziel\u0119 24 stycznia w Cieszynie Krasnej w parafii \u00a0Naj\u015bwi\u0119tszego Serca Pana Jezusa odby\u0142o si\u0119 przedstawienie jase\u0142kowe w wykonaniu uczni\u00f3w zaprzyja\u017anionej Szko\u0142y Podstawowej nr 7. Jase\u0142ka by\u0142y w spos\u00f3b szczeg\u00f3lny zadedykowane Babciom i Dziadkom z okazji Ich \u015bwi\u0119ta. Po Jase\u0142kach zosta\u0142a przeprowadzona kwesta na potrzeby naszego Hospicjum, podczas kt\u00f3rej uda\u0142o si\u0119 zebra\u0107 1014,10 z\u0142 \ud83d\ude42 &#8230; <a title=\"Jase\u0142ka dla Hospicjum\" class=\"read-more\" href=\"https:\/\/www.hospicjumcieszyn.pl\/en\/jaselka-dla-hospicjum-2\/\" aria-label=\"More on Jase\u0142ka dla Hospicjum\">Read more<\/a><\/p>\n","protected":false},"author":4,"featured_media":2229,"comment_status":"closed","ping_status":"closed","sticky":false,"template":"","format":"standard","meta":{"footnotes":""},"categories":[1],"tags":[],"acf":[],"_links":{"self":[{"href":"https:\/\/www.hospicjumcieszyn.pl\/en\/wp-json\/wp\/v2\/posts\/2228"}],"collection":[{"href":"https:\/\/www.hospicjumcieszyn.pl\/en\/wp-json\/wp\/v2\/posts"}],"about":[{"href":"https:\/\/www.hospicjumcieszyn.pl\/en\/wp-json\/wp\/v2\/types\/post"}],"author":[{"embeddable":true,"href":"https:\/\/www.hospicjumcieszyn.pl\/en\/wp-json\/wp\/v2\/users\/4"}],"replies":[{"embeddable":true,"href":"https:\/\/www.hospicjumcieszyn.pl\/en\/wp-json\/wp\/v2\/comments?post=2228"}],"version-history":[{"count":1,"href":"https:\/\/www.hospicjumcieszyn.pl\/en\/wp-json\/wp\/v2\/posts\/2228\/revisions"}],"predecessor-version":[{"id":2230,"href":"https:\/\/www.hospicjumcieszyn.pl\/en\/wp-json\/wp\/v2\/posts\/2228\/revisions\/2230"}],"wp:featuredmedia":[{"embeddable":true,"href":"https:\/\/www.hospicjumcieszyn.pl\/en\/wp-json\/wp\/v2\/media\/2229"}],"wp:attachment":[{"href":"https:\/\/www.hospicjumcieszyn.pl\/en\/wp-json\/wp\/v2\/media?parent=2228"}],"wp:term":[{"taxonomy":"category","embeddable":true,"href":"https:\/\/www.hospicjumcieszyn.pl\/en\/wp-json\/wp\/v2\/categories?post=2228"},{"taxonomy":"post_tag","embeddable":true,"href":"https:\/\/www.hospicjumcieszyn.pl\/en\/wp-json\/wp\/v2\/tags?post=2228"}],"curies":[{"name":"wp","href":"https:\/\/api.w.org\/{rel}","templated":true}]}}