{"id":2231,"date":"2016-02-01T20:30:00","date_gmt":"2016-02-01T19:30:00","guid":{"rendered":"https:\/\/www.hospicjumcieszyn.pl\/?p=2231"},"modified":"2016-02-11T20:29:16","modified_gmt":"2016-02-11T19:29:16","slug":"pomagamy-jak-mozemy","status":"publish","type":"post","link":"https:\/\/www.hospicjumcieszyn.pl\/en\/pomagamy-jak-mozemy\/","title":{"rendered":"Pomagamy, jak mo\u017cemy"},"content":{"rendered":"<p style=\"text-align: justify;\">Nasze Stowarzyszenie, dzi\u0119ki wielu otwartym sercom, mo\u017ce wspiera\u0107 potrzebuj\u0105cych mieszka\u0144c\u00f3w ca\u0142ego Powiatu, znajduj\u0105cych si\u0119\u00a0pod opiek\u0105 Hospicjum im. \u0141ukasza Ewangelisty. W tym roku uda\u0142o nam si\u0119 zakupi\u0107 i wypo\u017cyczy\u0107 pani Beacie pomp\u0119 infuzyjn\u0105, bez kt\u00f3rej nasza pacjentka raczej nie mog\u0142aby funkcjonowa\u0107. Koszt pompy, przekraczaj\u0105cy nieznacznie 3000 z\u0142, Hospicjum sfinansowa\u0142o w ca\u0142o\u015bci.<\/p>\n<div id='gallery-1' class='gallery galleryid-2231 gallery-columns-3 gallery-size-thumbnail'><figure class='gallery-item'>\n\t\t\t<div class='gallery-icon landscape'>\n\t\t\t\t<a href='https:\/\/www.hospicjumcieszyn.pl\/en\/260120163915-2\/'><img loading=\"lazy\" decoding=\"async\" width=\"180\" height=\"135\" src=\"https:\/\/www.hospicjumcieszyn.pl\/wp-content\/uploads\/2016\/02\/260120163915-180x135.jpg\" class=\"attachment-thumbnail size-thumbnail\" alt=\"\" srcset=\"https:\/\/www.hospicjumcieszyn.pl\/wp-content\/uploads\/2016\/02\/260120163915-180x135.jpg 180w, https:\/\/www.hospicjumcieszyn.pl\/wp-content\/uploads\/2016\/02\/260120163915-363x272.jpg 363w, https:\/\/www.hospicjumcieszyn.pl\/wp-content\/uploads\/2016\/02\/260120163915-768x576.jpg 768w, https:\/\/www.hospicjumcieszyn.pl\/wp-content\/uploads\/2016\/02\/260120163915-726x545.jpg 726w, https:\/\/www.hospicjumcieszyn.pl\/wp-content\/uploads\/2016\/02\/260120163915.jpg 2048w\" sizes=\"(max-width: 180px) 100vw, 180px\" \/><\/a>\n\t\t\t<\/div><\/figure><figure class='gallery-item'>\n\t\t\t<div class='gallery-icon landscape'>\n\t\t\t\t<a href='https:\/\/www.hospicjumcieszyn.pl\/en\/260120163916-2\/'><img loading=\"lazy\" decoding=\"async\" width=\"180\" height=\"135\" src=\"https:\/\/www.hospicjumcieszyn.pl\/wp-content\/uploads\/2016\/02\/260120163916-180x135.jpg\" class=\"attachment-thumbnail size-thumbnail\" alt=\"\" srcset=\"https:\/\/www.hospicjumcieszyn.pl\/wp-content\/uploads\/2016\/02\/260120163916-180x135.jpg 180w, https:\/\/www.hospicjumcieszyn.pl\/wp-content\/uploads\/2016\/02\/260120163916-363x272.jpg 363w, https:\/\/www.hospicjumcieszyn.pl\/wp-content\/uploads\/2016\/02\/260120163916-768x576.jpg 768w, https:\/\/www.hospicjumcieszyn.pl\/wp-content\/uploads\/2016\/02\/260120163916-726x545.jpg 726w, https:\/\/www.hospicjumcieszyn.pl\/wp-content\/uploads\/2016\/02\/260120163916.jpg 2048w\" sizes=\"(max-width: 180px) 100vw, 180px\" \/><\/a>\n\t\t\t<\/div><\/figure>\n\t\t<\/div>\n\n<p style=\"text-align: justify;\">\n","protected":false},"excerpt":{"rendered":"<p>Nasze Stowarzyszenie, dzi\u0119ki wielu otwartym sercom, mo\u017ce wspiera\u0107 potrzebuj\u0105cych mieszka\u0144c\u00f3w ca\u0142ego Powiatu, znajduj\u0105cych si\u0119\u00a0pod opiek\u0105 Hospicjum im. \u0141ukasza Ewangelisty. W tym roku uda\u0142o nam si\u0119 zakupi\u0107 i wypo\u017cyczy\u0107 pani Beacie pomp\u0119 infuzyjn\u0105, bez kt\u00f3rej nasza pacjentka raczej nie mog\u0142aby funkcjonowa\u0107. Koszt pompy, przekraczaj\u0105cy nieznacznie 3000 z\u0142, Hospicjum sfinansowa\u0142o w ca\u0142o\u015bci.<\/p>\n","protected":false},"author":4,"featured_media":2233,"comment_status":"closed","ping_status":"closed","sticky":false,"template":"","format":"standard","meta":{"footnotes":""},"categories":[1],"tags":[],"acf":[],"_links":{"self":[{"href":"https:\/\/www.hospicjumcieszyn.pl\/en\/wp-json\/wp\/v2\/posts\/2231"}],"collection":[{"href":"https:\/\/www.hospicjumcieszyn.pl\/en\/wp-json\/wp\/v2\/posts"}],"about":[{"href":"https:\/\/www.hospicjumcieszyn.pl\/en\/wp-json\/wp\/v2\/types\/post"}],"author":[{"embeddable":true,"href":"https:\/\/www.hospicjumcieszyn.pl\/en\/wp-json\/wp\/v2\/users\/4"}],"replies":[{"embeddable":true,"href":"https:\/\/www.hospicjumcieszyn.pl\/en\/wp-json\/wp\/v2\/comments?post=2231"}],"version-history":[{"count":2,"href":"https:\/\/www.hospicjumcieszyn.pl\/en\/wp-json\/wp\/v2\/posts\/2231\/revisions"}],"predecessor-version":[{"id":2240,"href":"https:\/\/www.hospicjumcieszyn.pl\/en\/wp-json\/wp\/v2\/posts\/2231\/revisions\/2240"}],"wp:featuredmedia":[{"embeddable":true,"href":"https:\/\/www.hospicjumcieszyn.pl\/en\/wp-json\/wp\/v2\/media\/2233"}],"wp:attachment":[{"href":"https:\/\/www.hospicjumcieszyn.pl\/en\/wp-json\/wp\/v2\/media?parent=2231"}],"wp:term":[{"taxonomy":"category","embeddable":true,"href":"https:\/\/www.hospicjumcieszyn.pl\/en\/wp-json\/wp\/v2\/categories?post=2231"},{"taxonomy":"post_tag","embeddable":true,"href":"https:\/\/www.hospicjumcieszyn.pl\/en\/wp-json\/wp\/v2\/tags?post=2231"}],"curies":[{"name":"wp","href":"https:\/\/api.w.org\/{rel}","templated":true}]}}