{"id":2238,"date":"2016-01-31T19:37:13","date_gmt":"2016-01-31T18:37:13","guid":{"rendered":"https:\/\/www.hospicjumcieszyn.pl\/?p=2238"},"modified":"2016-02-08T19:41:20","modified_gmt":"2016-02-08T18:41:20","slug":"kwesta-na-mnisztwie","status":"publish","type":"post","link":"https:\/\/www.hospicjumcieszyn.pl\/en\/kwesta-na-mnisztwie\/","title":{"rendered":"Kwesta na Mnisztwie"},"content":{"rendered":"<p style=\"text-align: justify;\">W niedziel\u0119 31 stycznia w parafii Narodzenia \u015bw. Jana Chrzciciela w Cieszynie &#8211; Mnisztwie odby\u0142a si\u0119 zbi\u00f3rka na rzecz naszego Hospicjum.<\/p>\n<p style=\"text-align: justify;\">Dzi\u0119ki ofiarno\u015bci Parafian uda\u0142o si\u0119 zebra\u0107 1880,70 z\u0142.<\/p>\n<p style=\"text-align: justify;\">Serdecznie dzi\u0119kujemy!<\/p>\n","protected":false},"excerpt":{"rendered":"<p>W niedziel\u0119 31 stycznia w parafii Narodzenia \u015bw. Jana Chrzciciela w Cieszynie &#8211; Mnisztwie odby\u0142a si\u0119 zbi\u00f3rka na rzecz naszego Hospicjum. Dzi\u0119ki ofiarno\u015bci Parafian uda\u0142o si\u0119 zebra\u0107 1880,70 z\u0142. Serdecznie dzi\u0119kujemy!<\/p>\n","protected":false},"author":4,"featured_media":0,"comment_status":"closed","ping_status":"closed","sticky":false,"template":"","format":"standard","meta":{"footnotes":""},"categories":[1],"tags":[],"acf":[],"_links":{"self":[{"href":"https:\/\/www.hospicjumcieszyn.pl\/en\/wp-json\/wp\/v2\/posts\/2238"}],"collection":[{"href":"https:\/\/www.hospicjumcieszyn.pl\/en\/wp-json\/wp\/v2\/posts"}],"about":[{"href":"https:\/\/www.hospicjumcieszyn.pl\/en\/wp-json\/wp\/v2\/types\/post"}],"author":[{"embeddable":true,"href":"https:\/\/www.hospicjumcieszyn.pl\/en\/wp-json\/wp\/v2\/users\/4"}],"replies":[{"embeddable":true,"href":"https:\/\/www.hospicjumcieszyn.pl\/en\/wp-json\/wp\/v2\/comments?post=2238"}],"version-history":[{"count":1,"href":"https:\/\/www.hospicjumcieszyn.pl\/en\/wp-json\/wp\/v2\/posts\/2238\/revisions"}],"predecessor-version":[{"id":2239,"href":"https:\/\/www.hospicjumcieszyn.pl\/en\/wp-json\/wp\/v2\/posts\/2238\/revisions\/2239"}],"wp:attachment":[{"href":"https:\/\/www.hospicjumcieszyn.pl\/en\/wp-json\/wp\/v2\/media?parent=2238"}],"wp:term":[{"taxonomy":"category","embeddable":true,"href":"https:\/\/www.hospicjumcieszyn.pl\/en\/wp-json\/wp\/v2\/categories?post=2238"},{"taxonomy":"post_tag","embeddable":true,"href":"https:\/\/www.hospicjumcieszyn.pl\/en\/wp-json\/wp\/v2\/tags?post=2238"}],"curies":[{"name":"wp","href":"https:\/\/api.w.org\/{rel}","templated":true}]}}