{"id":241,"date":"2012-12-12T19:40:25","date_gmt":"2012-12-12T18:40:25","guid":{"rendered":"http:\/\/hospicjumcieszyn.pl\/?p=241"},"modified":"2013-02-24T19:41:09","modified_gmt":"2013-02-24T18:41:09","slug":"wyklad","status":"publish","type":"post","link":"https:\/\/www.hospicjumcieszyn.pl\/en\/wyklad\/","title":{"rendered":"Wyk\u0142ad"},"content":{"rendered":"<p>W klasztorze oo.Franciszkan\u00f3w zorganizowali\u015bmy wyk\u0142ad w ramach Kampanii &#8220;HOSPICJUM TO TE\u017b \u017bYCIE&#8221;, kt\u00f3ry dotyczy\u0142 problemu rozm\u00f3w z chorymi i ich rodzinami w obliczu zbli\u017caj\u0105cej si\u0119 \u015bmierci. Uczestniczyli w nim przede wszystkim wolontariusze oraz zaproszeni go\u015bcie. Wyk\u0142ad poprowadzi\u0142a Dorota Kania opieraj\u0105c si\u0119 na prezentacjach przywiezionych po konferencji w \u017borach.<\/p>\n","protected":false},"excerpt":{"rendered":"<p>W klasztorze oo.Franciszkan\u00f3w zorganizowali\u015bmy wyk\u0142ad w ramach Kampanii &#8220;HOSPICJUM TO TE\u017b \u017bYCIE&#8221;, kt\u00f3ry dotyczy\u0142 problemu rozm\u00f3w z chorymi i ich rodzinami w obliczu zbli\u017caj\u0105cej si\u0119 \u015bmierci. Uczestniczyli w nim przede wszystkim wolontariusze oraz zaproszeni go\u015bcie. Wyk\u0142ad poprowadzi\u0142a Dorota Kania opieraj\u0105c si\u0119 na prezentacjach przywiezionych po konferencji w \u017borach.<\/p>\n","protected":false},"author":1,"featured_media":0,"comment_status":"closed","ping_status":"closed","sticky":false,"template":"","format":"standard","meta":{"footnotes":""},"categories":[1],"tags":[],"acf":[],"_links":{"self":[{"href":"https:\/\/www.hospicjumcieszyn.pl\/en\/wp-json\/wp\/v2\/posts\/241"}],"collection":[{"href":"https:\/\/www.hospicjumcieszyn.pl\/en\/wp-json\/wp\/v2\/posts"}],"about":[{"href":"https:\/\/www.hospicjumcieszyn.pl\/en\/wp-json\/wp\/v2\/types\/post"}],"author":[{"embeddable":true,"href":"https:\/\/www.hospicjumcieszyn.pl\/en\/wp-json\/wp\/v2\/users\/1"}],"replies":[{"embeddable":true,"href":"https:\/\/www.hospicjumcieszyn.pl\/en\/wp-json\/wp\/v2\/comments?post=241"}],"version-history":[{"count":1,"href":"https:\/\/www.hospicjumcieszyn.pl\/en\/wp-json\/wp\/v2\/posts\/241\/revisions"}],"predecessor-version":[{"id":242,"href":"https:\/\/www.hospicjumcieszyn.pl\/en\/wp-json\/wp\/v2\/posts\/241\/revisions\/242"}],"wp:attachment":[{"href":"https:\/\/www.hospicjumcieszyn.pl\/en\/wp-json\/wp\/v2\/media?parent=241"}],"wp:term":[{"taxonomy":"category","embeddable":true,"href":"https:\/\/www.hospicjumcieszyn.pl\/en\/wp-json\/wp\/v2\/categories?post=241"},{"taxonomy":"post_tag","embeddable":true,"href":"https:\/\/www.hospicjumcieszyn.pl\/en\/wp-json\/wp\/v2\/tags?post=241"}],"curies":[{"name":"wp","href":"https:\/\/api.w.org\/{rel}","templated":true}]}}