{"id":2492,"date":"2016-11-23T18:21:10","date_gmt":"2016-11-23T17:21:10","guid":{"rendered":"https:\/\/www.hospicjumcieszyn.pl\/?p=2492"},"modified":"2016-11-23T18:25:05","modified_gmt":"2016-11-23T17:25:05","slug":"koncert-zespolu-vocalis","status":"publish","type":"post","link":"https:\/\/www.hospicjumcieszyn.pl\/en\/koncert-zespolu-vocalis\/","title":{"rendered":"Koncert Zespo\u0142u Vocalis"},"content":{"rendered":"<p style=\"text-align: justify;\">W ramach og\u00f3lnopolskiej kampanii Pola Nadziei dnia 11 listopada \u017ce\u0144ski Zesp\u00f3\u0142 &#8220;Vocalis&#8221; wyst\u0105pi\u0142 dla naszego Hospicjum.<\/p>\n<p style=\"text-align: justify;\">Zesp\u00f3\u0142 dzia\u0142a przy skoczowskiej parafii ewangelicko-augsburskiej od roku 1999, gromadz\u0105c \u015bpiewaczki r\u00f3\u017cnych denominacji religijnych. Dyrygentk\u0105 jest Agnieszka Sochanek (obecnie doktorantka muzykologii na KUL-u). Zesp\u00f3\u0142 wyda\u0142 dwie p\u0142yty i zdobywa\u0142 nagrody na konkursach krajowych i mi\u0119dzynarodowych. Podczas wyst\u0119pu, kt\u00f3ry odby\u0142 si\u0119 w kaplicy ss. Boromeuszek, mo\u017cna by\u0142o us\u0142ysze\u0107 tradycyjne pie\u015bni religijne, wykonane a&#8217;capella.<\/p>\n<p style=\"text-align: justify;\">Serdecznie dzi\u0119kujemy!!!<\/p>\n<div id='gallery-1' class='gallery galleryid-2492 gallery-columns-3 gallery-size-thumbnail'><figure class='gallery-item'>\n\t\t\t<div class='gallery-icon landscape'>\n\t\t\t\t<a href='https:\/\/www.hospicjumcieszyn.pl\/en\/sony-dsc-47-2\/'><img loading=\"lazy\" decoding=\"async\" width=\"180\" height=\"101\" src=\"https:\/\/www.hospicjumcieszyn.pl\/wp-content\/uploads\/2016\/11\/DSC07111-Copy-180x101.jpg\" class=\"attachment-thumbnail size-thumbnail\" alt=\"\" aria-describedby=\"gallery-1-4485\" srcset=\"https:\/\/www.hospicjumcieszyn.pl\/wp-content\/uploads\/2016\/11\/DSC07111-Copy-180x101.jpg 180w, https:\/\/www.hospicjumcieszyn.pl\/wp-content\/uploads\/2016\/11\/DSC07111-Copy-363x204.jpg 363w, https:\/\/www.hospicjumcieszyn.pl\/wp-content\/uploads\/2016\/11\/DSC07111-Copy-768x432.jpg 768w, https:\/\/www.hospicjumcieszyn.pl\/wp-content\/uploads\/2016\/11\/DSC07111-Copy-726x408.jpg 726w, https:\/\/www.hospicjumcieszyn.pl\/wp-content\/uploads\/2016\/11\/DSC07111-Copy.jpg 1080w\" sizes=\"(max-width: 180px) 100vw, 180px\" \/><\/a>\n\t\t\t<\/div>\n\t\t\t\t<figcaption class='wp-caption-text gallery-caption' id='gallery-1-4485'>\n\t\t\t\tSONY DSC\n\t\t\t\t<\/figcaption><\/figure><figure class='gallery-item'>\n\t\t\t<div class='gallery-icon landscape'>\n\t\t\t\t<a href='https:\/\/www.hospicjumcieszyn.pl\/en\/sony-dsc-45-2\/'><img loading=\"lazy\" decoding=\"async\" width=\"180\" height=\"101\" src=\"https:\/\/www.hospicjumcieszyn.pl\/wp-content\/uploads\/2016\/11\/DSC07102-Copy-180x101.jpg\" class=\"attachment-thumbnail size-thumbnail\" alt=\"\" aria-describedby=\"gallery-1-4483\" srcset=\"https:\/\/www.hospicjumcieszyn.pl\/wp-content\/uploads\/2016\/11\/DSC07102-Copy-180x101.jpg 180w, https:\/\/www.hospicjumcieszyn.pl\/wp-content\/uploads\/2016\/11\/DSC07102-Copy-363x204.jpg 363w, https:\/\/www.hospicjumcieszyn.pl\/wp-content\/uploads\/2016\/11\/DSC07102-Copy-768x432.jpg 768w, https:\/\/www.hospicjumcieszyn.pl\/wp-content\/uploads\/2016\/11\/DSC07102-Copy-726x408.jpg 726w, https:\/\/www.hospicjumcieszyn.pl\/wp-content\/uploads\/2016\/11\/DSC07102-Copy.jpg 1080w\" sizes=\"(max-width: 180px) 100vw, 180px\" \/><\/a>\n\t\t\t<\/div>\n\t\t\t\t<figcaption class='wp-caption-text gallery-caption' id='gallery-1-4483'>\n\t\t\t\tSONY DSC\n\t\t\t\t<\/figcaption><\/figure><figure class='gallery-item'>\n\t\t\t<div class='gallery-icon landscape'>\n\t\t\t\t<a href='https:\/\/www.hospicjumcieszyn.pl\/en\/sony-dsc-46-2\/'><img loading=\"lazy\" decoding=\"async\" width=\"180\" height=\"101\" src=\"https:\/\/www.hospicjumcieszyn.pl\/wp-content\/uploads\/2016\/11\/DSC07108-Copy-180x101.jpg\" class=\"attachment-thumbnail size-thumbnail\" alt=\"\" aria-describedby=\"gallery-1-4484\" srcset=\"https:\/\/www.hospicjumcieszyn.pl\/wp-content\/uploads\/2016\/11\/DSC07108-Copy-180x101.jpg 180w, https:\/\/www.hospicjumcieszyn.pl\/wp-content\/uploads\/2016\/11\/DSC07108-Copy-363x204.jpg 363w, https:\/\/www.hospicjumcieszyn.pl\/wp-content\/uploads\/2016\/11\/DSC07108-Copy-768x432.jpg 768w, https:\/\/www.hospicjumcieszyn.pl\/wp-content\/uploads\/2016\/11\/DSC07108-Copy-726x408.jpg 726w, https:\/\/www.hospicjumcieszyn.pl\/wp-content\/uploads\/2016\/11\/DSC07108-Copy.jpg 1080w\" sizes=\"(max-width: 180px) 100vw, 180px\" \/><\/a>\n\t\t\t<\/div>\n\t\t\t\t<figcaption class='wp-caption-text gallery-caption' id='gallery-1-4484'>\n\t\t\t\tSONY DSC\n\t\t\t\t<\/figcaption><\/figure><figure class='gallery-item'>\n\t\t\t<div class='gallery-icon landscape'>\n\t\t\t\t<a href='https:\/\/www.hospicjumcieszyn.pl\/en\/sony-dsc-48-2\/'><img loading=\"lazy\" decoding=\"async\" width=\"180\" height=\"101\" src=\"https:\/\/www.hospicjumcieszyn.pl\/wp-content\/uploads\/2016\/11\/DSC07115-Copy-180x101.jpg\" class=\"attachment-thumbnail size-thumbnail\" alt=\"\" aria-describedby=\"gallery-1-4486\" srcset=\"https:\/\/www.hospicjumcieszyn.pl\/wp-content\/uploads\/2016\/11\/DSC07115-Copy-180x101.jpg 180w, https:\/\/www.hospicjumcieszyn.pl\/wp-content\/uploads\/2016\/11\/DSC07115-Copy-363x204.jpg 363w, https:\/\/www.hospicjumcieszyn.pl\/wp-content\/uploads\/2016\/11\/DSC07115-Copy-768x432.jpg 768w, https:\/\/www.hospicjumcieszyn.pl\/wp-content\/uploads\/2016\/11\/DSC07115-Copy-726x408.jpg 726w, https:\/\/www.hospicjumcieszyn.pl\/wp-content\/uploads\/2016\/11\/DSC07115-Copy.jpg 1080w\" sizes=\"(max-width: 180px) 100vw, 180px\" \/><\/a>\n\t\t\t<\/div>\n\t\t\t\t<figcaption class='wp-caption-text gallery-caption' id='gallery-1-4486'>\n\t\t\t\tSONY DSC\n\t\t\t\t<\/figcaption><\/figure><figure class='gallery-item'>\n\t\t\t<div class='gallery-icon landscape'>\n\t\t\t\t<a href='https:\/\/www.hospicjumcieszyn.pl\/en\/sony-dsc-49-2\/'><img loading=\"lazy\" decoding=\"async\" width=\"180\" height=\"101\" src=\"https:\/\/www.hospicjumcieszyn.pl\/wp-content\/uploads\/2016\/11\/DSC07117-Copy-180x101.jpg\" class=\"attachment-thumbnail size-thumbnail\" alt=\"\" aria-describedby=\"gallery-1-4487\" srcset=\"https:\/\/www.hospicjumcieszyn.pl\/wp-content\/uploads\/2016\/11\/DSC07117-Copy-180x101.jpg 180w, https:\/\/www.hospicjumcieszyn.pl\/wp-content\/uploads\/2016\/11\/DSC07117-Copy-363x204.jpg 363w, https:\/\/www.hospicjumcieszyn.pl\/wp-content\/uploads\/2016\/11\/DSC07117-Copy-768x432.jpg 768w, https:\/\/www.hospicjumcieszyn.pl\/wp-content\/uploads\/2016\/11\/DSC07117-Copy-726x408.jpg 726w, https:\/\/www.hospicjumcieszyn.pl\/wp-content\/uploads\/2016\/11\/DSC07117-Copy.jpg 1080w\" sizes=\"(max-width: 180px) 100vw, 180px\" \/><\/a>\n\t\t\t<\/div>\n\t\t\t\t<figcaption class='wp-caption-text gallery-caption' id='gallery-1-4487'>\n\t\t\t\tSONY DSC\n\t\t\t\t<\/figcaption><\/figure><figure class='gallery-item'>\n\t\t\t<div class='gallery-icon landscape'>\n\t\t\t\t<a href='https:\/\/www.hospicjumcieszyn.pl\/en\/sony-dsc-50-2\/'><img loading=\"lazy\" decoding=\"async\" width=\"180\" height=\"101\" src=\"https:\/\/www.hospicjumcieszyn.pl\/wp-content\/uploads\/2016\/11\/DSC07118-Copy-180x101.jpg\" class=\"attachment-thumbnail size-thumbnail\" alt=\"\" aria-describedby=\"gallery-1-4488\" srcset=\"https:\/\/www.hospicjumcieszyn.pl\/wp-content\/uploads\/2016\/11\/DSC07118-Copy-180x101.jpg 180w, https:\/\/www.hospicjumcieszyn.pl\/wp-content\/uploads\/2016\/11\/DSC07118-Copy-363x204.jpg 363w, https:\/\/www.hospicjumcieszyn.pl\/wp-content\/uploads\/2016\/11\/DSC07118-Copy-768x432.jpg 768w, https:\/\/www.hospicjumcieszyn.pl\/wp-content\/uploads\/2016\/11\/DSC07118-Copy-726x408.jpg 726w, https:\/\/www.hospicjumcieszyn.pl\/wp-content\/uploads\/2016\/11\/DSC07118-Copy.jpg 1080w\" sizes=\"(max-width: 180px) 100vw, 180px\" \/><\/a>\n\t\t\t<\/div>\n\t\t\t\t<figcaption class='wp-caption-text gallery-caption' id='gallery-1-4488'>\n\t\t\t\tSONY DSC\n\t\t\t\t<\/figcaption><\/figure><figure class='gallery-item'>\n\t\t\t<div class='gallery-icon landscape'>\n\t\t\t\t<a href='https:\/\/www.hospicjumcieszyn.pl\/en\/sony-dsc-51-2\/'><img loading=\"lazy\" decoding=\"async\" width=\"180\" height=\"101\" src=\"https:\/\/www.hospicjumcieszyn.pl\/wp-content\/uploads\/2016\/11\/DSC07124-Copy-180x101.jpg\" class=\"attachment-thumbnail size-thumbnail\" alt=\"\" aria-describedby=\"gallery-1-4489\" srcset=\"https:\/\/www.hospicjumcieszyn.pl\/wp-content\/uploads\/2016\/11\/DSC07124-Copy-180x101.jpg 180w, https:\/\/www.hospicjumcieszyn.pl\/wp-content\/uploads\/2016\/11\/DSC07124-Copy-363x204.jpg 363w, https:\/\/www.hospicjumcieszyn.pl\/wp-content\/uploads\/2016\/11\/DSC07124-Copy-768x432.jpg 768w, https:\/\/www.hospicjumcieszyn.pl\/wp-content\/uploads\/2016\/11\/DSC07124-Copy-726x408.jpg 726w, https:\/\/www.hospicjumcieszyn.pl\/wp-content\/uploads\/2016\/11\/DSC07124-Copy.jpg 1080w\" sizes=\"(max-width: 180px) 100vw, 180px\" \/><\/a>\n\t\t\t<\/div>\n\t\t\t\t<figcaption class='wp-caption-text gallery-caption' id='gallery-1-4489'>\n\t\t\t\tSONY DSC\n\t\t\t\t<\/figcaption><\/figure><figure class='gallery-item'>\n\t\t\t<div class='gallery-icon landscape'>\n\t\t\t\t<a href='https:\/\/www.hospicjumcieszyn.pl\/en\/sony-dsc-52-2\/'><img loading=\"lazy\" decoding=\"async\" width=\"180\" height=\"101\" src=\"https:\/\/www.hospicjumcieszyn.pl\/wp-content\/uploads\/2016\/11\/DSC07126-Copy-180x101.jpg\" class=\"attachment-thumbnail size-thumbnail\" alt=\"\" aria-describedby=\"gallery-1-4490\" srcset=\"https:\/\/www.hospicjumcieszyn.pl\/wp-content\/uploads\/2016\/11\/DSC07126-Copy-180x101.jpg 180w, https:\/\/www.hospicjumcieszyn.pl\/wp-content\/uploads\/2016\/11\/DSC07126-Copy-363x204.jpg 363w, https:\/\/www.hospicjumcieszyn.pl\/wp-content\/uploads\/2016\/11\/DSC07126-Copy-768x432.jpg 768w, https:\/\/www.hospicjumcieszyn.pl\/wp-content\/uploads\/2016\/11\/DSC07126-Copy-726x408.jpg 726w, https:\/\/www.hospicjumcieszyn.pl\/wp-content\/uploads\/2016\/11\/DSC07126-Copy.jpg 1080w\" sizes=\"(max-width: 180px) 100vw, 180px\" \/><\/a>\n\t\t\t<\/div>\n\t\t\t\t<figcaption class='wp-caption-text gallery-caption' id='gallery-1-4490'>\n\t\t\t\tSONY DSC\n\t\t\t\t<\/figcaption><\/figure><figure class='gallery-item'>\n\t\t\t<div class='gallery-icon landscape'>\n\t\t\t\t<a href='https:\/\/www.hospicjumcieszyn.pl\/en\/sony-dsc-53-2\/'><img loading=\"lazy\" decoding=\"async\" width=\"180\" height=\"101\" src=\"https:\/\/www.hospicjumcieszyn.pl\/wp-content\/uploads\/2016\/11\/DSC07132-Copy-180x101.jpg\" class=\"attachment-thumbnail size-thumbnail\" alt=\"\" aria-describedby=\"gallery-1-4491\" srcset=\"https:\/\/www.hospicjumcieszyn.pl\/wp-content\/uploads\/2016\/11\/DSC07132-Copy-180x101.jpg 180w, https:\/\/www.hospicjumcieszyn.pl\/wp-content\/uploads\/2016\/11\/DSC07132-Copy-363x204.jpg 363w, https:\/\/www.hospicjumcieszyn.pl\/wp-content\/uploads\/2016\/11\/DSC07132-Copy-768x432.jpg 768w, https:\/\/www.hospicjumcieszyn.pl\/wp-content\/uploads\/2016\/11\/DSC07132-Copy-726x408.jpg 726w, https:\/\/www.hospicjumcieszyn.pl\/wp-content\/uploads\/2016\/11\/DSC07132-Copy.jpg 1080w\" sizes=\"(max-width: 180px) 100vw, 180px\" \/><\/a>\n\t\t\t<\/div>\n\t\t\t\t<figcaption class='wp-caption-text gallery-caption' id='gallery-1-4491'>\n\t\t\t\tSONY DSC\n\t\t\t\t<\/figcaption><\/figure><figure class='gallery-item'>\n\t\t\t<div class='gallery-icon landscape'>\n\t\t\t\t<a href='https:\/\/www.hospicjumcieszyn.pl\/en\/sony-dsc-54-2\/'><img loading=\"lazy\" decoding=\"async\" width=\"180\" height=\"101\" src=\"https:\/\/www.hospicjumcieszyn.pl\/wp-content\/uploads\/2016\/11\/DSC07133-Copy-180x101.jpg\" class=\"attachment-thumbnail size-thumbnail\" alt=\"\" aria-describedby=\"gallery-1-4492\" srcset=\"https:\/\/www.hospicjumcieszyn.pl\/wp-content\/uploads\/2016\/11\/DSC07133-Copy-180x101.jpg 180w, https:\/\/www.hospicjumcieszyn.pl\/wp-content\/uploads\/2016\/11\/DSC07133-Copy-363x204.jpg 363w, https:\/\/www.hospicjumcieszyn.pl\/wp-content\/uploads\/2016\/11\/DSC07133-Copy-768x432.jpg 768w, https:\/\/www.hospicjumcieszyn.pl\/wp-content\/uploads\/2016\/11\/DSC07133-Copy-726x408.jpg 726w, https:\/\/www.hospicjumcieszyn.pl\/wp-content\/uploads\/2016\/11\/DSC07133-Copy.jpg 1080w\" sizes=\"(max-width: 180px) 100vw, 180px\" \/><\/a>\n\t\t\t<\/div>\n\t\t\t\t<figcaption class='wp-caption-text gallery-caption' id='gallery-1-4492'>\n\t\t\t\tSONY DSC\n\t\t\t\t<\/figcaption><\/figure><figure class='gallery-item'>\n\t\t\t<div class='gallery-icon landscape'>\n\t\t\t\t<a href='https:\/\/www.hospicjumcieszyn.pl\/en\/sony-dsc-55-2\/'><img loading=\"lazy\" decoding=\"async\" width=\"180\" height=\"101\" src=\"https:\/\/www.hospicjumcieszyn.pl\/wp-content\/uploads\/2016\/11\/DSC07138-Copy-180x101.jpg\" class=\"attachment-thumbnail size-thumbnail\" alt=\"\" aria-describedby=\"gallery-1-4493\" srcset=\"https:\/\/www.hospicjumcieszyn.pl\/wp-content\/uploads\/2016\/11\/DSC07138-Copy-180x101.jpg 180w, https:\/\/www.hospicjumcieszyn.pl\/wp-content\/uploads\/2016\/11\/DSC07138-Copy-363x204.jpg 363w, https:\/\/www.hospicjumcieszyn.pl\/wp-content\/uploads\/2016\/11\/DSC07138-Copy-768x432.jpg 768w, https:\/\/www.hospicjumcieszyn.pl\/wp-content\/uploads\/2016\/11\/DSC07138-Copy-726x408.jpg 726w, https:\/\/www.hospicjumcieszyn.pl\/wp-content\/uploads\/2016\/11\/DSC07138-Copy.jpg 1080w\" sizes=\"(max-width: 180px) 100vw, 180px\" \/><\/a>\n\t\t\t<\/div>\n\t\t\t\t<figcaption class='wp-caption-text gallery-caption' id='gallery-1-4493'>\n\t\t\t\tSONY DSC\n\t\t\t\t<\/figcaption><\/figure>\n\t\t<\/div>\n\n","protected":false},"excerpt":{"rendered":"<p>W ramach og\u00f3lnopolskiej kampanii Pola Nadziei dnia 11 listopada \u017ce\u0144ski Zesp\u00f3\u0142 &#8220;Vocalis&#8221; wyst\u0105pi\u0142 dla naszego Hospicjum. Zesp\u00f3\u0142 dzia\u0142a przy skoczowskiej parafii ewangelicko-augsburskiej od roku 1999, gromadz\u0105c \u015bpiewaczki r\u00f3\u017cnych denominacji religijnych. Dyrygentk\u0105 jest Agnieszka Sochanek (obecnie doktorantka muzykologii na KUL-u). Zesp\u00f3\u0142 wyda\u0142 dwie p\u0142yty i zdobywa\u0142 nagrody na konkursach krajowych i mi\u0119dzynarodowych. Podczas wyst\u0119pu, kt\u00f3ry odby\u0142 &#8230; <a title=\"Koncert Zespo\u0142u Vocalis\" class=\"read-more\" href=\"https:\/\/www.hospicjumcieszyn.pl\/en\/koncert-zespolu-vocalis\/\" aria-label=\"More on Koncert Zespo\u0142u Vocalis\">Read more<\/a><\/p>\n","protected":false},"author":4,"featured_media":2503,"comment_status":"closed","ping_status":"closed","sticky":false,"template":"","format":"standard","meta":{"footnotes":""},"categories":[8],"tags":[],"acf":[],"_links":{"self":[{"href":"https:\/\/www.hospicjumcieszyn.pl\/en\/wp-json\/wp\/v2\/posts\/2492"}],"collection":[{"href":"https:\/\/www.hospicjumcieszyn.pl\/en\/wp-json\/wp\/v2\/posts"}],"about":[{"href":"https:\/\/www.hospicjumcieszyn.pl\/en\/wp-json\/wp\/v2\/types\/post"}],"author":[{"embeddable":true,"href":"https:\/\/www.hospicjumcieszyn.pl\/en\/wp-json\/wp\/v2\/users\/4"}],"replies":[{"embeddable":true,"href":"https:\/\/www.hospicjumcieszyn.pl\/en\/wp-json\/wp\/v2\/comments?post=2492"}],"version-history":[{"count":3,"href":"https:\/\/www.hospicjumcieszyn.pl\/en\/wp-json\/wp\/v2\/posts\/2492\/revisions"}],"predecessor-version":[{"id":2506,"href":"https:\/\/www.hospicjumcieszyn.pl\/en\/wp-json\/wp\/v2\/posts\/2492\/revisions\/2506"}],"wp:featuredmedia":[{"embeddable":true,"href":"https:\/\/www.hospicjumcieszyn.pl\/en\/wp-json\/wp\/v2\/media\/2503"}],"wp:attachment":[{"href":"https:\/\/www.hospicjumcieszyn.pl\/en\/wp-json\/wp\/v2\/media?parent=2492"}],"wp:term":[{"taxonomy":"category","embeddable":true,"href":"https:\/\/www.hospicjumcieszyn.pl\/en\/wp-json\/wp\/v2\/categories?post=2492"},{"taxonomy":"post_tag","embeddable":true,"href":"https:\/\/www.hospicjumcieszyn.pl\/en\/wp-json\/wp\/v2\/tags?post=2492"}],"curies":[{"name":"wp","href":"https:\/\/api.w.org\/{rel}","templated":true}]}}