{"id":264,"date":"2013-02-04T19:51:10","date_gmt":"2013-02-04T18:51:10","guid":{"rendered":"http:\/\/hospicjumcieszyn.pl\/?p=264"},"modified":"2013-08-21T19:43:14","modified_gmt":"2013-08-21T17:43:14","slug":"dzieci-w-jaworzynce","status":"publish","type":"post","link":"https:\/\/www.hospicjumcieszyn.pl\/en\/dzieci-w-jaworzynce\/","title":{"rendered":"Dzieci w Jaworzynce"},"content":{"rendered":"<p style=\"text-align: justify;\">Hospicjum w dniu 2 lutego zorganizowa\u0142o naszym dzieciom osieroconym kulig do Jaworzynki.Szefow\u0105 ca\u0142ej wyprawy by\u0142a oczywi\u015bcie p.Halina Sajdok- \u017by\u0142a. O godzinie 11.00 wyjechali\u015bmy z Cieszyna.Obawiali\u015bmy si\u0119 troch\u0119 pogody, bo w Cieszynie pada\u0142 deszcz. Ale Jaworzynka przywita\u0142a nas i\u015bcie zimow\u0105 aur\u0105: \u015bniegu by\u0142o po kolana! Czeka\u0142y na nas ju\u017c 4 wozy zaprz\u0119\u017cone w pi\u0119kne konie. Na saniach jechali\u015bmy wzd\u0142u\u017c potoku Czadeczki, kt\u00f3ry jest jednym z nielicznych ciek\u00f3w wodnych nale\u017c\u0105cych do zlewiska Morza Czarnego.Widoki podczas sanny cudowne!!!!<\/p>\n<div id='gallery-1' class='gallery galleryid-264 gallery-columns-3 gallery-size-thumbnail'><figure class='gallery-item'>\n\t\t\t<div class='gallery-icon landscape'>\n\t\t\t\t<a href='https:\/\/www.hospicjumcieszyn.pl\/en\/1-12-2\/'><img loading=\"lazy\" decoding=\"async\" width=\"180\" height=\"135\" src=\"https:\/\/www.hospicjumcieszyn.pl\/wp-content\/uploads\/2013\/02\/118-180x135.jpg\" class=\"attachment-thumbnail size-thumbnail\" alt=\"\" srcset=\"https:\/\/www.hospicjumcieszyn.pl\/wp-content\/uploads\/2013\/02\/118-180x135.jpg 180w, https:\/\/www.hospicjumcieszyn.pl\/wp-content\/uploads\/2013\/02\/118-363x272.jpg 363w, https:\/\/www.hospicjumcieszyn.pl\/wp-content\/uploads\/2013\/02\/118.jpg 620w\" sizes=\"(max-width: 180px) 100vw, 180px\" \/><\/a>\n\t\t\t<\/div><\/figure><figure class='gallery-item'>\n\t\t\t<div class='gallery-icon landscape'>\n\t\t\t\t<a href='https:\/\/www.hospicjumcieszyn.pl\/en\/2-12-2\/'><img loading=\"lazy\" decoding=\"async\" width=\"180\" height=\"135\" src=\"https:\/\/www.hospicjumcieszyn.pl\/wp-content\/uploads\/2013\/02\/210-180x135.jpg\" class=\"attachment-thumbnail size-thumbnail\" alt=\"\" srcset=\"https:\/\/www.hospicjumcieszyn.pl\/wp-content\/uploads\/2013\/02\/210-180x135.jpg 180w, https:\/\/www.hospicjumcieszyn.pl\/wp-content\/uploads\/2013\/02\/210-363x272.jpg 363w, https:\/\/www.hospicjumcieszyn.pl\/wp-content\/uploads\/2013\/02\/210.jpg 620w\" sizes=\"(max-width: 180px) 100vw, 180px\" \/><\/a>\n\t\t\t<\/div><\/figure><figure class='gallery-item'>\n\t\t\t<div class='gallery-icon landscape'>\n\t\t\t\t<a href='https:\/\/www.hospicjumcieszyn.pl\/en\/3-10-2\/'><img loading=\"lazy\" decoding=\"async\" width=\"180\" height=\"135\" src=\"https:\/\/www.hospicjumcieszyn.pl\/wp-content\/uploads\/2013\/02\/39-180x135.jpg\" class=\"attachment-thumbnail size-thumbnail\" alt=\"\" srcset=\"https:\/\/www.hospicjumcieszyn.pl\/wp-content\/uploads\/2013\/02\/39-180x135.jpg 180w, https:\/\/www.hospicjumcieszyn.pl\/wp-content\/uploads\/2013\/02\/39-363x272.jpg 363w, https:\/\/www.hospicjumcieszyn.pl\/wp-content\/uploads\/2013\/02\/39.jpg 620w\" sizes=\"(max-width: 180px) 100vw, 180px\" \/><\/a>\n\t\t\t<\/div><\/figure><figure class='gallery-item'>\n\t\t\t<div class='gallery-icon landscape'>\n\t\t\t\t<a href='https:\/\/www.hospicjumcieszyn.pl\/en\/4-9-2\/'><img loading=\"lazy\" decoding=\"async\" width=\"180\" height=\"135\" src=\"https:\/\/www.hospicjumcieszyn.pl\/wp-content\/uploads\/2013\/02\/48-180x135.jpg\" class=\"attachment-thumbnail size-thumbnail\" alt=\"\" srcset=\"https:\/\/www.hospicjumcieszyn.pl\/wp-content\/uploads\/2013\/02\/48-180x135.jpg 180w, https:\/\/www.hospicjumcieszyn.pl\/wp-content\/uploads\/2013\/02\/48-363x272.jpg 363w, https:\/\/www.hospicjumcieszyn.pl\/wp-content\/uploads\/2013\/02\/48.jpg 620w\" sizes=\"(max-width: 180px) 100vw, 180px\" \/><\/a>\n\t\t\t<\/div><\/figure>\n\t\t<\/div>\n\n","protected":false},"excerpt":{"rendered":"<p>Hospicjum w dniu 2 lutego zorganizowa\u0142o naszym dzieciom osieroconym kulig do Jaworzynki.Szefow\u0105 ca\u0142ej wyprawy by\u0142a oczywi\u015bcie p.Halina Sajdok- \u017by\u0142a. O godzinie 11.00 wyjechali\u015bmy z Cieszyna.Obawiali\u015bmy si\u0119 troch\u0119 pogody, bo w Cieszynie pada\u0142 deszcz. Ale Jaworzynka przywita\u0142a nas i\u015bcie zimow\u0105 aur\u0105: \u015bniegu by\u0142o po kolana! Czeka\u0142y na nas ju\u017c 4 wozy zaprz\u0119\u017cone w pi\u0119kne konie. Na &#8230; <a title=\"Dzieci w Jaworzynce\" class=\"read-more\" href=\"https:\/\/www.hospicjumcieszyn.pl\/en\/dzieci-w-jaworzynce\/\" aria-label=\"More on Dzieci w Jaworzynce\">Read more<\/a><\/p>\n","protected":false},"author":1,"featured_media":0,"comment_status":"closed","ping_status":"closed","sticky":false,"template":"","format":"standard","meta":{"footnotes":""},"categories":[9],"tags":[],"acf":[],"_links":{"self":[{"href":"https:\/\/www.hospicjumcieszyn.pl\/en\/wp-json\/wp\/v2\/posts\/264"}],"collection":[{"href":"https:\/\/www.hospicjumcieszyn.pl\/en\/wp-json\/wp\/v2\/posts"}],"about":[{"href":"https:\/\/www.hospicjumcieszyn.pl\/en\/wp-json\/wp\/v2\/types\/post"}],"author":[{"embeddable":true,"href":"https:\/\/www.hospicjumcieszyn.pl\/en\/wp-json\/wp\/v2\/users\/1"}],"replies":[{"embeddable":true,"href":"https:\/\/www.hospicjumcieszyn.pl\/en\/wp-json\/wp\/v2\/comments?post=264"}],"version-history":[{"count":4,"href":"https:\/\/www.hospicjumcieszyn.pl\/en\/wp-json\/wp\/v2\/posts\/264\/revisions"}],"predecessor-version":[{"id":399,"href":"https:\/\/www.hospicjumcieszyn.pl\/en\/wp-json\/wp\/v2\/posts\/264\/revisions\/399"}],"wp:attachment":[{"href":"https:\/\/www.hospicjumcieszyn.pl\/en\/wp-json\/wp\/v2\/media?parent=264"}],"wp:term":[{"taxonomy":"category","embeddable":true,"href":"https:\/\/www.hospicjumcieszyn.pl\/en\/wp-json\/wp\/v2\/categories?post=264"},{"taxonomy":"post_tag","embeddable":true,"href":"https:\/\/www.hospicjumcieszyn.pl\/en\/wp-json\/wp\/v2\/tags?post=264"}],"curies":[{"name":"wp","href":"https:\/\/api.w.org\/{rel}","templated":true}]}}