{"id":2774,"date":"2017-08-07T10:37:27","date_gmt":"2017-08-07T08:37:27","guid":{"rendered":"https:\/\/www.hospicjumcieszyn.pl\/?p=2774\/"},"modified":"2017-08-07T10:37:27","modified_gmt":"2017-08-07T08:37:27","slug":"odwolanie-dyzuru","status":"publish","type":"post","link":"https:\/\/www.hospicjumcieszyn.pl\/en\/odwolanie-dyzuru\/","title":{"rendered":"Odwo\u0142anie dy\u017curu"},"content":{"rendered":"<p style=\"text-align: justify;\">Informujemy, \u017ce dnia <strong>15.08<\/strong>, tj. wtorek ze wzgl\u0119du na dzie\u0144 wolny (\u015bwi\u0119to) <strong>Hospicjum nie prowadzi dy\u017curu w biurze<\/strong>.<\/p>\n<p>Kolejny dy\u017cur odb\u0119dzie si\u0119 22.08 \u00a0w godzinach 15.30-16.30.<\/p>\n","protected":false},"excerpt":{"rendered":"<p>Informujemy, \u017ce dnia 15.08, tj. wtorek ze wzgl\u0119du na dzie\u0144 wolny (\u015bwi\u0119to) Hospicjum nie prowadzi dy\u017curu w biurze. Kolejny dy\u017cur odb\u0119dzie si\u0119 22.08 \u00a0w godzinach 15.30-16.30.<\/p>\n","protected":false},"author":4,"featured_media":0,"comment_status":"closed","ping_status":"closed","sticky":false,"template":"","format":"standard","meta":{"footnotes":""},"categories":[1],"tags":[],"acf":[],"_links":{"self":[{"href":"https:\/\/www.hospicjumcieszyn.pl\/en\/wp-json\/wp\/v2\/posts\/2774"}],"collection":[{"href":"https:\/\/www.hospicjumcieszyn.pl\/en\/wp-json\/wp\/v2\/posts"}],"about":[{"href":"https:\/\/www.hospicjumcieszyn.pl\/en\/wp-json\/wp\/v2\/types\/post"}],"author":[{"embeddable":true,"href":"https:\/\/www.hospicjumcieszyn.pl\/en\/wp-json\/wp\/v2\/users\/4"}],"replies":[{"embeddable":true,"href":"https:\/\/www.hospicjumcieszyn.pl\/en\/wp-json\/wp\/v2\/comments?post=2774"}],"version-history":[{"count":1,"href":"https:\/\/www.hospicjumcieszyn.pl\/en\/wp-json\/wp\/v2\/posts\/2774\/revisions"}],"predecessor-version":[{"id":2775,"href":"https:\/\/www.hospicjumcieszyn.pl\/en\/wp-json\/wp\/v2\/posts\/2774\/revisions\/2775"}],"wp:attachment":[{"href":"https:\/\/www.hospicjumcieszyn.pl\/en\/wp-json\/wp\/v2\/media?parent=2774"}],"wp:term":[{"taxonomy":"category","embeddable":true,"href":"https:\/\/www.hospicjumcieszyn.pl\/en\/wp-json\/wp\/v2\/categories?post=2774"},{"taxonomy":"post_tag","embeddable":true,"href":"https:\/\/www.hospicjumcieszyn.pl\/en\/wp-json\/wp\/v2\/tags?post=2774"}],"curies":[{"name":"wp","href":"https:\/\/api.w.org\/{rel}","templated":true}]}}