{"id":2874,"date":"2017-11-14T22:37:01","date_gmt":"2017-11-14T21:37:01","guid":{"rendered":"https:\/\/www.hospicjumcieszyn.pl\/?p=2874"},"modified":"2017-11-14T22:40:08","modified_gmt":"2017-11-14T21:40:08","slug":"przedswiateczne-warsztaty","status":"publish","type":"post","link":"https:\/\/www.hospicjumcieszyn.pl\/en\/przedswiateczne-warsztaty\/","title":{"rendered":"Przed\u015bwi\u0105teczne warsztaty"},"content":{"rendered":"<p style=\"text-align: justify;\">W sobot\u0119 25 listopada w godzinach od 10 do 12 w siedzibie Macierzy Ziemi Cieszy\u0144skiej przy ul. S\u0142owiczej 10 odb\u0119d\u0105 si\u0119 kolejne warsztaty dla dzieci osieroconych. Tym razem zajmiemy si\u0119 tworzeniem stroik\u00f3w adwentowych i bo\u017conarodzeniowych.<\/p>\n<p style=\"text-align: justify;\">Osoby ch\u0119tne prosimy do zg\u0142oszenia swojego udzia\u0142u u Haliny Sajdok \u017by\u0142y pod nr tel.\u00a0698 815 844 do 18 listopada.<\/p>\n<p style=\"text-align: justify;\">Serdecznie zapraszamy!<\/p>\n","protected":false},"excerpt":{"rendered":"<p>W sobot\u0119 25 listopada w godzinach od 10 do 12 w siedzibie Macierzy Ziemi Cieszy\u0144skiej przy ul. S\u0142owiczej 10 odb\u0119d\u0105 si\u0119 kolejne warsztaty dla dzieci osieroconych. Tym razem zajmiemy si\u0119 tworzeniem stroik\u00f3w adwentowych i bo\u017conarodzeniowych. Osoby ch\u0119tne prosimy do zg\u0142oszenia swojego udzia\u0142u u Haliny Sajdok \u017by\u0142y pod nr tel.\u00a0698 815 844 do 18 listopada. Serdecznie &#8230; <a title=\"Przed\u015bwi\u0105teczne warsztaty\" class=\"read-more\" href=\"https:\/\/www.hospicjumcieszyn.pl\/en\/przedswiateczne-warsztaty\/\" aria-label=\"More on Przed\u015bwi\u0105teczne warsztaty\">Read more<\/a><\/p>\n","protected":false},"author":4,"featured_media":0,"comment_status":"closed","ping_status":"closed","sticky":false,"template":"","format":"standard","meta":{"footnotes":""},"categories":[9],"tags":[],"acf":[],"_links":{"self":[{"href":"https:\/\/www.hospicjumcieszyn.pl\/en\/wp-json\/wp\/v2\/posts\/2874"}],"collection":[{"href":"https:\/\/www.hospicjumcieszyn.pl\/en\/wp-json\/wp\/v2\/posts"}],"about":[{"href":"https:\/\/www.hospicjumcieszyn.pl\/en\/wp-json\/wp\/v2\/types\/post"}],"author":[{"embeddable":true,"href":"https:\/\/www.hospicjumcieszyn.pl\/en\/wp-json\/wp\/v2\/users\/4"}],"replies":[{"embeddable":true,"href":"https:\/\/www.hospicjumcieszyn.pl\/en\/wp-json\/wp\/v2\/comments?post=2874"}],"version-history":[{"count":2,"href":"https:\/\/www.hospicjumcieszyn.pl\/en\/wp-json\/wp\/v2\/posts\/2874\/revisions"}],"predecessor-version":[{"id":2877,"href":"https:\/\/www.hospicjumcieszyn.pl\/en\/wp-json\/wp\/v2\/posts\/2874\/revisions\/2877"}],"wp:attachment":[{"href":"https:\/\/www.hospicjumcieszyn.pl\/en\/wp-json\/wp\/v2\/media?parent=2874"}],"wp:term":[{"taxonomy":"category","embeddable":true,"href":"https:\/\/www.hospicjumcieszyn.pl\/en\/wp-json\/wp\/v2\/categories?post=2874"},{"taxonomy":"post_tag","embeddable":true,"href":"https:\/\/www.hospicjumcieszyn.pl\/en\/wp-json\/wp\/v2\/tags?post=2874"}],"curies":[{"name":"wp","href":"https:\/\/api.w.org\/{rel}","templated":true}]}}