{"id":3007,"date":"2018-05-01T23:08:02","date_gmt":"2018-05-01T21:08:02","guid":{"rendered":"https:\/\/www.hospicjumcieszyn.pl\/?p=3007"},"modified":"2018-05-01T23:09:10","modified_gmt":"2018-05-01T21:09:10","slug":"hanna-chrzanowska-na-oltarze","status":"publish","type":"post","link":"https:\/\/www.hospicjumcieszyn.pl\/en\/hanna-chrzanowska-na-oltarze\/","title":{"rendered":"Hanna Chrzanowska na o\u0142tarze"},"content":{"rendered":"<p>Dwie spo\u015br\u00f3d naszych wolontariuszek: Ula Skupie\u0144 i Asia Piotrowska-Cie\u015blar wzi\u0119\u0142y udzia\u0142 w beatyfikacji polskiej piel\u0119gniarki, kt\u00f3ra w okresie powojennym w Krakowie nios\u0142a pomoc ludziom chorym. Dzi\u015b ten rodzaj pomocy nazwaliby\u015bmy wolontariatem hospicyjnym. Wsp\u00f3\u0142pracowa\u0142a m.in. z kardyna\u0142em Karolem Wojty\u0142\u0105.<\/p>\n<p>Niedawno ukaza\u0142a si\u0119 r\u00f3wnie\u017c nowa ksi\u0105\u017cka pt.&#8221;Siostra naszego Boga&#8221;, przybli\u017caj\u0105ca posta\u0107 Hanny Chrzanowskiej.<\/p>\n<div id='gallery-1' class='gallery galleryid-3007 gallery-columns-3 gallery-size-thumbnail'><figure class='gallery-item'>\n\t\t\t<div class='gallery-icon portrait'>\n\t\t\t\t<a href='https:\/\/www.hospicjumcieszyn.pl\/en\/20180429_121807-2\/'><img loading=\"lazy\" decoding=\"async\" width=\"177\" height=\"240\" src=\"https:\/\/www.hospicjumcieszyn.pl\/wp-content\/uploads\/2018\/05\/20180429_121807-177x240.jpg\" class=\"attachment-thumbnail size-thumbnail\" alt=\"\" srcset=\"https:\/\/www.hospicjumcieszyn.pl\/wp-content\/uploads\/2018\/05\/20180429_121807-177x240.jpg 177w, https:\/\/www.hospicjumcieszyn.pl\/wp-content\/uploads\/2018\/05\/20180429_121807-267x363.jpg 267w, https:\/\/www.hospicjumcieszyn.pl\/wp-content\/uploads\/2018\/05\/20180429_121807-768x1042.jpg 768w, https:\/\/www.hospicjumcieszyn.pl\/wp-content\/uploads\/2018\/05\/20180429_121807-535x726.jpg 535w, https:\/\/www.hospicjumcieszyn.pl\/wp-content\/uploads\/2018\/05\/20180429_121807.jpg 1509w\" sizes=\"(max-width: 177px) 100vw, 177px\" \/><\/a>\n\t\t\t<\/div><\/figure><figure class='gallery-item'>\n\t\t\t<div class='gallery-icon landscape'>\n\t\t\t\t<a href='https:\/\/www.hospicjumcieszyn.pl\/en\/20180429_121643-2\/'><img loading=\"lazy\" decoding=\"async\" width=\"180\" height=\"168\" src=\"https:\/\/www.hospicjumcieszyn.pl\/wp-content\/uploads\/2018\/05\/20180429_121643-180x168.jpg\" class=\"attachment-thumbnail size-thumbnail\" alt=\"\" srcset=\"https:\/\/www.hospicjumcieszyn.pl\/wp-content\/uploads\/2018\/05\/20180429_121643-180x168.jpg 180w, https:\/\/www.hospicjumcieszyn.pl\/wp-content\/uploads\/2018\/05\/20180429_121643-363x338.jpg 363w, https:\/\/www.hospicjumcieszyn.pl\/wp-content\/uploads\/2018\/05\/20180429_121643-768x715.jpg 768w, https:\/\/www.hospicjumcieszyn.pl\/wp-content\/uploads\/2018\/05\/20180429_121643-726x676.jpg 726w, https:\/\/www.hospicjumcieszyn.pl\/wp-content\/uploads\/2018\/05\/20180429_121643.jpg 2048w\" sizes=\"(max-width: 180px) 100vw, 180px\" \/><\/a>\n\t\t\t<\/div><\/figure><figure class='gallery-item'>\n\t\t\t<div class='gallery-icon portrait'>\n\t\t\t\t<a href='https:\/\/www.hospicjumcieszyn.pl\/en\/20180429_121912-2\/'><img loading=\"lazy\" decoding=\"async\" width=\"144\" height=\"240\" src=\"https:\/\/www.hospicjumcieszyn.pl\/wp-content\/uploads\/2018\/05\/20180429_121912-144x240.jpg\" class=\"attachment-thumbnail size-thumbnail\" alt=\"\" srcset=\"https:\/\/www.hospicjumcieszyn.pl\/wp-content\/uploads\/2018\/05\/20180429_121912-144x240.jpg 144w, https:\/\/www.hospicjumcieszyn.pl\/wp-content\/uploads\/2018\/05\/20180429_121912-217x363.jpg 217w, https:\/\/www.hospicjumcieszyn.pl\/wp-content\/uploads\/2018\/05\/20180429_121912-768x1282.jpg 768w, https:\/\/www.hospicjumcieszyn.pl\/wp-content\/uploads\/2018\/05\/20180429_121912-435x726.jpg 435w, https:\/\/www.hospicjumcieszyn.pl\/wp-content\/uploads\/2018\/05\/20180429_121912.jpg 1227w\" sizes=\"(max-width: 144px) 100vw, 144px\" \/><\/a>\n\t\t\t<\/div><\/figure><figure class='gallery-item'>\n\t\t\t<div class='gallery-icon landscape'>\n\t\t\t\t<a href='https:\/\/www.hospicjumcieszyn.pl\/en\/20180429_121011-2\/'><img loading=\"lazy\" decoding=\"async\" width=\"180\" height=\"119\" src=\"https:\/\/www.hospicjumcieszyn.pl\/wp-content\/uploads\/2018\/05\/20180429_121011-180x119.jpg\" class=\"attachment-thumbnail size-thumbnail\" alt=\"\" srcset=\"https:\/\/www.hospicjumcieszyn.pl\/wp-content\/uploads\/2018\/05\/20180429_121011-180x119.jpg 180w, https:\/\/www.hospicjumcieszyn.pl\/wp-content\/uploads\/2018\/05\/20180429_121011-363x240.jpg 363w, https:\/\/www.hospicjumcieszyn.pl\/wp-content\/uploads\/2018\/05\/20180429_121011-768x509.jpg 768w, https:\/\/www.hospicjumcieszyn.pl\/wp-content\/uploads\/2018\/05\/20180429_121011-726x481.jpg 726w, https:\/\/www.hospicjumcieszyn.pl\/wp-content\/uploads\/2018\/05\/20180429_121011.jpg 2048w\" sizes=\"(max-width: 180px) 100vw, 180px\" \/><\/a>\n\t\t\t<\/div><\/figure>\n\t\t<\/div>\n\n<p>&nbsp;<\/p>\n","protected":false},"excerpt":{"rendered":"<p>Dwie spo\u015br\u00f3d naszych wolontariuszek: Ula Skupie\u0144 i Asia Piotrowska-Cie\u015blar wzi\u0119\u0142y udzia\u0142 w beatyfikacji polskiej piel\u0119gniarki, kt\u00f3ra w okresie powojennym w Krakowie nios\u0142a pomoc ludziom chorym. Dzi\u015b ten rodzaj pomocy nazwaliby\u015bmy wolontariatem hospicyjnym. Wsp\u00f3\u0142pracowa\u0142a m.in. z kardyna\u0142em Karolem Wojty\u0142\u0105. Niedawno ukaza\u0142a si\u0119 r\u00f3wnie\u017c nowa ksi\u0105\u017cka pt.&#8221;Siostra naszego Boga&#8221;, przybli\u017caj\u0105ca posta\u0107 Hanny Chrzanowskiej. &nbsp;<\/p>\n","protected":false},"author":1,"featured_media":3011,"comment_status":"closed","ping_status":"closed","sticky":false,"template":"","format":"standard","meta":{"footnotes":""},"categories":[1],"tags":[],"acf":[],"_links":{"self":[{"href":"https:\/\/www.hospicjumcieszyn.pl\/en\/wp-json\/wp\/v2\/posts\/3007"}],"collection":[{"href":"https:\/\/www.hospicjumcieszyn.pl\/en\/wp-json\/wp\/v2\/posts"}],"about":[{"href":"https:\/\/www.hospicjumcieszyn.pl\/en\/wp-json\/wp\/v2\/types\/post"}],"author":[{"embeddable":true,"href":"https:\/\/www.hospicjumcieszyn.pl\/en\/wp-json\/wp\/v2\/users\/1"}],"replies":[{"embeddable":true,"href":"https:\/\/www.hospicjumcieszyn.pl\/en\/wp-json\/wp\/v2\/comments?post=3007"}],"version-history":[{"count":2,"href":"https:\/\/www.hospicjumcieszyn.pl\/en\/wp-json\/wp\/v2\/posts\/3007\/revisions"}],"predecessor-version":[{"id":3013,"href":"https:\/\/www.hospicjumcieszyn.pl\/en\/wp-json\/wp\/v2\/posts\/3007\/revisions\/3013"}],"wp:featuredmedia":[{"embeddable":true,"href":"https:\/\/www.hospicjumcieszyn.pl\/en\/wp-json\/wp\/v2\/media\/3011"}],"wp:attachment":[{"href":"https:\/\/www.hospicjumcieszyn.pl\/en\/wp-json\/wp\/v2\/media?parent=3007"}],"wp:term":[{"taxonomy":"category","embeddable":true,"href":"https:\/\/www.hospicjumcieszyn.pl\/en\/wp-json\/wp\/v2\/categories?post=3007"},{"taxonomy":"post_tag","embeddable":true,"href":"https:\/\/www.hospicjumcieszyn.pl\/en\/wp-json\/wp\/v2\/tags?post=3007"}],"curies":[{"name":"wp","href":"https:\/\/api.w.org\/{rel}","templated":true}]}}