{"id":3037,"date":"2018-06-24T00:29:03","date_gmt":"2018-06-23T22:29:03","guid":{"rendered":"https:\/\/www.hospicjumcieszyn.pl\/?p=3037"},"modified":"2018-07-13T22:51:46","modified_gmt":"2018-07-13T20:51:46","slug":"wyniki-viii-maratonu-plywackiego-na-rzecz-naszego-hospicjum","status":"publish","type":"post","link":"https:\/\/www.hospicjumcieszyn.pl\/en\/wyniki-viii-maratonu-plywackiego-na-rzecz-naszego-hospicjum\/","title":{"rendered":"Wyniki VIII maratonu p\u0142ywackiego na rzecz naszego Hospicjum"},"content":{"rendered":"<p>Liczba p\u0142ywak\u00f3w: 33 osoby<\/p>\n<p>Liczba przep\u0142yni\u0119tych d\u0142ugo\u015bci basenu: 2215<\/p>\n<p>Najwi\u0119cej d\u0142ugo\u015bci przep\u0142yn\u0119\u0142a: Magdalena Kobus<\/p>\n<p>Najliczniejsze rodziny: rodzina Waszut\u00f3w i rodzina Kraszewskich<\/p>\n<p>Najm\u0142odszy uczestnik: Zosia Kraszewska<\/p>\n<p>Najstarszy uczestnik: Andrzej \u0141ukasiak<\/p>\n<p>Gratulujemy wszystkim uczestnikom oraz dzi\u0119kujemy wolontariuszom z Liceum i Gimnazjum Towarzystwa Ewangelickiego, z I LO im. A. Osuchowskiego i z Zespo\u0142u Szk\u00f3\u0142 im. W. Szybi\u0144skiego w Cieszynie.<\/p>\n<p>Serdecznie dzi\u0119kujemy wszystkim ofiarodawcom i sponsorom oraz wolontariuszom Hospicjum.<\/p>\n<p>Zapraszamy za rok!!!<\/p>\n<div id='gallery-1' class='gallery galleryid-3037 gallery-columns-3 gallery-size-thumbnail'><figure class='gallery-item'>\n\t\t\t<div class='gallery-icon landscape'>\n\t\t\t\t<a href='https:\/\/www.hospicjumcieszyn.pl\/en\/img_20180623_124912-2\/'><img loading=\"lazy\" decoding=\"async\" width=\"180\" height=\"101\" src=\"https:\/\/www.hospicjumcieszyn.pl\/wp-content\/uploads\/2018\/06\/IMG_20180623_124912-180x101.jpg\" class=\"attachment-thumbnail size-thumbnail\" alt=\"\" srcset=\"https:\/\/www.hospicjumcieszyn.pl\/wp-content\/uploads\/2018\/06\/IMG_20180623_124912-180x101.jpg 180w, https:\/\/www.hospicjumcieszyn.pl\/wp-content\/uploads\/2018\/06\/IMG_20180623_124912-363x203.jpg 363w, https:\/\/www.hospicjumcieszyn.pl\/wp-content\/uploads\/2018\/06\/IMG_20180623_124912.jpg 555w\" sizes=\"(max-width: 180px) 100vw, 180px\" \/><\/a>\n\t\t\t<\/div><\/figure><figure class='gallery-item'>\n\t\t\t<div class='gallery-icon landscape'>\n\t\t\t\t<a href='https:\/\/www.hospicjumcieszyn.pl\/en\/100_3904-2\/'><img loading=\"lazy\" decoding=\"async\" width=\"180\" height=\"135\" src=\"https:\/\/www.hospicjumcieszyn.pl\/wp-content\/uploads\/2018\/06\/100_3904-180x135.jpg\" class=\"attachment-thumbnail size-thumbnail\" alt=\"\" srcset=\"https:\/\/www.hospicjumcieszyn.pl\/wp-content\/uploads\/2018\/06\/100_3904-180x135.jpg 180w, https:\/\/www.hospicjumcieszyn.pl\/wp-content\/uploads\/2018\/06\/100_3904-363x272.jpg 363w, https:\/\/www.hospicjumcieszyn.pl\/wp-content\/uploads\/2018\/06\/100_3904-768x576.jpg 768w, https:\/\/www.hospicjumcieszyn.pl\/wp-content\/uploads\/2018\/06\/100_3904-726x545.jpg 726w, https:\/\/www.hospicjumcieszyn.pl\/wp-content\/uploads\/2018\/06\/100_3904.jpg 2048w\" sizes=\"(max-width: 180px) 100vw, 180px\" \/><\/a>\n\t\t\t<\/div><\/figure><figure class='gallery-item'>\n\t\t\t<div class='gallery-icon landscape'>\n\t\t\t\t<a href='https:\/\/www.hospicjumcieszyn.pl\/en\/img_20180623_105351-2\/'><img loading=\"lazy\" decoding=\"async\" width=\"180\" height=\"101\" src=\"https:\/\/www.hospicjumcieszyn.pl\/wp-content\/uploads\/2018\/06\/IMG_20180623_105351-180x101.jpg\" class=\"attachment-thumbnail size-thumbnail\" alt=\"\" srcset=\"https:\/\/www.hospicjumcieszyn.pl\/wp-content\/uploads\/2018\/06\/IMG_20180623_105351-180x101.jpg 180w, https:\/\/www.hospicjumcieszyn.pl\/wp-content\/uploads\/2018\/06\/IMG_20180623_105351-363x203.jpg 363w, https:\/\/www.hospicjumcieszyn.pl\/wp-content\/uploads\/2018\/06\/IMG_20180623_105351.jpg 555w\" sizes=\"(max-width: 180px) 100vw, 180px\" \/><\/a>\n\t\t\t<\/div><\/figure><figure class='gallery-item'>\n\t\t\t<div class='gallery-icon landscape'>\n\t\t\t\t<a href='https:\/\/www.hospicjumcieszyn.pl\/en\/100_3913-2\/'><img loading=\"lazy\" decoding=\"async\" width=\"180\" height=\"135\" src=\"https:\/\/www.hospicjumcieszyn.pl\/wp-content\/uploads\/2018\/06\/100_3913-180x135.jpg\" class=\"attachment-thumbnail size-thumbnail\" alt=\"\" srcset=\"https:\/\/www.hospicjumcieszyn.pl\/wp-content\/uploads\/2018\/06\/100_3913-180x135.jpg 180w, https:\/\/www.hospicjumcieszyn.pl\/wp-content\/uploads\/2018\/06\/100_3913-363x272.jpg 363w, https:\/\/www.hospicjumcieszyn.pl\/wp-content\/uploads\/2018\/06\/100_3913-768x576.jpg 768w, https:\/\/www.hospicjumcieszyn.pl\/wp-content\/uploads\/2018\/06\/100_3913-726x545.jpg 726w, https:\/\/www.hospicjumcieszyn.pl\/wp-content\/uploads\/2018\/06\/100_3913.jpg 2048w\" sizes=\"(max-width: 180px) 100vw, 180px\" \/><\/a>\n\t\t\t<\/div><\/figure><figure class='gallery-item'>\n\t\t\t<div class='gallery-icon landscape'>\n\t\t\t\t<a href='https:\/\/www.hospicjumcieszyn.pl\/en\/100_3915-2\/'><img loading=\"lazy\" decoding=\"async\" width=\"180\" height=\"135\" src=\"https:\/\/www.hospicjumcieszyn.pl\/wp-content\/uploads\/2018\/06\/100_3915-180x135.jpg\" class=\"attachment-thumbnail size-thumbnail\" alt=\"\" srcset=\"https:\/\/www.hospicjumcieszyn.pl\/wp-content\/uploads\/2018\/06\/100_3915-180x135.jpg 180w, https:\/\/www.hospicjumcieszyn.pl\/wp-content\/uploads\/2018\/06\/100_3915-363x272.jpg 363w, https:\/\/www.hospicjumcieszyn.pl\/wp-content\/uploads\/2018\/06\/100_3915-768x576.jpg 768w, https:\/\/www.hospicjumcieszyn.pl\/wp-content\/uploads\/2018\/06\/100_3915-726x545.jpg 726w, https:\/\/www.hospicjumcieszyn.pl\/wp-content\/uploads\/2018\/06\/100_3915.jpg 2048w\" sizes=\"(max-width: 180px) 100vw, 180px\" \/><\/a>\n\t\t\t<\/div><\/figure>\n\t\t<\/div>\n\n","protected":false},"excerpt":{"rendered":"<p>Liczba p\u0142ywak\u00f3w: 33 osoby Liczba przep\u0142yni\u0119tych d\u0142ugo\u015bci basenu: 2215 Najwi\u0119cej d\u0142ugo\u015bci przep\u0142yn\u0119\u0142a: Magdalena Kobus Najliczniejsze rodziny: rodzina Waszut\u00f3w i rodzina Kraszewskich Najm\u0142odszy uczestnik: Zosia Kraszewska Najstarszy uczestnik: Andrzej \u0141ukasiak Gratulujemy wszystkim uczestnikom oraz dzi\u0119kujemy wolontariuszom z Liceum i Gimnazjum Towarzystwa Ewangelickiego, z I LO im. A. Osuchowskiego i z Zespo\u0142u Szk\u00f3\u0142 im. W. Szybi\u0144skiego w &#8230; <a title=\"Wyniki VIII maratonu p\u0142ywackiego na rzecz naszego Hospicjum\" class=\"read-more\" href=\"https:\/\/www.hospicjumcieszyn.pl\/en\/wyniki-viii-maratonu-plywackiego-na-rzecz-naszego-hospicjum\/\" aria-label=\"More on Wyniki VIII maratonu p\u0142ywackiego na rzecz naszego Hospicjum\">Read more<\/a><\/p>\n","protected":false},"author":1,"featured_media":3040,"comment_status":"closed","ping_status":"closed","sticky":false,"template":"","format":"standard","meta":{"footnotes":""},"categories":[3],"tags":[],"acf":[],"_links":{"self":[{"href":"https:\/\/www.hospicjumcieszyn.pl\/en\/wp-json\/wp\/v2\/posts\/3037"}],"collection":[{"href":"https:\/\/www.hospicjumcieszyn.pl\/en\/wp-json\/wp\/v2\/posts"}],"about":[{"href":"https:\/\/www.hospicjumcieszyn.pl\/en\/wp-json\/wp\/v2\/types\/post"}],"author":[{"embeddable":true,"href":"https:\/\/www.hospicjumcieszyn.pl\/en\/wp-json\/wp\/v2\/users\/1"}],"replies":[{"embeddable":true,"href":"https:\/\/www.hospicjumcieszyn.pl\/en\/wp-json\/wp\/v2\/comments?post=3037"}],"version-history":[{"count":6,"href":"https:\/\/www.hospicjumcieszyn.pl\/en\/wp-json\/wp\/v2\/posts\/3037\/revisions"}],"predecessor-version":[{"id":3055,"href":"https:\/\/www.hospicjumcieszyn.pl\/en\/wp-json\/wp\/v2\/posts\/3037\/revisions\/3055"}],"wp:featuredmedia":[{"embeddable":true,"href":"https:\/\/www.hospicjumcieszyn.pl\/en\/wp-json\/wp\/v2\/media\/3040"}],"wp:attachment":[{"href":"https:\/\/www.hospicjumcieszyn.pl\/en\/wp-json\/wp\/v2\/media?parent=3037"}],"wp:term":[{"taxonomy":"category","embeddable":true,"href":"https:\/\/www.hospicjumcieszyn.pl\/en\/wp-json\/wp\/v2\/categories?post=3037"},{"taxonomy":"post_tag","embeddable":true,"href":"https:\/\/www.hospicjumcieszyn.pl\/en\/wp-json\/wp\/v2\/tags?post=3037"}],"curies":[{"name":"wp","href":"https:\/\/api.w.org\/{rel}","templated":true}]}}