{"id":3045,"date":"2018-07-13T22:39:45","date_gmt":"2018-07-13T20:39:45","guid":{"rendered":"https:\/\/www.hospicjumcieszyn.pl\/?p=3045"},"modified":"2018-07-13T22:39:45","modified_gmt":"2018-07-13T20:39:45","slug":"nakretki-dla-hospicjum-po-raz-czwarty","status":"publish","type":"post","link":"https:\/\/www.hospicjumcieszyn.pl\/en\/nakretki-dla-hospicjum-po-raz-czwarty\/","title":{"rendered":"Nakr\u0119tki dla Hospicjum po raz czwarty"},"content":{"rendered":"<p>Za nami kolejny rok zbierania nakr\u0119tek. Oto lista ofiarodawc\u00f3w:<\/p>\n<ul>\n<li>Miasto Wis\u0142a &#8211; 1380 kg<\/li>\n<li>Szko\u0142a Podstawowa Towarzystwa Ewangelickiego &#8211; 270 kg<\/li>\n<li>Sp- 6 Cieszyn &#8211; 264 kg<\/li>\n<li>Zesp\u00f3\u0142 Szk\u00f3\u0142 Gastronomiczno-Ekonomicznych w Cieszynie &#8211; 210 kg<\/li>\n<li>LO im Kopernika w Cieszynie &#8211; 194 kg<\/li>\n<li>SP- 3 Cieszyn &#8211; 180 kg<\/li>\n<li>Szko\u0142a Podstawowa w Jaworzynce &#8211; 171 kg<\/li>\n<li>SP- 4 Cieszyn &#8211; 162 kg<\/li>\n<li>PS- 1 Cieszyn &#8211; 150 kg<\/li>\n<li>Przedszkole nr 16 w Cieszynie ul. Bielska &#8211; 134,5 kg<\/li>\n<li>Szko\u0142a Podstawowa w Koniakowie &#8211; 104 kg<\/li>\n<li>Przedszkole Pogwizd\u00f3w ul. Katowicka &#8211; 102 kg<\/li>\n<li>Przedszkole w Ha\u017clachu &#8211; 100 kg<\/li>\n<li>Szko\u0142a Podstawowa nr 3 Ustro\u0144 Polana &#8211; 84 kg<\/li>\n<li>Przedszkole Pogwizd\u00f3w ul. Ko\u015bcielna &#8211; 57 kg<\/li>\n<li>SP-7 Cieszyn &#8211; 48 kg<\/li>\n<li>Zesp\u00f3\u0142 Szk\u00f3\u0142 Budowlanych w Cieszynie &#8211; 30 kg<\/li>\n<li>Pa\u0144stwo Jaszczurowscy z Cieszyna &#8211; 25 kg<\/li>\n<li>Cieszyn ul. Szersznika &#8211; 6,20 kg<\/li>\n<li>Ucze\u0144 z LO im Kopernika 13,5 kg<\/li>\n<li>Hospicjum im \u0141ukasza Ewangelisty w Cieszynie &#8211; 20 kg<\/li>\n<li>Starostwo Powiatowe w Cieszynie &#8211; 12 kg<\/li>\n<li>Dariusz Itner &#8211; 7 kg<\/li>\n<li>Mendrzok Ludwik &#8211; 5 kg<\/li>\n<\/ul>\n<p><strong>W sumie w tym roku szkolnym zebrali\u015bmy 3743 kg!<\/strong><\/p>\n<p>Serdecznie zapraszamy do w\u0142\u0105czenia si\u0119 do zbi\u00f3rki.<\/p>\n<p>Zg\u0142oszenia odbioru wi\u0119kszej ilo\u015bci nakr\u0119tek mo\u017cna dokona\u0107 pod numerem telefonu 501723990.<\/p>\n<p>Oddaj\u0105c nakr\u0119tki prosz\u0119 napisa\u0107 na worku lub kartonie nazw\u0119 szko\u0142y, przedszkola, instytucji, zak\u0142adu pracy, organizacji, stowarzyszenia z dopiskiem &#8220;Dla Hospicjum im. \u0141ukasza Ewangelisty w Cieszynie&#8221;.<\/p>\n<p>Dodatkowe informacje mo\u017cna uzyska\u0107 pod numerem telefonu 781448192.<\/p>\n<p><a href=\"https:\/\/www.hospicjumcieszyn.pl\/wp-content\/uploads\/2018\/07\/021.jpg\"><img loading=\"lazy\" decoding=\"async\" class=\"aligncenter size-large wp-image-3046\" src=\"https:\/\/www.hospicjumcieszyn.pl\/wp-content\/uploads\/2018\/07\/021-726x545.jpg\" alt=\"\" width=\"640\" height=\"480\" srcset=\"https:\/\/www.hospicjumcieszyn.pl\/wp-content\/uploads\/2018\/07\/021-726x545.jpg 726w, https:\/\/www.hospicjumcieszyn.pl\/wp-content\/uploads\/2018\/07\/021-180x135.jpg 180w, https:\/\/www.hospicjumcieszyn.pl\/wp-content\/uploads\/2018\/07\/021-363x272.jpg 363w, https:\/\/www.hospicjumcieszyn.pl\/wp-content\/uploads\/2018\/07\/021-768x576.jpg 768w, https:\/\/www.hospicjumcieszyn.pl\/wp-content\/uploads\/2018\/07\/021.jpg 2048w\" sizes=\"(max-width: 640px) 100vw, 640px\" \/><\/a><\/p>\n","protected":false},"excerpt":{"rendered":"<p>Za nami kolejny rok zbierania nakr\u0119tek. Oto lista ofiarodawc\u00f3w: Miasto Wis\u0142a &#8211; 1380 kg Szko\u0142a Podstawowa Towarzystwa Ewangelickiego &#8211; 270 kg Sp- 6 Cieszyn &#8211; 264 kg Zesp\u00f3\u0142 Szk\u00f3\u0142 Gastronomiczno-Ekonomicznych w Cieszynie &#8211; 210 kg LO im Kopernika w Cieszynie &#8211; 194 kg SP- 3 Cieszyn &#8211; 180 kg Szko\u0142a Podstawowa w Jaworzynce &#8211; 171 &#8230; <a title=\"Nakr\u0119tki dla Hospicjum po raz czwarty\" class=\"read-more\" href=\"https:\/\/www.hospicjumcieszyn.pl\/en\/nakretki-dla-hospicjum-po-raz-czwarty\/\" aria-label=\"More on Nakr\u0119tki dla Hospicjum po raz czwarty\">Read more<\/a><\/p>\n","protected":false},"author":4,"featured_media":3046,"comment_status":"closed","ping_status":"closed","sticky":false,"template":"","format":"standard","meta":{"footnotes":""},"categories":[1],"tags":[],"acf":[],"_links":{"self":[{"href":"https:\/\/www.hospicjumcieszyn.pl\/en\/wp-json\/wp\/v2\/posts\/3045"}],"collection":[{"href":"https:\/\/www.hospicjumcieszyn.pl\/en\/wp-json\/wp\/v2\/posts"}],"about":[{"href":"https:\/\/www.hospicjumcieszyn.pl\/en\/wp-json\/wp\/v2\/types\/post"}],"author":[{"embeddable":true,"href":"https:\/\/www.hospicjumcieszyn.pl\/en\/wp-json\/wp\/v2\/users\/4"}],"replies":[{"embeddable":true,"href":"https:\/\/www.hospicjumcieszyn.pl\/en\/wp-json\/wp\/v2\/comments?post=3045"}],"version-history":[{"count":1,"href":"https:\/\/www.hospicjumcieszyn.pl\/en\/wp-json\/wp\/v2\/posts\/3045\/revisions"}],"predecessor-version":[{"id":3047,"href":"https:\/\/www.hospicjumcieszyn.pl\/en\/wp-json\/wp\/v2\/posts\/3045\/revisions\/3047"}],"wp:featuredmedia":[{"embeddable":true,"href":"https:\/\/www.hospicjumcieszyn.pl\/en\/wp-json\/wp\/v2\/media\/3046"}],"wp:attachment":[{"href":"https:\/\/www.hospicjumcieszyn.pl\/en\/wp-json\/wp\/v2\/media?parent=3045"}],"wp:term":[{"taxonomy":"category","embeddable":true,"href":"https:\/\/www.hospicjumcieszyn.pl\/en\/wp-json\/wp\/v2\/categories?post=3045"},{"taxonomy":"post_tag","embeddable":true,"href":"https:\/\/www.hospicjumcieszyn.pl\/en\/wp-json\/wp\/v2\/tags?post=3045"}],"curies":[{"name":"wp","href":"https:\/\/api.w.org\/{rel}","templated":true}]}}