{"id":3085,"date":"2018-09-05T21:15:19","date_gmt":"2018-09-05T19:15:19","guid":{"rendered":"https:\/\/www.hospicjumcieszyn.pl\/?p=3085"},"modified":"2018-09-05T21:15:19","modified_gmt":"2018-09-05T19:15:19","slug":"zmiana-terminu-comiesiecznych-zebran","status":"publish","type":"post","link":"https:\/\/www.hospicjumcieszyn.pl\/en\/zmiana-terminu-comiesiecznych-zebran\/","title":{"rendered":"Zmiana terminu comiesi\u0119cznych zebra\u0144"},"content":{"rendered":"<div>Informujemy wszystkich zainteresowanych, \u017ce najbli\u017csze spotkanie dla wolontariuszy i sympatyk\u00f3w odb\u0119dzie si\u0119\u00a0w \u015brod\u0119 12 wrze\u015bnia 2018 roku:<\/div>\n<ul>\n<li>godz. 18:oo &#8211; Msza \u015bw. w ko\u015bciele \u015bw. Krzy\u017ca<\/li>\n<li>godz. 18:3o &#8211; zebranie w klasztorze oo. Franciszkan\u00f3w<\/li>\n<\/ul>\n<div><strong>Od tego roku po wakacjach ustalili\u015bmy, \u017ce msze i zebrania b\u0119d\u0105 odbywa\u0107 si\u0119 w ka\u017cd\u0105 drug\u0105 \u015brod\u0119 miesi\u0105ca.<\/strong><\/div>\n","protected":false},"excerpt":{"rendered":"<p>Informujemy wszystkich zainteresowanych, \u017ce najbli\u017csze spotkanie dla wolontariuszy i sympatyk\u00f3w odb\u0119dzie si\u0119\u00a0w \u015brod\u0119 12 wrze\u015bnia 2018 roku: godz. 18:oo &#8211; Msza \u015bw. w ko\u015bciele \u015bw. Krzy\u017ca godz. 18:3o &#8211; zebranie w klasztorze oo. Franciszkan\u00f3w Od tego roku po wakacjach ustalili\u015bmy, \u017ce msze i zebrania b\u0119d\u0105 odbywa\u0107 si\u0119 w ka\u017cd\u0105 drug\u0105 \u015brod\u0119 miesi\u0105ca.<\/p>\n","protected":false},"author":1,"featured_media":0,"comment_status":"closed","ping_status":"closed","sticky":false,"template":"","format":"standard","meta":{"footnotes":""},"categories":[1],"tags":[],"acf":[],"_links":{"self":[{"href":"https:\/\/www.hospicjumcieszyn.pl\/en\/wp-json\/wp\/v2\/posts\/3085"}],"collection":[{"href":"https:\/\/www.hospicjumcieszyn.pl\/en\/wp-json\/wp\/v2\/posts"}],"about":[{"href":"https:\/\/www.hospicjumcieszyn.pl\/en\/wp-json\/wp\/v2\/types\/post"}],"author":[{"embeddable":true,"href":"https:\/\/www.hospicjumcieszyn.pl\/en\/wp-json\/wp\/v2\/users\/1"}],"replies":[{"embeddable":true,"href":"https:\/\/www.hospicjumcieszyn.pl\/en\/wp-json\/wp\/v2\/comments?post=3085"}],"version-history":[{"count":1,"href":"https:\/\/www.hospicjumcieszyn.pl\/en\/wp-json\/wp\/v2\/posts\/3085\/revisions"}],"predecessor-version":[{"id":3086,"href":"https:\/\/www.hospicjumcieszyn.pl\/en\/wp-json\/wp\/v2\/posts\/3085\/revisions\/3086"}],"wp:attachment":[{"href":"https:\/\/www.hospicjumcieszyn.pl\/en\/wp-json\/wp\/v2\/media?parent=3085"}],"wp:term":[{"taxonomy":"category","embeddable":true,"href":"https:\/\/www.hospicjumcieszyn.pl\/en\/wp-json\/wp\/v2\/categories?post=3085"},{"taxonomy":"post_tag","embeddable":true,"href":"https:\/\/www.hospicjumcieszyn.pl\/en\/wp-json\/wp\/v2\/tags?post=3085"}],"curies":[{"name":"wp","href":"https:\/\/api.w.org\/{rel}","templated":true}]}}