{"id":3094,"date":"2018-10-25T21:53:04","date_gmt":"2018-10-25T19:53:04","guid":{"rendered":"https:\/\/www.hospicjumcieszyn.pl\/?p=3094"},"modified":"2018-10-31T21:56:02","modified_gmt":"2018-10-31T20:56:02","slug":"bielskie-spotkania","status":"publish","type":"post","link":"https:\/\/www.hospicjumcieszyn.pl\/en\/bielskie-spotkania\/","title":{"rendered":"Bielskie spotkania"},"content":{"rendered":"<p>Nasz nowy kapelan o. Paschalis 6 pa\u017adziernika uczestniczy\u0142 w spotkaniu kapelan\u00f3w szpitalnych i hospicyjnych z Biskupem Romanem Pindlem na temat: &#8220;Kapelania szpitalna &#8211; pasja, udr\u0119ka czy cierpienie&#8221;.<\/p>\n<p>Natomiast 18 pa\u017adziernika, we wspomnienie \u015bw. \u0141ukasza, patrona lekarzy, przedstawicielki Zarz\u0105du: D. Kania i J. Cie\u015blar pojecha\u0142y do Bielska na spotkanie dla os\u00f3b zaanga\u017cowanych w dzia\u0142alno\u015b\u0107 S\u0142u\u017cby Zdrowia na terenie naszej Diecezji.<\/p>\n<div id='gallery-1' class='gallery galleryid-3094 gallery-columns-3 gallery-size-thumbnail'><figure class='gallery-item'>\n\t\t\t<div class='gallery-icon landscape'>\n\t\t\t\t<a href='https:\/\/www.hospicjumcieszyn.pl\/en\/img_20181018_1908001-2\/'><img loading=\"lazy\" decoding=\"async\" width=\"180\" height=\"101\" src=\"https:\/\/www.hospicjumcieszyn.pl\/wp-content\/uploads\/2018\/10\/IMG_20181018_1908001-180x101.jpg\" class=\"attachment-thumbnail size-thumbnail\" alt=\"\" srcset=\"https:\/\/www.hospicjumcieszyn.pl\/wp-content\/uploads\/2018\/10\/IMG_20181018_1908001-180x101.jpg 180w, https:\/\/www.hospicjumcieszyn.pl\/wp-content\/uploads\/2018\/10\/IMG_20181018_1908001-363x204.jpg 363w, https:\/\/www.hospicjumcieszyn.pl\/wp-content\/uploads\/2018\/10\/IMG_20181018_1908001-768x431.jpg 768w, https:\/\/www.hospicjumcieszyn.pl\/wp-content\/uploads\/2018\/10\/IMG_20181018_1908001-726x408.jpg 726w, https:\/\/www.hospicjumcieszyn.pl\/wp-content\/uploads\/2018\/10\/IMG_20181018_1908001.jpg 2048w\" sizes=\"(max-width: 180px) 100vw, 180px\" \/><\/a>\n\t\t\t<\/div><\/figure><figure class='gallery-item'>\n\t\t\t<div class='gallery-icon portrait'>\n\t\t\t\t<a href='https:\/\/www.hospicjumcieszyn.pl\/en\/img_20181018_1906331-2\/'><img loading=\"lazy\" decoding=\"async\" width=\"135\" height=\"240\" src=\"https:\/\/www.hospicjumcieszyn.pl\/wp-content\/uploads\/2018\/10\/IMG_20181018_1906331-135x240.jpg\" class=\"attachment-thumbnail size-thumbnail\" alt=\"\" srcset=\"https:\/\/www.hospicjumcieszyn.pl\/wp-content\/uploads\/2018\/10\/IMG_20181018_1906331-135x240.jpg 135w, https:\/\/www.hospicjumcieszyn.pl\/wp-content\/uploads\/2018\/10\/IMG_20181018_1906331-204x363.jpg 204w, https:\/\/www.hospicjumcieszyn.pl\/wp-content\/uploads\/2018\/10\/IMG_20181018_1906331-768x1368.jpg 768w, https:\/\/www.hospicjumcieszyn.pl\/wp-content\/uploads\/2018\/10\/IMG_20181018_1906331-408x726.jpg 408w, https:\/\/www.hospicjumcieszyn.pl\/wp-content\/uploads\/2018\/10\/IMG_20181018_1906331.jpg 1150w\" sizes=\"(max-width: 135px) 100vw, 135px\" \/><\/a>\n\t\t\t<\/div><\/figure>\n\t\t<\/div>\n\n","protected":false},"excerpt":{"rendered":"<p>Nasz nowy kapelan o. Paschalis 6 pa\u017adziernika uczestniczy\u0142 w spotkaniu kapelan\u00f3w szpitalnych i hospicyjnych z Biskupem Romanem Pindlem na temat: &#8220;Kapelania szpitalna &#8211; pasja, udr\u0119ka czy cierpienie&#8221;. Natomiast 18 pa\u017adziernika, we wspomnienie \u015bw. \u0141ukasza, patrona lekarzy, przedstawicielki Zarz\u0105du: D. Kania i J. Cie\u015blar pojecha\u0142y do Bielska na spotkanie dla os\u00f3b zaanga\u017cowanych w dzia\u0142alno\u015b\u0107 S\u0142u\u017cby Zdrowia &#8230; <a title=\"Bielskie spotkania\" class=\"read-more\" href=\"https:\/\/www.hospicjumcieszyn.pl\/en\/bielskie-spotkania\/\" aria-label=\"More on Bielskie spotkania\">Read more<\/a><\/p>\n","protected":false},"author":4,"featured_media":3096,"comment_status":"closed","ping_status":"closed","sticky":false,"template":"","format":"standard","meta":{"footnotes":""},"categories":[1],"tags":[],"acf":[],"_links":{"self":[{"href":"https:\/\/www.hospicjumcieszyn.pl\/en\/wp-json\/wp\/v2\/posts\/3094"}],"collection":[{"href":"https:\/\/www.hospicjumcieszyn.pl\/en\/wp-json\/wp\/v2\/posts"}],"about":[{"href":"https:\/\/www.hospicjumcieszyn.pl\/en\/wp-json\/wp\/v2\/types\/post"}],"author":[{"embeddable":true,"href":"https:\/\/www.hospicjumcieszyn.pl\/en\/wp-json\/wp\/v2\/users\/4"}],"replies":[{"embeddable":true,"href":"https:\/\/www.hospicjumcieszyn.pl\/en\/wp-json\/wp\/v2\/comments?post=3094"}],"version-history":[{"count":1,"href":"https:\/\/www.hospicjumcieszyn.pl\/en\/wp-json\/wp\/v2\/posts\/3094\/revisions"}],"predecessor-version":[{"id":3097,"href":"https:\/\/www.hospicjumcieszyn.pl\/en\/wp-json\/wp\/v2\/posts\/3094\/revisions\/3097"}],"wp:featuredmedia":[{"embeddable":true,"href":"https:\/\/www.hospicjumcieszyn.pl\/en\/wp-json\/wp\/v2\/media\/3096"}],"wp:attachment":[{"href":"https:\/\/www.hospicjumcieszyn.pl\/en\/wp-json\/wp\/v2\/media?parent=3094"}],"wp:term":[{"taxonomy":"category","embeddable":true,"href":"https:\/\/www.hospicjumcieszyn.pl\/en\/wp-json\/wp\/v2\/categories?post=3094"},{"taxonomy":"post_tag","embeddable":true,"href":"https:\/\/www.hospicjumcieszyn.pl\/en\/wp-json\/wp\/v2\/tags?post=3094"}],"curies":[{"name":"wp","href":"https:\/\/api.w.org\/{rel}","templated":true}]}}