{"id":35,"date":"2012-02-11T01:00:24","date_gmt":"2012-02-11T00:00:24","guid":{"rendered":"http:\/\/hospicjumcieszyn.pl\/?p=35"},"modified":"2013-08-21T19:53:51","modified_gmt":"2013-08-21T17:53:51","slug":"kulig-dla-dzieci","status":"publish","type":"post","link":"https:\/\/www.hospicjumcieszyn.pl\/en\/kulig-dla-dzieci\/","title":{"rendered":"Kulig dla dzieci"},"content":{"rendered":"<p>W sobot\u0119 11 lutego wolontariuszki hospicyjne zorganizowa\u0142y kulig dla dzieci osieroconych oraz ich rodzic\u00f3w i opiekun\u00f3w. Wycieczka dotar\u0142a do Wis\u0142y Czarne gdzie czeka\u0142y ju\u017c zaprz\u0119gi konne. Mro\u017ana,ale s\u0142oneczna pogoda zach\u0119ca\u0142a do zimowej sanny. W punkcie docelowym przygotowano ognisko, kie\u0142baski i regionalny ko\u0142ocz. Wszyscy usatysfakcjonowani cho\u0107 zzi\u0119bni\u0119ci wracali do autobusu podziwiaj\u0105c zimowe krajobrazy naszych Beskid\u00f3w.<\/p>\n<div id='gallery-1' class='gallery galleryid-35 gallery-columns-3 gallery-size-thumbnail'><figure class='gallery-item'>\n\t\t\t<div class='gallery-icon landscape'>\n\t\t\t\t<a href='https:\/\/www.hospicjumcieszyn.pl\/en\/kulig-2\/'><img loading=\"lazy\" decoding=\"async\" width=\"180\" height=\"135\" src=\"https:\/\/www.hospicjumcieszyn.pl\/wp-content\/uploads\/2013\/02\/kulig-180x135.jpg\" class=\"attachment-thumbnail size-thumbnail\" alt=\"\" srcset=\"https:\/\/www.hospicjumcieszyn.pl\/wp-content\/uploads\/2013\/02\/kulig-180x135.jpg 180w, https:\/\/www.hospicjumcieszyn.pl\/wp-content\/uploads\/2013\/02\/kulig-363x272.jpg 363w, https:\/\/www.hospicjumcieszyn.pl\/wp-content\/uploads\/2013\/02\/kulig.jpg 620w\" sizes=\"(max-width: 180px) 100vw, 180px\" \/><\/a>\n\t\t\t<\/div><\/figure><figure class='gallery-item'>\n\t\t\t<div class='gallery-icon landscape'>\n\t\t\t\t<a href='https:\/\/www.hospicjumcieszyn.pl\/en\/kulig1-2\/'><img loading=\"lazy\" decoding=\"async\" width=\"180\" height=\"135\" src=\"https:\/\/www.hospicjumcieszyn.pl\/wp-content\/uploads\/2013\/02\/kulig1-180x135.jpg\" class=\"attachment-thumbnail size-thumbnail\" alt=\"\" srcset=\"https:\/\/www.hospicjumcieszyn.pl\/wp-content\/uploads\/2013\/02\/kulig1-180x135.jpg 180w, https:\/\/www.hospicjumcieszyn.pl\/wp-content\/uploads\/2013\/02\/kulig1-363x272.jpg 363w, https:\/\/www.hospicjumcieszyn.pl\/wp-content\/uploads\/2013\/02\/kulig1.jpg 620w\" sizes=\"(max-width: 180px) 100vw, 180px\" \/><\/a>\n\t\t\t<\/div><\/figure><figure class='gallery-item'>\n\t\t\t<div class='gallery-icon landscape'>\n\t\t\t\t<a href='https:\/\/www.hospicjumcieszyn.pl\/en\/kulig2-2\/'><img loading=\"lazy\" decoding=\"async\" width=\"180\" height=\"135\" src=\"https:\/\/www.hospicjumcieszyn.pl\/wp-content\/uploads\/2013\/02\/kulig2-180x135.jpg\" class=\"attachment-thumbnail size-thumbnail\" alt=\"\" srcset=\"https:\/\/www.hospicjumcieszyn.pl\/wp-content\/uploads\/2013\/02\/kulig2-180x135.jpg 180w, https:\/\/www.hospicjumcieszyn.pl\/wp-content\/uploads\/2013\/02\/kulig2-363x272.jpg 363w, https:\/\/www.hospicjumcieszyn.pl\/wp-content\/uploads\/2013\/02\/kulig2.jpg 620w\" sizes=\"(max-width: 180px) 100vw, 180px\" \/><\/a>\n\t\t\t<\/div><\/figure>\n\t\t<\/div>\n\n","protected":false},"excerpt":{"rendered":"<p>W sobot\u0119 11 lutego wolontariuszki hospicyjne zorganizowa\u0142y kulig dla dzieci osieroconych oraz ich rodzic\u00f3w i opiekun\u00f3w. Wycieczka dotar\u0142a do Wis\u0142y Czarne gdzie czeka\u0142y ju\u017c zaprz\u0119gi konne. Mro\u017ana,ale s\u0142oneczna pogoda zach\u0119ca\u0142a do zimowej sanny. W punkcie docelowym przygotowano ognisko, kie\u0142baski i regionalny ko\u0142ocz. Wszyscy usatysfakcjonowani cho\u0107 zzi\u0119bni\u0119ci wracali do autobusu podziwiaj\u0105c zimowe krajobrazy naszych Beskid\u00f3w.<\/p>\n","protected":false},"author":1,"featured_media":0,"comment_status":"closed","ping_status":"closed","sticky":false,"template":"","format":"standard","meta":{"footnotes":""},"categories":[9],"tags":[],"acf":[],"_links":{"self":[{"href":"https:\/\/www.hospicjumcieszyn.pl\/en\/wp-json\/wp\/v2\/posts\/35"}],"collection":[{"href":"https:\/\/www.hospicjumcieszyn.pl\/en\/wp-json\/wp\/v2\/posts"}],"about":[{"href":"https:\/\/www.hospicjumcieszyn.pl\/en\/wp-json\/wp\/v2\/types\/post"}],"author":[{"embeddable":true,"href":"https:\/\/www.hospicjumcieszyn.pl\/en\/wp-json\/wp\/v2\/users\/1"}],"replies":[{"embeddable":true,"href":"https:\/\/www.hospicjumcieszyn.pl\/en\/wp-json\/wp\/v2\/comments?post=35"}],"version-history":[{"count":5,"href":"https:\/\/www.hospicjumcieszyn.pl\/en\/wp-json\/wp\/v2\/posts\/35\/revisions"}],"predecessor-version":[{"id":752,"href":"https:\/\/www.hospicjumcieszyn.pl\/en\/wp-json\/wp\/v2\/posts\/35\/revisions\/752"}],"wp:attachment":[{"href":"https:\/\/www.hospicjumcieszyn.pl\/en\/wp-json\/wp\/v2\/media?parent=35"}],"wp:term":[{"taxonomy":"category","embeddable":true,"href":"https:\/\/www.hospicjumcieszyn.pl\/en\/wp-json\/wp\/v2\/categories?post=35"},{"taxonomy":"post_tag","embeddable":true,"href":"https:\/\/www.hospicjumcieszyn.pl\/en\/wp-json\/wp\/v2\/tags?post=35"}],"curies":[{"name":"wp","href":"https:\/\/api.w.org\/{rel}","templated":true}]}}