{"id":4839,"date":"2019-07-09T20:54:35","date_gmt":"2019-07-09T18:54:35","guid":{"rendered":"https:\/\/www.hospicjumcieszyn.pl\/?p=4839"},"modified":"2019-07-09T20:55:45","modified_gmt":"2019-07-09T18:55:45","slug":"maraton-juz-za-nami","status":"publish","type":"post","link":"https:\/\/www.hospicjumcieszyn.pl\/en\/maraton-juz-za-nami\/","title":{"rendered":"Maraton ju\u017c za nami!"},"content":{"rendered":"<p>Tegoroczny, dziewi\u0105ty Maraton P\u0142ywacki w dniu 22 czerwca przyni\u00f3s\u0142 3221 d\u0142ugo\u015bci na P\u0142ywalni przy SP 4. Rekordzista &#8211; Pawe\u0142 Ko\u0142der pokona\u0142 siedem i p\u00f3\u0142 kilometra, czyli 448 d\u0142ugo\u015bci, juniork\u0105 zosta\u0142a Antosia Szweblik, a seniork\u0105 pani Anna Iwa\u0144ska. Nagrod\u0119 za liczny udzia\u0142 otrzyma\u0142y rodziny Waszut\u00f3w i Habart\u00f3w.<\/p>\n<p>Dzi\u0119kujemy firmie DIEHL Metering za finansowanie naszego p\u0142ywania (i za udzia\u0142 w Maratonie jej pracownik\u00f3w) oraz sklepom OTIKA i STX, a ponadto Restauracji &#8220;TRZEJ BRACIA&#8221; za nagrody.<\/p>\n<p>Ju\u017c teraz wszystkich zapraszamy na przysz\u0142oroczny jubileuszowy maraton!<\/p>\n<div id='gallery-1' class='gallery galleryid-4839 gallery-columns-3 gallery-size-thumbnail'><figure class='gallery-item'>\n\t\t\t<div class='gallery-icon landscape'>\n\t\t\t\t<a href='https:\/\/www.hospicjumcieszyn.pl\/en\/img_20190622_105521-2\/'><img loading=\"lazy\" decoding=\"async\" width=\"180\" height=\"101\" src=\"https:\/\/www.hospicjumcieszyn.pl\/wp-content\/uploads\/2019\/07\/IMG_20190622_105521-180x101.jpg\" class=\"attachment-thumbnail size-thumbnail\" alt=\"\" srcset=\"https:\/\/www.hospicjumcieszyn.pl\/wp-content\/uploads\/2019\/07\/IMG_20190622_105521-180x101.jpg 180w, https:\/\/www.hospicjumcieszyn.pl\/wp-content\/uploads\/2019\/07\/IMG_20190622_105521-363x204.jpg 363w, https:\/\/www.hospicjumcieszyn.pl\/wp-content\/uploads\/2019\/07\/IMG_20190622_105521-768x431.jpg 768w, https:\/\/www.hospicjumcieszyn.pl\/wp-content\/uploads\/2019\/07\/IMG_20190622_105521-726x408.jpg 726w, https:\/\/www.hospicjumcieszyn.pl\/wp-content\/uploads\/2019\/07\/IMG_20190622_105521.jpg 2048w\" sizes=\"(max-width: 180px) 100vw, 180px\" \/><\/a>\n\t\t\t<\/div><\/figure><figure class='gallery-item'>\n\t\t\t<div class='gallery-icon landscape'>\n\t\t\t\t<a href='https:\/\/www.hospicjumcieszyn.pl\/en\/img_20190622_105524-2\/'><img loading=\"lazy\" decoding=\"async\" width=\"180\" height=\"101\" src=\"https:\/\/www.hospicjumcieszyn.pl\/wp-content\/uploads\/2019\/07\/IMG_20190622_105524-180x101.jpg\" class=\"attachment-thumbnail size-thumbnail\" alt=\"\" srcset=\"https:\/\/www.hospicjumcieszyn.pl\/wp-content\/uploads\/2019\/07\/IMG_20190622_105524-180x101.jpg 180w, https:\/\/www.hospicjumcieszyn.pl\/wp-content\/uploads\/2019\/07\/IMG_20190622_105524-363x204.jpg 363w, https:\/\/www.hospicjumcieszyn.pl\/wp-content\/uploads\/2019\/07\/IMG_20190622_105524-768x431.jpg 768w, https:\/\/www.hospicjumcieszyn.pl\/wp-content\/uploads\/2019\/07\/IMG_20190622_105524-726x408.jpg 726w, https:\/\/www.hospicjumcieszyn.pl\/wp-content\/uploads\/2019\/07\/IMG_20190622_105524.jpg 2048w\" sizes=\"(max-width: 180px) 100vw, 180px\" \/><\/a>\n\t\t\t<\/div><\/figure><figure class='gallery-item'>\n\t\t\t<div class='gallery-icon landscape'>\n\t\t\t\t<a href='https:\/\/www.hospicjumcieszyn.pl\/en\/img_20190622_105518-2\/'><img loading=\"lazy\" decoding=\"async\" width=\"180\" height=\"101\" src=\"https:\/\/www.hospicjumcieszyn.pl\/wp-content\/uploads\/2019\/07\/IMG_20190622_105518-180x101.jpg\" class=\"attachment-thumbnail size-thumbnail\" alt=\"\" srcset=\"https:\/\/www.hospicjumcieszyn.pl\/wp-content\/uploads\/2019\/07\/IMG_20190622_105518-180x101.jpg 180w, https:\/\/www.hospicjumcieszyn.pl\/wp-content\/uploads\/2019\/07\/IMG_20190622_105518-363x204.jpg 363w, https:\/\/www.hospicjumcieszyn.pl\/wp-content\/uploads\/2019\/07\/IMG_20190622_105518-768x431.jpg 768w, https:\/\/www.hospicjumcieszyn.pl\/wp-content\/uploads\/2019\/07\/IMG_20190622_105518-726x408.jpg 726w, https:\/\/www.hospicjumcieszyn.pl\/wp-content\/uploads\/2019\/07\/IMG_20190622_105518.jpg 2048w\" sizes=\"(max-width: 180px) 100vw, 180px\" \/><\/a>\n\t\t\t<\/div><\/figure><figure class='gallery-item'>\n\t\t\t<div class='gallery-icon portrait'>\n\t\t\t\t<a href='https:\/\/www.hospicjumcieszyn.pl\/en\/img_20190622_105502-2\/'><img loading=\"lazy\" decoding=\"async\" width=\"135\" height=\"240\" src=\"https:\/\/www.hospicjumcieszyn.pl\/wp-content\/uploads\/2019\/07\/IMG_20190622_105502-135x240.jpg\" class=\"attachment-thumbnail size-thumbnail\" alt=\"\" srcset=\"https:\/\/www.hospicjumcieszyn.pl\/wp-content\/uploads\/2019\/07\/IMG_20190622_105502-135x240.jpg 135w, https:\/\/www.hospicjumcieszyn.pl\/wp-content\/uploads\/2019\/07\/IMG_20190622_105502-204x363.jpg 204w, https:\/\/www.hospicjumcieszyn.pl\/wp-content\/uploads\/2019\/07\/IMG_20190622_105502-768x1368.jpg 768w, https:\/\/www.hospicjumcieszyn.pl\/wp-content\/uploads\/2019\/07\/IMG_20190622_105502-408x726.jpg 408w, https:\/\/www.hospicjumcieszyn.pl\/wp-content\/uploads\/2019\/07\/IMG_20190622_105502.jpg 1150w\" sizes=\"(max-width: 135px) 100vw, 135px\" \/><\/a>\n\t\t\t<\/div><\/figure><figure class='gallery-item'>\n\t\t\t<div class='gallery-icon portrait'>\n\t\t\t\t<a href='https:\/\/www.hospicjumcieszyn.pl\/en\/img_20190622_103838-2\/'><img loading=\"lazy\" decoding=\"async\" width=\"135\" height=\"240\" src=\"https:\/\/www.hospicjumcieszyn.pl\/wp-content\/uploads\/2019\/07\/IMG_20190622_103838-135x240.jpg\" class=\"attachment-thumbnail size-thumbnail\" alt=\"\" srcset=\"https:\/\/www.hospicjumcieszyn.pl\/wp-content\/uploads\/2019\/07\/IMG_20190622_103838-135x240.jpg 135w, https:\/\/www.hospicjumcieszyn.pl\/wp-content\/uploads\/2019\/07\/IMG_20190622_103838-204x363.jpg 204w, https:\/\/www.hospicjumcieszyn.pl\/wp-content\/uploads\/2019\/07\/IMG_20190622_103838-768x1368.jpg 768w, https:\/\/www.hospicjumcieszyn.pl\/wp-content\/uploads\/2019\/07\/IMG_20190622_103838-408x726.jpg 408w, https:\/\/www.hospicjumcieszyn.pl\/wp-content\/uploads\/2019\/07\/IMG_20190622_103838.jpg 1150w\" sizes=\"(max-width: 135px) 100vw, 135px\" \/><\/a>\n\t\t\t<\/div><\/figure><figure class='gallery-item'>\n\t\t\t<div class='gallery-icon portrait'>\n\t\t\t\t<a href='https:\/\/www.hospicjumcieszyn.pl\/en\/img_20190622_105510-2\/'><img loading=\"lazy\" decoding=\"async\" width=\"135\" height=\"240\" src=\"https:\/\/www.hospicjumcieszyn.pl\/wp-content\/uploads\/2019\/07\/IMG_20190622_105510-135x240.jpg\" class=\"attachment-thumbnail size-thumbnail\" alt=\"\" srcset=\"https:\/\/www.hospicjumcieszyn.pl\/wp-content\/uploads\/2019\/07\/IMG_20190622_105510-135x240.jpg 135w, https:\/\/www.hospicjumcieszyn.pl\/wp-content\/uploads\/2019\/07\/IMG_20190622_105510-204x363.jpg 204w, https:\/\/www.hospicjumcieszyn.pl\/wp-content\/uploads\/2019\/07\/IMG_20190622_105510-768x1368.jpg 768w, https:\/\/www.hospicjumcieszyn.pl\/wp-content\/uploads\/2019\/07\/IMG_20190622_105510-408x726.jpg 408w, https:\/\/www.hospicjumcieszyn.pl\/wp-content\/uploads\/2019\/07\/IMG_20190622_105510.jpg 1150w\" sizes=\"(max-width: 135px) 100vw, 135px\" \/><\/a>\n\t\t\t<\/div><\/figure><figure class='gallery-item'>\n\t\t\t<div class='gallery-icon landscape'>\n\t\t\t\t<a href='https:\/\/www.hospicjumcieszyn.pl\/en\/img_20190622_103802-2\/'><img loading=\"lazy\" decoding=\"async\" width=\"180\" height=\"101\" src=\"https:\/\/www.hospicjumcieszyn.pl\/wp-content\/uploads\/2019\/07\/IMG_20190622_103802-180x101.jpg\" class=\"attachment-thumbnail size-thumbnail\" alt=\"\" srcset=\"https:\/\/www.hospicjumcieszyn.pl\/wp-content\/uploads\/2019\/07\/IMG_20190622_103802-180x101.jpg 180w, https:\/\/www.hospicjumcieszyn.pl\/wp-content\/uploads\/2019\/07\/IMG_20190622_103802-363x204.jpg 363w, https:\/\/www.hospicjumcieszyn.pl\/wp-content\/uploads\/2019\/07\/IMG_20190622_103802-768x431.jpg 768w, https:\/\/www.hospicjumcieszyn.pl\/wp-content\/uploads\/2019\/07\/IMG_20190622_103802-726x408.jpg 726w, https:\/\/www.hospicjumcieszyn.pl\/wp-content\/uploads\/2019\/07\/IMG_20190622_103802.jpg 2048w\" sizes=\"(max-width: 180px) 100vw, 180px\" \/><\/a>\n\t\t\t<\/div><\/figure><figure class='gallery-item'>\n\t\t\t<div class='gallery-icon landscape'>\n\t\t\t\t<a href='https:\/\/www.hospicjumcieszyn.pl\/en\/img_20190622_103705-2\/'><img loading=\"lazy\" decoding=\"async\" width=\"180\" height=\"101\" src=\"https:\/\/www.hospicjumcieszyn.pl\/wp-content\/uploads\/2019\/07\/IMG_20190622_103705-180x101.jpg\" class=\"attachment-thumbnail size-thumbnail\" alt=\"\" srcset=\"https:\/\/www.hospicjumcieszyn.pl\/wp-content\/uploads\/2019\/07\/IMG_20190622_103705-180x101.jpg 180w, https:\/\/www.hospicjumcieszyn.pl\/wp-content\/uploads\/2019\/07\/IMG_20190622_103705-363x204.jpg 363w, https:\/\/www.hospicjumcieszyn.pl\/wp-content\/uploads\/2019\/07\/IMG_20190622_103705-768x431.jpg 768w, https:\/\/www.hospicjumcieszyn.pl\/wp-content\/uploads\/2019\/07\/IMG_20190622_103705-726x408.jpg 726w, https:\/\/www.hospicjumcieszyn.pl\/wp-content\/uploads\/2019\/07\/IMG_20190622_103705.jpg 2048w\" sizes=\"(max-width: 180px) 100vw, 180px\" \/><\/a>\n\t\t\t<\/div><\/figure><figure class='gallery-item'>\n\t\t\t<div class='gallery-icon portrait'>\n\t\t\t\t<a href='https:\/\/www.hospicjumcieszyn.pl\/en\/img_20190622_095516-2\/'><img loading=\"lazy\" decoding=\"async\" width=\"135\" height=\"240\" src=\"https:\/\/www.hospicjumcieszyn.pl\/wp-content\/uploads\/2019\/07\/IMG_20190622_095516-135x240.jpg\" class=\"attachment-thumbnail size-thumbnail\" alt=\"\" srcset=\"https:\/\/www.hospicjumcieszyn.pl\/wp-content\/uploads\/2019\/07\/IMG_20190622_095516-135x240.jpg 135w, https:\/\/www.hospicjumcieszyn.pl\/wp-content\/uploads\/2019\/07\/IMG_20190622_095516-204x363.jpg 204w, https:\/\/www.hospicjumcieszyn.pl\/wp-content\/uploads\/2019\/07\/IMG_20190622_095516-768x1368.jpg 768w, https:\/\/www.hospicjumcieszyn.pl\/wp-content\/uploads\/2019\/07\/IMG_20190622_095516-408x726.jpg 408w, https:\/\/www.hospicjumcieszyn.pl\/wp-content\/uploads\/2019\/07\/IMG_20190622_095516.jpg 1150w\" sizes=\"(max-width: 135px) 100vw, 135px\" \/><\/a>\n\t\t\t<\/div><\/figure><figure class='gallery-item'>\n\t\t\t<div class='gallery-icon landscape'>\n\t\t\t\t<a href='https:\/\/www.hospicjumcieszyn.pl\/en\/img_20190622_102251-2\/'><img loading=\"lazy\" decoding=\"async\" width=\"180\" height=\"101\" src=\"https:\/\/www.hospicjumcieszyn.pl\/wp-content\/uploads\/2019\/07\/IMG_20190622_102251-180x101.jpg\" class=\"attachment-thumbnail size-thumbnail\" alt=\"\" srcset=\"https:\/\/www.hospicjumcieszyn.pl\/wp-content\/uploads\/2019\/07\/IMG_20190622_102251-180x101.jpg 180w, https:\/\/www.hospicjumcieszyn.pl\/wp-content\/uploads\/2019\/07\/IMG_20190622_102251-363x204.jpg 363w, https:\/\/www.hospicjumcieszyn.pl\/wp-content\/uploads\/2019\/07\/IMG_20190622_102251-768x431.jpg 768w, https:\/\/www.hospicjumcieszyn.pl\/wp-content\/uploads\/2019\/07\/IMG_20190622_102251-726x408.jpg 726w, https:\/\/www.hospicjumcieszyn.pl\/wp-content\/uploads\/2019\/07\/IMG_20190622_102251.jpg 2048w\" sizes=\"(max-width: 180px) 100vw, 180px\" \/><\/a>\n\t\t\t<\/div><\/figure>\n\t\t<\/div>\n\n","protected":false},"excerpt":{"rendered":"<p>Tegoroczny, dziewi\u0105ty Maraton P\u0142ywacki w dniu 22 czerwca przyni\u00f3s\u0142 3221 d\u0142ugo\u015bci na P\u0142ywalni przy SP 4. Rekordzista &#8211; Pawe\u0142 Ko\u0142der pokona\u0142 siedem i p\u00f3\u0142 kilometra, czyli 448 d\u0142ugo\u015bci, juniork\u0105 zosta\u0142a Antosia Szweblik, a seniork\u0105 pani Anna Iwa\u0144ska. Nagrod\u0119 za liczny udzia\u0142 otrzyma\u0142y rodziny Waszut\u00f3w i Habart\u00f3w. Dzi\u0119kujemy firmie DIEHL Metering za finansowanie naszego p\u0142ywania (i &#8230; <a title=\"Maraton ju\u017c za nami!\" class=\"read-more\" href=\"https:\/\/www.hospicjumcieszyn.pl\/en\/maraton-juz-za-nami\/\" aria-label=\"More on Maraton ju\u017c za nami!\">Read more<\/a><\/p>\n","protected":false},"author":1,"featured_media":4858,"comment_status":"closed","ping_status":"closed","sticky":false,"template":"","format":"standard","meta":{"footnotes":""},"categories":[3],"tags":[],"acf":[],"_links":{"self":[{"href":"https:\/\/www.hospicjumcieszyn.pl\/en\/wp-json\/wp\/v2\/posts\/4839"}],"collection":[{"href":"https:\/\/www.hospicjumcieszyn.pl\/en\/wp-json\/wp\/v2\/posts"}],"about":[{"href":"https:\/\/www.hospicjumcieszyn.pl\/en\/wp-json\/wp\/v2\/types\/post"}],"author":[{"embeddable":true,"href":"https:\/\/www.hospicjumcieszyn.pl\/en\/wp-json\/wp\/v2\/users\/1"}],"replies":[{"embeddable":true,"href":"https:\/\/www.hospicjumcieszyn.pl\/en\/wp-json\/wp\/v2\/comments?post=4839"}],"version-history":[{"count":2,"href":"https:\/\/www.hospicjumcieszyn.pl\/en\/wp-json\/wp\/v2\/posts\/4839\/revisions"}],"predecessor-version":[{"id":4861,"href":"https:\/\/www.hospicjumcieszyn.pl\/en\/wp-json\/wp\/v2\/posts\/4839\/revisions\/4861"}],"wp:featuredmedia":[{"embeddable":true,"href":"https:\/\/www.hospicjumcieszyn.pl\/en\/wp-json\/wp\/v2\/media\/4858"}],"wp:attachment":[{"href":"https:\/\/www.hospicjumcieszyn.pl\/en\/wp-json\/wp\/v2\/media?parent=4839"}],"wp:term":[{"taxonomy":"category","embeddable":true,"href":"https:\/\/www.hospicjumcieszyn.pl\/en\/wp-json\/wp\/v2\/categories?post=4839"},{"taxonomy":"post_tag","embeddable":true,"href":"https:\/\/www.hospicjumcieszyn.pl\/en\/wp-json\/wp\/v2\/tags?post=4839"}],"curies":[{"name":"wp","href":"https:\/\/api.w.org\/{rel}","templated":true}]}}