{"id":4992,"date":"2019-12-03T21:41:54","date_gmt":"2019-12-03T20:41:54","guid":{"rendered":"https:\/\/www.hospicjumcieszyn.pl\/?p=4992"},"modified":"2019-12-03T21:41:54","modified_gmt":"2019-12-03T20:41:54","slug":"hospicyjny-dzien-skupienia","status":"publish","type":"post","link":"https:\/\/www.hospicjumcieszyn.pl\/en\/hospicyjny-dzien-skupienia\/","title":{"rendered":"Hospicyjny Dzie\u0144 Skupienia"},"content":{"rendered":"<p>Serdecznie zapraszamy na Hospicyjny Dzie\u0144 Skupienia ju\u017c w najbli\u017csz\u0105 sobot\u0119, tj. 7 grudnia od godz. 9:00 (Msza \u015aw.) do 12:00 do\u00a0Ko\u015bcio\u0142a \u015bw. Krzy\u017ca w Cieszynie.<\/p>\n","protected":false},"excerpt":{"rendered":"<p>Serdecznie zapraszamy na Hospicyjny Dzie\u0144 Skupienia ju\u017c w najbli\u017csz\u0105 sobot\u0119, tj. 7 grudnia od godz. 9:00 (Msza \u015aw.) do 12:00 do\u00a0Ko\u015bcio\u0142a \u015bw. Krzy\u017ca w Cieszynie.<\/p>\n","protected":false},"author":1,"featured_media":0,"comment_status":"closed","ping_status":"closed","sticky":false,"template":"","format":"standard","meta":{"footnotes":""},"categories":[1],"tags":[],"acf":[],"_links":{"self":[{"href":"https:\/\/www.hospicjumcieszyn.pl\/en\/wp-json\/wp\/v2\/posts\/4992"}],"collection":[{"href":"https:\/\/www.hospicjumcieszyn.pl\/en\/wp-json\/wp\/v2\/posts"}],"about":[{"href":"https:\/\/www.hospicjumcieszyn.pl\/en\/wp-json\/wp\/v2\/types\/post"}],"author":[{"embeddable":true,"href":"https:\/\/www.hospicjumcieszyn.pl\/en\/wp-json\/wp\/v2\/users\/1"}],"replies":[{"embeddable":true,"href":"https:\/\/www.hospicjumcieszyn.pl\/en\/wp-json\/wp\/v2\/comments?post=4992"}],"version-history":[{"count":1,"href":"https:\/\/www.hospicjumcieszyn.pl\/en\/wp-json\/wp\/v2\/posts\/4992\/revisions"}],"predecessor-version":[{"id":4993,"href":"https:\/\/www.hospicjumcieszyn.pl\/en\/wp-json\/wp\/v2\/posts\/4992\/revisions\/4993"}],"wp:attachment":[{"href":"https:\/\/www.hospicjumcieszyn.pl\/en\/wp-json\/wp\/v2\/media?parent=4992"}],"wp:term":[{"taxonomy":"category","embeddable":true,"href":"https:\/\/www.hospicjumcieszyn.pl\/en\/wp-json\/wp\/v2\/categories?post=4992"},{"taxonomy":"post_tag","embeddable":true,"href":"https:\/\/www.hospicjumcieszyn.pl\/en\/wp-json\/wp\/v2\/tags?post=4992"}],"curies":[{"name":"wp","href":"https:\/\/api.w.org\/{rel}","templated":true}]}}