{"id":5230,"date":"2021-10-14T17:32:43","date_gmt":"2021-10-14T15:32:43","guid":{"rendered":"https:\/\/www.hospicjumcieszyn.pl\/?p=5230"},"modified":"2021-10-14T17:32:43","modified_gmt":"2021-10-14T15:32:43","slug":"szkolenie-w-hospicjum","status":"publish","type":"post","link":"https:\/\/www.hospicjumcieszyn.pl\/en\/szkolenie-w-hospicjum\/","title":{"rendered":"Szkolenie w hospicjum"},"content":{"rendered":"<p>W sobot\u0119 18 wrze\u015bnia uda\u0142o nam si\u0119 zorganizowa\u0107 szkolenie dla wolontariuszy oraz os\u00f3b zainteresowanych na temat &#8220;WYZWANIA W PRACY POMOCOWEJ&#8221;, poniewa\u017c wielu z naszych opiekun\u00f3w po\u015bwi\u0119caj\u0105c czas i si\u0142y dla chorych, potrzebuje wsparcia ze wzgl\u0119du na wypalenie albo ch\u0119tnie porozmawia o do\u015bwiadczeniach innych os\u00f3b.<\/p>\n<p>Szkolenie przeprowadzi\u0142a psycholog &#8211; dr Jagoda Sikora z Uniwersytetu \u015alaskiego w Katowicach.<\/p>\n<div id='gallery-1' class='gallery galleryid-5230 gallery-columns-3 gallery-size-thumbnail'><figure class='gallery-item'>\n\t\t\t<div class='gallery-icon landscape'>\n\t\t\t\t<a href='https:\/\/www.hospicjumcieszyn.pl\/en\/img_20210918_1258391-2\/'><img loading=\"lazy\" decoding=\"async\" width=\"180\" height=\"101\" src=\"https:\/\/www.hospicjumcieszyn.pl\/wp-content\/uploads\/2021\/10\/IMG_20210918_1258391-180x101.jpg\" class=\"attachment-thumbnail size-thumbnail\" alt=\"\" srcset=\"https:\/\/www.hospicjumcieszyn.pl\/wp-content\/uploads\/2021\/10\/IMG_20210918_1258391-180x101.jpg 180w, https:\/\/www.hospicjumcieszyn.pl\/wp-content\/uploads\/2021\/10\/IMG_20210918_1258391-363x204.jpg 363w, https:\/\/www.hospicjumcieszyn.pl\/wp-content\/uploads\/2021\/10\/IMG_20210918_1258391-768x432.jpg 768w, https:\/\/www.hospicjumcieszyn.pl\/wp-content\/uploads\/2021\/10\/IMG_20210918_1258391-726x408.jpg 726w, https:\/\/www.hospicjumcieszyn.pl\/wp-content\/uploads\/2021\/10\/IMG_20210918_1258391.jpg 2048w\" sizes=\"(max-width: 180px) 100vw, 180px\" \/><\/a>\n\t\t\t<\/div><\/figure><figure class='gallery-item'>\n\t\t\t<div class='gallery-icon portrait'>\n\t\t\t\t<a href='https:\/\/www.hospicjumcieszyn.pl\/en\/img_20210918_1124151-2\/'><img loading=\"lazy\" decoding=\"async\" width=\"135\" height=\"240\" src=\"https:\/\/www.hospicjumcieszyn.pl\/wp-content\/uploads\/2021\/10\/IMG_20210918_1124151-135x240.jpg\" class=\"attachment-thumbnail size-thumbnail\" alt=\"\" srcset=\"https:\/\/www.hospicjumcieszyn.pl\/wp-content\/uploads\/2021\/10\/IMG_20210918_1124151-135x240.jpg 135w, https:\/\/www.hospicjumcieszyn.pl\/wp-content\/uploads\/2021\/10\/IMG_20210918_1124151-204x363.jpg 204w, https:\/\/www.hospicjumcieszyn.pl\/wp-content\/uploads\/2021\/10\/IMG_20210918_1124151-768x1365.jpg 768w, https:\/\/www.hospicjumcieszyn.pl\/wp-content\/uploads\/2021\/10\/IMG_20210918_1124151-408x726.jpg 408w, https:\/\/www.hospicjumcieszyn.pl\/wp-content\/uploads\/2021\/10\/IMG_20210918_1124151.jpg 1152w\" sizes=\"(max-width: 135px) 100vw, 135px\" \/><\/a>\n\t\t\t<\/div><\/figure><figure class='gallery-item'>\n\t\t\t<div class='gallery-icon landscape'>\n\t\t\t\t<a href='https:\/\/www.hospicjumcieszyn.pl\/en\/img_20210918_1124291-2\/'><img loading=\"lazy\" decoding=\"async\" width=\"180\" height=\"101\" src=\"https:\/\/www.hospicjumcieszyn.pl\/wp-content\/uploads\/2021\/10\/IMG_20210918_1124291-180x101.jpg\" class=\"attachment-thumbnail size-thumbnail\" alt=\"\" srcset=\"https:\/\/www.hospicjumcieszyn.pl\/wp-content\/uploads\/2021\/10\/IMG_20210918_1124291-180x101.jpg 180w, https:\/\/www.hospicjumcieszyn.pl\/wp-content\/uploads\/2021\/10\/IMG_20210918_1124291-363x204.jpg 363w, https:\/\/www.hospicjumcieszyn.pl\/wp-content\/uploads\/2021\/10\/IMG_20210918_1124291-768x432.jpg 768w, https:\/\/www.hospicjumcieszyn.pl\/wp-content\/uploads\/2021\/10\/IMG_20210918_1124291-726x408.jpg 726w, https:\/\/www.hospicjumcieszyn.pl\/wp-content\/uploads\/2021\/10\/IMG_20210918_1124291.jpg 2048w\" sizes=\"(max-width: 180px) 100vw, 180px\" \/><\/a>\n\t\t\t<\/div><\/figure><figure class='gallery-item'>\n\t\t\t<div class='gallery-icon landscape'>\n\t\t\t\t<a href='https:\/\/www.hospicjumcieszyn.pl\/en\/img_20210918_1216171-2\/'><img loading=\"lazy\" decoding=\"async\" width=\"180\" height=\"101\" src=\"https:\/\/www.hospicjumcieszyn.pl\/wp-content\/uploads\/2021\/10\/IMG_20210918_1216171-180x101.jpg\" class=\"attachment-thumbnail size-thumbnail\" alt=\"\" srcset=\"https:\/\/www.hospicjumcieszyn.pl\/wp-content\/uploads\/2021\/10\/IMG_20210918_1216171-180x101.jpg 180w, https:\/\/www.hospicjumcieszyn.pl\/wp-content\/uploads\/2021\/10\/IMG_20210918_1216171-363x204.jpg 363w, https:\/\/www.hospicjumcieszyn.pl\/wp-content\/uploads\/2021\/10\/IMG_20210918_1216171-768x432.jpg 768w, https:\/\/www.hospicjumcieszyn.pl\/wp-content\/uploads\/2021\/10\/IMG_20210918_1216171-726x408.jpg 726w, https:\/\/www.hospicjumcieszyn.pl\/wp-content\/uploads\/2021\/10\/IMG_20210918_1216171.jpg 2048w\" sizes=\"(max-width: 180px) 100vw, 180px\" \/><\/a>\n\t\t\t<\/div><\/figure>\n\t\t<\/div>\n\n","protected":false},"excerpt":{"rendered":"<p>W sobot\u0119 18 wrze\u015bnia uda\u0142o nam si\u0119 zorganizowa\u0107 szkolenie dla wolontariuszy oraz os\u00f3b zainteresowanych na temat &#8220;WYZWANIA W PRACY POMOCOWEJ&#8221;, poniewa\u017c wielu z naszych opiekun\u00f3w po\u015bwi\u0119caj\u0105c czas i si\u0142y dla chorych, potrzebuje wsparcia ze wzgl\u0119du na wypalenie albo ch\u0119tnie porozmawia o do\u015bwiadczeniach innych os\u00f3b. Szkolenie przeprowadzi\u0142a psycholog &#8211; dr Jagoda Sikora z Uniwersytetu \u015alaskiego w &#8230; <a title=\"Szkolenie w hospicjum\" class=\"read-more\" href=\"https:\/\/www.hospicjumcieszyn.pl\/en\/szkolenie-w-hospicjum\/\" aria-label=\"More on Szkolenie w hospicjum\">Read more<\/a><\/p>\n","protected":false},"author":1,"featured_media":5237,"comment_status":"closed","ping_status":"closed","sticky":false,"template":"","format":"standard","meta":{"footnotes":""},"categories":[6],"tags":[],"acf":[],"_links":{"self":[{"href":"https:\/\/www.hospicjumcieszyn.pl\/en\/wp-json\/wp\/v2\/posts\/5230"}],"collection":[{"href":"https:\/\/www.hospicjumcieszyn.pl\/en\/wp-json\/wp\/v2\/posts"}],"about":[{"href":"https:\/\/www.hospicjumcieszyn.pl\/en\/wp-json\/wp\/v2\/types\/post"}],"author":[{"embeddable":true,"href":"https:\/\/www.hospicjumcieszyn.pl\/en\/wp-json\/wp\/v2\/users\/1"}],"replies":[{"embeddable":true,"href":"https:\/\/www.hospicjumcieszyn.pl\/en\/wp-json\/wp\/v2\/comments?post=5230"}],"version-history":[{"count":1,"href":"https:\/\/www.hospicjumcieszyn.pl\/en\/wp-json\/wp\/v2\/posts\/5230\/revisions"}],"predecessor-version":[{"id":5239,"href":"https:\/\/www.hospicjumcieszyn.pl\/en\/wp-json\/wp\/v2\/posts\/5230\/revisions\/5239"}],"wp:featuredmedia":[{"embeddable":true,"href":"https:\/\/www.hospicjumcieszyn.pl\/en\/wp-json\/wp\/v2\/media\/5237"}],"wp:attachment":[{"href":"https:\/\/www.hospicjumcieszyn.pl\/en\/wp-json\/wp\/v2\/media?parent=5230"}],"wp:term":[{"taxonomy":"category","embeddable":true,"href":"https:\/\/www.hospicjumcieszyn.pl\/en\/wp-json\/wp\/v2\/categories?post=5230"},{"taxonomy":"post_tag","embeddable":true,"href":"https:\/\/www.hospicjumcieszyn.pl\/en\/wp-json\/wp\/v2\/tags?post=5230"}],"curies":[{"name":"wp","href":"https:\/\/api.w.org\/{rel}","templated":true}]}}