{"id":5390,"date":"2021-12-17T19:36:03","date_gmt":"2021-12-17T18:36:03","guid":{"rendered":"https:\/\/www.hospicjumcieszyn.pl\/?p=5390"},"modified":"2021-12-17T19:36:05","modified_gmt":"2021-12-17T18:36:05","slug":"podziekowanie","status":"publish","type":"post","link":"https:\/\/www.hospicjumcieszyn.pl\/en\/podziekowanie\/","title":{"rendered":"Podzi\u0119kowanie"},"content":{"rendered":"\n<p><strong>\u015awi\u0105teczna paczka dla seniora 2021.<\/strong><\/p>\n\n\n\n<p>Podzi\u0119kowanie dla Hospicjum im. \u0141ukasza Ewangelisty w Cieszynie i naszej wolontariuszki  p. Doroty przesy\u0142a Fundacja \u015awi\u0119tej El\u017cbiety W\u0119gierskiej.<\/p>\n\n\n\n<figure class=\"wp-block-video\"><video controls src=\"https:\/\/www.hospicjumcieszyn.pl\/wp-content\/uploads\/2021\/12\/VID-20211215-WA0000-1.mp4\"><\/video><\/figure>\n","protected":false},"excerpt":{"rendered":"<p>\u015awi\u0105teczna paczka dla seniora 2021. Podzi\u0119kowanie dla Hospicjum im. \u0141ukasza Ewangelisty w Cieszynie i naszej wolontariuszki p. Doroty przesy\u0142a Fundacja \u015awi\u0119tej El\u017cbiety W\u0119gierskiej.<\/p>\n","protected":false},"author":5,"featured_media":0,"comment_status":"closed","ping_status":"closed","sticky":false,"template":"","format":"standard","meta":{"footnotes":""},"categories":[1],"tags":[],"acf":[],"_links":{"self":[{"href":"https:\/\/www.hospicjumcieszyn.pl\/en\/wp-json\/wp\/v2\/posts\/5390"}],"collection":[{"href":"https:\/\/www.hospicjumcieszyn.pl\/en\/wp-json\/wp\/v2\/posts"}],"about":[{"href":"https:\/\/www.hospicjumcieszyn.pl\/en\/wp-json\/wp\/v2\/types\/post"}],"author":[{"embeddable":true,"href":"https:\/\/www.hospicjumcieszyn.pl\/en\/wp-json\/wp\/v2\/users\/5"}],"replies":[{"embeddable":true,"href":"https:\/\/www.hospicjumcieszyn.pl\/en\/wp-json\/wp\/v2\/comments?post=5390"}],"version-history":[{"count":2,"href":"https:\/\/www.hospicjumcieszyn.pl\/en\/wp-json\/wp\/v2\/posts\/5390\/revisions"}],"predecessor-version":[{"id":5450,"href":"https:\/\/www.hospicjumcieszyn.pl\/en\/wp-json\/wp\/v2\/posts\/5390\/revisions\/5450"}],"wp:attachment":[{"href":"https:\/\/www.hospicjumcieszyn.pl\/en\/wp-json\/wp\/v2\/media?parent=5390"}],"wp:term":[{"taxonomy":"category","embeddable":true,"href":"https:\/\/www.hospicjumcieszyn.pl\/en\/wp-json\/wp\/v2\/categories?post=5390"},{"taxonomy":"post_tag","embeddable":true,"href":"https:\/\/www.hospicjumcieszyn.pl\/en\/wp-json\/wp\/v2\/tags?post=5390"}],"curies":[{"name":"wp","href":"https:\/\/api.w.org\/{rel}","templated":true}]}}