{"id":7377,"date":"2022-08-27T19:50:00","date_gmt":"2022-08-27T17:50:00","guid":{"rendered":"https:\/\/www.hospicjumcieszyn.pl\/?p=7377"},"modified":"2022-09-09T21:21:16","modified_gmt":"2022-09-09T19:21:16","slug":"cieszynski-przekladaniec","status":"publish","type":"post","link":"https:\/\/www.hospicjumcieszyn.pl\/en\/cieszynski-przekladaniec\/","title":{"rendered":"Cieszy\u0144ski Przek\u0142adaniec"},"content":{"rendered":"\n<p>W sobot\u0119 27 sierpnia prezentowali\u015bmy nasz\u0105 dzia\u0142alno\u015b\u0107 na jarmarku cieszy\u0144skich organizacji pozarz\u0105dowych &#8211; Cieszy\u0144ski Przek\u0142adaniec.<\/p>\n\n\n\n<p>Dzi\u0119kujemy naszym wolontariuszom za po\u015bwi\u0119cony czas oraz za pi\u0119kne wyroby r\u0119cznie wykonane, kt\u00f3re zdobi\u0142y nasze stoisko.<\/p>\n\n\n\n<div class=\"wp-block-dgwt-justified-gallery\"><div id='gallery-1' class='gallery galleryid-7377 gallery-columns-3 gallery-size-thumbnail'><figure class='gallery-item'>\n\t\t\t<div class='gallery-icon landscape'>\n\t\t\t\t<a href='https:\/\/www.hospicjumcieszyn.pl\/en\/img-20220827-wa0006-2\/'><img loading=\"lazy\" decoding=\"async\" width=\"180\" height=\"101\" src=\"https:\/\/www.hospicjumcieszyn.pl\/wp-content\/uploads\/2022\/09\/IMG-20220827-WA0006-180x101.jpg\" class=\"attachment-thumbnail size-thumbnail\" alt=\"\" srcset=\"https:\/\/www.hospicjumcieszyn.pl\/wp-content\/uploads\/2022\/09\/IMG-20220827-WA0006-180x101.jpg 180w, https:\/\/www.hospicjumcieszyn.pl\/wp-content\/uploads\/2022\/09\/IMG-20220827-WA0006-363x204.jpg 363w, https:\/\/www.hospicjumcieszyn.pl\/wp-content\/uploads\/2022\/09\/IMG-20220827-WA0006-726x409.jpg 726w, https:\/\/www.hospicjumcieszyn.pl\/wp-content\/uploads\/2022\/09\/IMG-20220827-WA0006-768x432.jpg 768w, https:\/\/www.hospicjumcieszyn.pl\/wp-content\/uploads\/2022\/09\/IMG-20220827-WA0006-1536x865.jpg 1536w, https:\/\/www.hospicjumcieszyn.pl\/wp-content\/uploads\/2022\/09\/IMG-20220827-WA0006.jpg 2000w\" sizes=\"(max-width: 180px) 100vw, 180px\" \/><\/a>\n\t\t\t<\/div><\/figure><figure class='gallery-item'>\n\t\t\t<div class='gallery-icon landscape'>\n\t\t\t\t<a href='https:\/\/www.hospicjumcieszyn.pl\/en\/img-20220827-wa0007-2\/'><img loading=\"lazy\" decoding=\"async\" width=\"180\" height=\"101\" src=\"https:\/\/www.hospicjumcieszyn.pl\/wp-content\/uploads\/2022\/09\/IMG-20220827-WA0007-180x101.jpg\" class=\"attachment-thumbnail size-thumbnail\" alt=\"\" srcset=\"https:\/\/www.hospicjumcieszyn.pl\/wp-content\/uploads\/2022\/09\/IMG-20220827-WA0007-180x101.jpg 180w, https:\/\/www.hospicjumcieszyn.pl\/wp-content\/uploads\/2022\/09\/IMG-20220827-WA0007-363x204.jpg 363w, https:\/\/www.hospicjumcieszyn.pl\/wp-content\/uploads\/2022\/09\/IMG-20220827-WA0007-726x409.jpg 726w, https:\/\/www.hospicjumcieszyn.pl\/wp-content\/uploads\/2022\/09\/IMG-20220827-WA0007-768x432.jpg 768w, https:\/\/www.hospicjumcieszyn.pl\/wp-content\/uploads\/2022\/09\/IMG-20220827-WA0007-1536x865.jpg 1536w, https:\/\/www.hospicjumcieszyn.pl\/wp-content\/uploads\/2022\/09\/IMG-20220827-WA0007.jpg 2000w\" sizes=\"(max-width: 180px) 100vw, 180px\" \/><\/a>\n\t\t\t<\/div><\/figure><figure class='gallery-item'>\n\t\t\t<div class='gallery-icon landscape'>\n\t\t\t\t<a href='https:\/\/www.hospicjumcieszyn.pl\/en\/img-20220827-wa0008-2\/'><img loading=\"lazy\" decoding=\"async\" width=\"180\" height=\"101\" src=\"https:\/\/www.hospicjumcieszyn.pl\/wp-content\/uploads\/2022\/09\/IMG-20220827-WA0008-180x101.jpg\" class=\"attachment-thumbnail size-thumbnail\" alt=\"\" srcset=\"https:\/\/www.hospicjumcieszyn.pl\/wp-content\/uploads\/2022\/09\/IMG-20220827-WA0008-180x101.jpg 180w, https:\/\/www.hospicjumcieszyn.pl\/wp-content\/uploads\/2022\/09\/IMG-20220827-WA0008-363x204.jpg 363w, https:\/\/www.hospicjumcieszyn.pl\/wp-content\/uploads\/2022\/09\/IMG-20220827-WA0008-726x409.jpg 726w, https:\/\/www.hospicjumcieszyn.pl\/wp-content\/uploads\/2022\/09\/IMG-20220827-WA0008-768x432.jpg 768w, https:\/\/www.hospicjumcieszyn.pl\/wp-content\/uploads\/2022\/09\/IMG-20220827-WA0008-1536x865.jpg 1536w, https:\/\/www.hospicjumcieszyn.pl\/wp-content\/uploads\/2022\/09\/IMG-20220827-WA0008.jpg 2000w\" sizes=\"(max-width: 180px) 100vw, 180px\" \/><\/a>\n\t\t\t<\/div><\/figure><figure class='gallery-item'>\n\t\t\t<div class='gallery-icon landscape'>\n\t\t\t\t<a href='https:\/\/www.hospicjumcieszyn.pl\/en\/img-20220827-wa0009-2\/'><img loading=\"lazy\" decoding=\"async\" width=\"180\" height=\"101\" src=\"https:\/\/www.hospicjumcieszyn.pl\/wp-content\/uploads\/2022\/09\/IMG-20220827-WA0009-180x101.jpg\" class=\"attachment-thumbnail size-thumbnail\" alt=\"\" srcset=\"https:\/\/www.hospicjumcieszyn.pl\/wp-content\/uploads\/2022\/09\/IMG-20220827-WA0009-180x101.jpg 180w, https:\/\/www.hospicjumcieszyn.pl\/wp-content\/uploads\/2022\/09\/IMG-20220827-WA0009-363x204.jpg 363w, https:\/\/www.hospicjumcieszyn.pl\/wp-content\/uploads\/2022\/09\/IMG-20220827-WA0009-726x409.jpg 726w, https:\/\/www.hospicjumcieszyn.pl\/wp-content\/uploads\/2022\/09\/IMG-20220827-WA0009-768x432.jpg 768w, https:\/\/www.hospicjumcieszyn.pl\/wp-content\/uploads\/2022\/09\/IMG-20220827-WA0009-1536x865.jpg 1536w, https:\/\/www.hospicjumcieszyn.pl\/wp-content\/uploads\/2022\/09\/IMG-20220827-WA0009.jpg 2000w\" sizes=\"(max-width: 180px) 100vw, 180px\" \/><\/a>\n\t\t\t<\/div><\/figure><figure class='gallery-item'>\n\t\t\t<div class='gallery-icon landscape'>\n\t\t\t\t<a href='https:\/\/www.hospicjumcieszyn.pl\/en\/img-20220827-wa0010-2\/'><img loading=\"lazy\" decoding=\"async\" width=\"180\" height=\"101\" src=\"https:\/\/www.hospicjumcieszyn.pl\/wp-content\/uploads\/2022\/09\/IMG-20220827-WA0010-180x101.jpg\" class=\"attachment-thumbnail size-thumbnail\" alt=\"\" srcset=\"https:\/\/www.hospicjumcieszyn.pl\/wp-content\/uploads\/2022\/09\/IMG-20220827-WA0010-180x101.jpg 180w, https:\/\/www.hospicjumcieszyn.pl\/wp-content\/uploads\/2022\/09\/IMG-20220827-WA0010-363x204.jpg 363w, https:\/\/www.hospicjumcieszyn.pl\/wp-content\/uploads\/2022\/09\/IMG-20220827-WA0010-726x409.jpg 726w, https:\/\/www.hospicjumcieszyn.pl\/wp-content\/uploads\/2022\/09\/IMG-20220827-WA0010-768x432.jpg 768w, https:\/\/www.hospicjumcieszyn.pl\/wp-content\/uploads\/2022\/09\/IMG-20220827-WA0010-1536x865.jpg 1536w, https:\/\/www.hospicjumcieszyn.pl\/wp-content\/uploads\/2022\/09\/IMG-20220827-WA0010.jpg 2000w\" sizes=\"(max-width: 180px) 100vw, 180px\" \/><\/a>\n\t\t\t<\/div><\/figure><figure class='gallery-item'>\n\t\t\t<div class='gallery-icon portrait'>\n\t\t\t\t<a href='https:\/\/www.hospicjumcieszyn.pl\/en\/img-20220827-wa0011-2\/'><img loading=\"lazy\" decoding=\"async\" width=\"135\" height=\"240\" src=\"https:\/\/www.hospicjumcieszyn.pl\/wp-content\/uploads\/2022\/09\/IMG-20220827-WA0011-135x240.jpg\" class=\"attachment-thumbnail size-thumbnail\" alt=\"\" srcset=\"https:\/\/www.hospicjumcieszyn.pl\/wp-content\/uploads\/2022\/09\/IMG-20220827-WA0011-135x240.jpg 135w, https:\/\/www.hospicjumcieszyn.pl\/wp-content\/uploads\/2022\/09\/IMG-20220827-WA0011-204x363.jpg 204w, https:\/\/www.hospicjumcieszyn.pl\/wp-content\/uploads\/2022\/09\/IMG-20220827-WA0011-409x726.jpg 409w, https:\/\/www.hospicjumcieszyn.pl\/wp-content\/uploads\/2022\/09\/IMG-20220827-WA0011-768x1364.jpg 768w, https:\/\/www.hospicjumcieszyn.pl\/wp-content\/uploads\/2022\/09\/IMG-20220827-WA0011-865x1536.jpg 865w, https:\/\/www.hospicjumcieszyn.pl\/wp-content\/uploads\/2022\/09\/IMG-20220827-WA0011.jpg 1126w\" sizes=\"(max-width: 135px) 100vw, 135px\" \/><\/a>\n\t\t\t<\/div><\/figure><figure class='gallery-item'>\n\t\t\t<div class='gallery-icon landscape'>\n\t\t\t\t<a href='https:\/\/www.hospicjumcieszyn.pl\/en\/img-20220827-wa0014-2\/'><img loading=\"lazy\" decoding=\"async\" width=\"180\" height=\"135\" src=\"https:\/\/www.hospicjumcieszyn.pl\/wp-content\/uploads\/2022\/09\/IMG-20220827-WA0014-180x135.jpg\" class=\"attachment-thumbnail size-thumbnail\" alt=\"\" srcset=\"https:\/\/www.hospicjumcieszyn.pl\/wp-content\/uploads\/2022\/09\/IMG-20220827-WA0014-180x135.jpg 180w, https:\/\/www.hospicjumcieszyn.pl\/wp-content\/uploads\/2022\/09\/IMG-20220827-WA0014-363x272.jpg 363w, https:\/\/www.hospicjumcieszyn.pl\/wp-content\/uploads\/2022\/09\/IMG-20220827-WA0014-726x545.jpg 726w, https:\/\/www.hospicjumcieszyn.pl\/wp-content\/uploads\/2022\/09\/IMG-20220827-WA0014-768x576.jpg 768w, https:\/\/www.hospicjumcieszyn.pl\/wp-content\/uploads\/2022\/09\/IMG-20220827-WA0014-1536x1152.jpg 1536w, https:\/\/www.hospicjumcieszyn.pl\/wp-content\/uploads\/2022\/09\/IMG-20220827-WA0014.jpg 2040w\" sizes=\"(max-width: 180px) 100vw, 180px\" \/><\/a>\n\t\t\t<\/div><\/figure><figure class='gallery-item'>\n\t\t\t<div class='gallery-icon landscape'>\n\t\t\t\t<a href='https:\/\/www.hospicjumcieszyn.pl\/en\/img-20220827-wa0015-2\/'><img loading=\"lazy\" decoding=\"async\" width=\"180\" height=\"101\" src=\"https:\/\/www.hospicjumcieszyn.pl\/wp-content\/uploads\/2022\/09\/IMG-20220827-WA0015-180x101.jpg\" class=\"attachment-thumbnail size-thumbnail\" alt=\"\" srcset=\"https:\/\/www.hospicjumcieszyn.pl\/wp-content\/uploads\/2022\/09\/IMG-20220827-WA0015-180x101.jpg 180w, https:\/\/www.hospicjumcieszyn.pl\/wp-content\/uploads\/2022\/09\/IMG-20220827-WA0015-363x204.jpg 363w, https:\/\/www.hospicjumcieszyn.pl\/wp-content\/uploads\/2022\/09\/IMG-20220827-WA0015-726x409.jpg 726w, https:\/\/www.hospicjumcieszyn.pl\/wp-content\/uploads\/2022\/09\/IMG-20220827-WA0015-768x432.jpg 768w, https:\/\/www.hospicjumcieszyn.pl\/wp-content\/uploads\/2022\/09\/IMG-20220827-WA0015-1536x865.jpg 1536w, https:\/\/www.hospicjumcieszyn.pl\/wp-content\/uploads\/2022\/09\/IMG-20220827-WA0015.jpg 2000w\" sizes=\"(max-width: 180px) 100vw, 180px\" \/><\/a>\n\t\t\t<\/div><\/figure><figure class='gallery-item'>\n\t\t\t<div class='gallery-icon portrait'>\n\t\t\t\t<a href='https:\/\/www.hospicjumcieszyn.pl\/en\/img-20220827-wa0023-2\/'><img loading=\"lazy\" decoding=\"async\" width=\"180\" height=\"240\" src=\"https:\/\/www.hospicjumcieszyn.pl\/wp-content\/uploads\/2022\/09\/IMG-20220827-WA0023-180x240.jpg\" class=\"attachment-thumbnail size-thumbnail\" alt=\"\" srcset=\"https:\/\/www.hospicjumcieszyn.pl\/wp-content\/uploads\/2022\/09\/IMG-20220827-WA0023-180x240.jpg 180w, https:\/\/www.hospicjumcieszyn.pl\/wp-content\/uploads\/2022\/09\/IMG-20220827-WA0023-272x363.jpg 272w, https:\/\/www.hospicjumcieszyn.pl\/wp-content\/uploads\/2022\/09\/IMG-20220827-WA0023-545x726.jpg 545w, https:\/\/www.hospicjumcieszyn.pl\/wp-content\/uploads\/2022\/09\/IMG-20220827-WA0023-768x1024.jpg 768w, https:\/\/www.hospicjumcieszyn.pl\/wp-content\/uploads\/2022\/09\/IMG-20220827-WA0023-1152x1536.jpg 1152w, https:\/\/www.hospicjumcieszyn.pl\/wp-content\/uploads\/2022\/09\/IMG-20220827-WA0023.jpg 1200w\" sizes=\"(max-width: 180px) 100vw, 180px\" \/><\/a>\n\t\t\t<\/div><\/figure><figure class='gallery-item'>\n\t\t\t<div class='gallery-icon portrait'>\n\t\t\t\t<a href='https:\/\/www.hospicjumcieszyn.pl\/en\/img-20220827-wa0024-2\/'><img loading=\"lazy\" decoding=\"async\" width=\"180\" height=\"240\" src=\"https:\/\/www.hospicjumcieszyn.pl\/wp-content\/uploads\/2022\/09\/IMG-20220827-WA0024-180x240.jpg\" class=\"attachment-thumbnail size-thumbnail\" alt=\"\" srcset=\"https:\/\/www.hospicjumcieszyn.pl\/wp-content\/uploads\/2022\/09\/IMG-20220827-WA0024-180x240.jpg 180w, https:\/\/www.hospicjumcieszyn.pl\/wp-content\/uploads\/2022\/09\/IMG-20220827-WA0024-272x363.jpg 272w, https:\/\/www.hospicjumcieszyn.pl\/wp-content\/uploads\/2022\/09\/IMG-20220827-WA0024-545x726.jpg 545w, https:\/\/www.hospicjumcieszyn.pl\/wp-content\/uploads\/2022\/09\/IMG-20220827-WA0024-768x1024.jpg 768w, https:\/\/www.hospicjumcieszyn.pl\/wp-content\/uploads\/2022\/09\/IMG-20220827-WA0024-1152x1536.jpg 1152w, https:\/\/www.hospicjumcieszyn.pl\/wp-content\/uploads\/2022\/09\/IMG-20220827-WA0024.jpg 1200w\" sizes=\"(max-width: 180px) 100vw, 180px\" \/><\/a>\n\t\t\t<\/div><\/figure><figure class='gallery-item'>\n\t\t\t<div class='gallery-icon portrait'>\n\t\t\t\t<a href='https:\/\/www.hospicjumcieszyn.pl\/en\/img-20220827-wa0016-1-2\/'><img loading=\"lazy\" decoding=\"async\" width=\"180\" height=\"240\" src=\"https:\/\/www.hospicjumcieszyn.pl\/wp-content\/uploads\/2022\/09\/IMG-20220827-WA0016-1-180x240.jpg\" class=\"attachment-thumbnail size-thumbnail\" alt=\"\" srcset=\"https:\/\/www.hospicjumcieszyn.pl\/wp-content\/uploads\/2022\/09\/IMG-20220827-WA0016-1-180x240.jpg 180w, https:\/\/www.hospicjumcieszyn.pl\/wp-content\/uploads\/2022\/09\/IMG-20220827-WA0016-1-272x363.jpg 272w, https:\/\/www.hospicjumcieszyn.pl\/wp-content\/uploads\/2022\/09\/IMG-20220827-WA0016-1-545x726.jpg 545w, https:\/\/www.hospicjumcieszyn.pl\/wp-content\/uploads\/2022\/09\/IMG-20220827-WA0016-1-768x1024.jpg 768w, https:\/\/www.hospicjumcieszyn.pl\/wp-content\/uploads\/2022\/09\/IMG-20220827-WA0016-1-1152x1536.jpg 1152w, https:\/\/www.hospicjumcieszyn.pl\/wp-content\/uploads\/2022\/09\/IMG-20220827-WA0016-1.jpg 1200w\" sizes=\"(max-width: 180px) 100vw, 180px\" \/><\/a>\n\t\t\t<\/div><\/figure>\n\t\t<\/div>\n<\/div>\n","protected":false},"excerpt":{"rendered":"<p>W sobot\u0119 27 sierpnia prezentowali\u015bmy nasz\u0105 dzia\u0142alno\u015b\u0107 na jarmarku cieszy\u0144skich organizacji pozarz\u0105dowych &#8211; Cieszy\u0144ski Przek\u0142adaniec. Dzi\u0119kujemy naszym wolontariuszom za po\u015bwi\u0119cony czas oraz za pi\u0119kne wyroby r\u0119cznie wykonane, kt\u00f3re zdobi\u0142y nasze stoisko.<\/p>\n","protected":false},"author":5,"featured_media":7387,"comment_status":"closed","ping_status":"closed","sticky":false,"template":"","format":"standard","meta":{"footnotes":""},"categories":[1],"tags":[],"acf":[],"_links":{"self":[{"href":"https:\/\/www.hospicjumcieszyn.pl\/en\/wp-json\/wp\/v2\/posts\/7377"}],"collection":[{"href":"https:\/\/www.hospicjumcieszyn.pl\/en\/wp-json\/wp\/v2\/posts"}],"about":[{"href":"https:\/\/www.hospicjumcieszyn.pl\/en\/wp-json\/wp\/v2\/types\/post"}],"author":[{"embeddable":true,"href":"https:\/\/www.hospicjumcieszyn.pl\/en\/wp-json\/wp\/v2\/users\/5"}],"replies":[{"embeddable":true,"href":"https:\/\/www.hospicjumcieszyn.pl\/en\/wp-json\/wp\/v2\/comments?post=7377"}],"version-history":[{"count":1,"href":"https:\/\/www.hospicjumcieszyn.pl\/en\/wp-json\/wp\/v2\/posts\/7377\/revisions"}],"predecessor-version":[{"id":7414,"href":"https:\/\/www.hospicjumcieszyn.pl\/en\/wp-json\/wp\/v2\/posts\/7377\/revisions\/7414"}],"wp:featuredmedia":[{"embeddable":true,"href":"https:\/\/www.hospicjumcieszyn.pl\/en\/wp-json\/wp\/v2\/media\/7387"}],"wp:attachment":[{"href":"https:\/\/www.hospicjumcieszyn.pl\/en\/wp-json\/wp\/v2\/media?parent=7377"}],"wp:term":[{"taxonomy":"category","embeddable":true,"href":"https:\/\/www.hospicjumcieszyn.pl\/en\/wp-json\/wp\/v2\/categories?post=7377"},{"taxonomy":"post_tag","embeddable":true,"href":"https:\/\/www.hospicjumcieszyn.pl\/en\/wp-json\/wp\/v2\/tags?post=7377"}],"curies":[{"name":"wp","href":"https:\/\/api.w.org\/{rel}","templated":true}]}}