{"id":755,"date":"2013-08-21T20:05:31","date_gmt":"2013-08-21T18:05:31","guid":{"rendered":"https:\/\/www.hospicjumcieszyn.pl\/?p=755"},"modified":"2013-08-24T18:20:36","modified_gmt":"2013-08-24T16:20:36","slug":"jubileusz-15-lecia-naszego-hospicjum","status":"publish","type":"post","link":"https:\/\/www.hospicjumcieszyn.pl\/en\/jubileusz-15-lecia-naszego-hospicjum\/","title":{"rendered":"Jubileusz 15-lecia Hospicjum"},"content":{"rendered":"<p style=\"text-align: justify;\">Hospicjum im. \u0141ukasza Ewangelisty obchodzi w tym roku swoje 15-te urodziny. Z tej okazji jesieni\u0105 odb\u0119d\u0105 si\u0119 obchody tego okr\u0105g\u0142ego Jubileuszu.<\/p>\n<p style=\"text-align: justify;\">Zapraszamy w dniu 5 p<span style=\"font-family: inherit; line-height: 1.6;\">a\u017adziernika o godzinie 10:30 na Msz\u0119 \u015awi\u0119t\u0105 do Ko\u015bcio\u0142a Podwy\u017cszenia Krzy\u017ca \u015awi\u0119tego oo. Franciszkan\u00f3<\/span><span style=\"font-family: inherit; line-height: 1.6;\">w w\u00a0<\/span><span style=\"font-family: inherit; line-height: 1.6;\">Cieszynie (ul. Szersznika, ko\u0142o postoju taks\u00f3wek). Nast\u0119pnie przeniesiemy si\u0119 do cieszy\u0144skiego Ratusza, gdzie o 11:30 b\u0119dzie mia\u0142o miejsce spotkanie, w ramach kt\u00f3rego odb\u0119dzie si\u0119 wyst\u0119p, wyk\u0142ad oraz podzi\u0119kowania i bankiet.<\/span><\/p>\n<p style=\"text-align: justify;\">Prosimy o potwierdzenie przybycia do dnia 20 wrze\u015bnia na numer telefonu: 691 771 892.<\/p>\n<p style=\"text-align: justify;\">Serdecznie zapraszamy!<\/p>\n","protected":false},"excerpt":{"rendered":"<p>Hospicjum im. \u0141ukasza Ewangelisty obchodzi w tym roku swoje 15-te urodziny. Z tej okazji jesieni\u0105 odb\u0119d\u0105 si\u0119 obchody tego okr\u0105g\u0142ego Jubileuszu. Zapraszamy w dniu 5 pa\u017adziernika o godzinie 10:30 na Msz\u0119 \u015awi\u0119t\u0105 do Ko\u015bcio\u0142a Podwy\u017cszenia Krzy\u017ca \u015awi\u0119tego oo. Franciszkan\u00f3w w\u00a0Cieszynie (ul. Szersznika, ko\u0142o postoju taks\u00f3wek). Nast\u0119pnie przeniesiemy si\u0119 do cieszy\u0144skiego Ratusza, gdzie o 11:30 b\u0119dzie &#8230; <a title=\"Jubileusz 15-lecia Hospicjum\" class=\"read-more\" href=\"https:\/\/www.hospicjumcieszyn.pl\/en\/jubileusz-15-lecia-naszego-hospicjum\/\" aria-label=\"More on Jubileusz 15-lecia Hospicjum\">Read more<\/a><\/p>\n","protected":false},"author":4,"featured_media":0,"comment_status":"closed","ping_status":"closed","sticky":false,"template":"","format":"standard","meta":{"footnotes":""},"categories":[7],"tags":[],"acf":[],"_links":{"self":[{"href":"https:\/\/www.hospicjumcieszyn.pl\/en\/wp-json\/wp\/v2\/posts\/755"}],"collection":[{"href":"https:\/\/www.hospicjumcieszyn.pl\/en\/wp-json\/wp\/v2\/posts"}],"about":[{"href":"https:\/\/www.hospicjumcieszyn.pl\/en\/wp-json\/wp\/v2\/types\/post"}],"author":[{"embeddable":true,"href":"https:\/\/www.hospicjumcieszyn.pl\/en\/wp-json\/wp\/v2\/users\/4"}],"replies":[{"embeddable":true,"href":"https:\/\/www.hospicjumcieszyn.pl\/en\/wp-json\/wp\/v2\/comments?post=755"}],"version-history":[{"count":3,"href":"https:\/\/www.hospicjumcieszyn.pl\/en\/wp-json\/wp\/v2\/posts\/755\/revisions"}],"predecessor-version":[{"id":774,"href":"https:\/\/www.hospicjumcieszyn.pl\/en\/wp-json\/wp\/v2\/posts\/755\/revisions\/774"}],"wp:attachment":[{"href":"https:\/\/www.hospicjumcieszyn.pl\/en\/wp-json\/wp\/v2\/media?parent=755"}],"wp:term":[{"taxonomy":"category","embeddable":true,"href":"https:\/\/www.hospicjumcieszyn.pl\/en\/wp-json\/wp\/v2\/categories?post=755"},{"taxonomy":"post_tag","embeddable":true,"href":"https:\/\/www.hospicjumcieszyn.pl\/en\/wp-json\/wp\/v2\/tags?post=755"}],"curies":[{"name":"wp","href":"https:\/\/api.w.org\/{rel}","templated":true}]}}