{"id":7813,"date":"2022-11-01T21:59:01","date_gmt":"2022-11-01T20:59:01","guid":{"rendered":"https:\/\/www.hospicjumcieszyn.pl\/?p=7813"},"modified":"2023-05-28T13:52:33","modified_gmt":"2023-05-28T11:52:33","slug":"1-listopada-dzien-wszystkich-swietych","status":"publish","type":"post","link":"https:\/\/www.hospicjumcieszyn.pl\/en\/1-listopada-dzien-wszystkich-swietych\/","title":{"rendered":"1 listopada &#8211; Dzie\u0144 Wszystkich \u015awi\u0119tych"},"content":{"rendered":"\n<blockquote class=\"wp-block-quote\">\n<p><\/p>\n<cite>&#8220;Nie umiera ten, kto trwa w sercach i pami\u0119ci naszej&#8221;.<\/cite><\/blockquote>\n\n\n\n<figure class=\"wp-block-image size-large\"><img loading=\"lazy\" decoding=\"async\" width=\"513\" height=\"726\" src=\"https:\/\/www.hospicjumcieszyn.pl\/wp-content\/uploads\/2022\/12\/Black-Candle-Light-Photocentric-In-Loving-Memory-Poster-1-513x726.jpg\" alt=\"\" class=\"wp-image-7818\" srcset=\"https:\/\/www.hospicjumcieszyn.pl\/wp-content\/uploads\/2022\/12\/Black-Candle-Light-Photocentric-In-Loving-Memory-Poster-1-513x726.jpg 513w, https:\/\/www.hospicjumcieszyn.pl\/wp-content\/uploads\/2022\/12\/Black-Candle-Light-Photocentric-In-Loving-Memory-Poster-1-257x363.jpg 257w, https:\/\/www.hospicjumcieszyn.pl\/wp-content\/uploads\/2022\/12\/Black-Candle-Light-Photocentric-In-Loving-Memory-Poster-1-170x240.jpg 170w, https:\/\/www.hospicjumcieszyn.pl\/wp-content\/uploads\/2022\/12\/Black-Candle-Light-Photocentric-In-Loving-Memory-Poster-1-768x1087.jpg 768w, https:\/\/www.hospicjumcieszyn.pl\/wp-content\/uploads\/2022\/12\/Black-Candle-Light-Photocentric-In-Loving-Memory-Poster-1-1086x1536.jpg 1086w, https:\/\/www.hospicjumcieszyn.pl\/wp-content\/uploads\/2022\/12\/Black-Candle-Light-Photocentric-In-Loving-Memory-Poster-1.jpg 1357w\" sizes=\"(max-width: 513px) 100vw, 513px\" \/><figcaption class=\"wp-element-caption\">Grafika pochodzi z canva.com Autor: YusiSurya<\/figcaption><\/figure>\n\n\n\n<p>W przeddzie\u0144 \u015awi\u0119ta Wszystkich \u015awi\u0119tych wybrali\u015bmy si\u0119 na cmentarz, aby zapali\u0107 znicze na grobach naszych zmar\u0142ych wolontariuszy, podopiecznych oraz przyjaci\u00f3\u0142. <br>Pami\u0119tamy o Was w modlitwie. Na zawsze pozostaniecie w naszej pami\u0119ci i w naszych sercach.<\/p>\n","protected":false},"excerpt":{"rendered":"<p>&#8220;Nie umiera ten, kto trwa w sercach i pami\u0119ci naszej&#8221;. W przeddzie\u0144 \u015awi\u0119ta Wszystkich \u015awi\u0119tych wybrali\u015bmy si\u0119 na cmentarz, aby zapali\u0107 znicze na grobach naszych zmar\u0142ych wolontariuszy, podopiecznych oraz przyjaci\u00f3\u0142. Pami\u0119tamy o Was w modlitwie. Na zawsze pozostaniecie w naszej pami\u0119ci i w naszych sercach.<\/p>\n","protected":false},"author":5,"featured_media":0,"comment_status":"closed","ping_status":"closed","sticky":false,"template":"","format":"standard","meta":{"footnotes":""},"categories":[1],"tags":[],"acf":[],"_links":{"self":[{"href":"https:\/\/www.hospicjumcieszyn.pl\/en\/wp-json\/wp\/v2\/posts\/7813"}],"collection":[{"href":"https:\/\/www.hospicjumcieszyn.pl\/en\/wp-json\/wp\/v2\/posts"}],"about":[{"href":"https:\/\/www.hospicjumcieszyn.pl\/en\/wp-json\/wp\/v2\/types\/post"}],"author":[{"embeddable":true,"href":"https:\/\/www.hospicjumcieszyn.pl\/en\/wp-json\/wp\/v2\/users\/5"}],"replies":[{"embeddable":true,"href":"https:\/\/www.hospicjumcieszyn.pl\/en\/wp-json\/wp\/v2\/comments?post=7813"}],"version-history":[{"count":4,"href":"https:\/\/www.hospicjumcieszyn.pl\/en\/wp-json\/wp\/v2\/posts\/7813\/revisions"}],"predecessor-version":[{"id":8334,"href":"https:\/\/www.hospicjumcieszyn.pl\/en\/wp-json\/wp\/v2\/posts\/7813\/revisions\/8334"}],"wp:attachment":[{"href":"https:\/\/www.hospicjumcieszyn.pl\/en\/wp-json\/wp\/v2\/media?parent=7813"}],"wp:term":[{"taxonomy":"category","embeddable":true,"href":"https:\/\/www.hospicjumcieszyn.pl\/en\/wp-json\/wp\/v2\/categories?post=7813"},{"taxonomy":"post_tag","embeddable":true,"href":"https:\/\/www.hospicjumcieszyn.pl\/en\/wp-json\/wp\/v2\/tags?post=7813"}],"curies":[{"name":"wp","href":"https:\/\/api.w.org\/{rel}","templated":true}]}}