{"id":7851,"date":"2022-12-28T17:41:32","date_gmt":"2022-12-28T16:41:32","guid":{"rendered":"https:\/\/www.hospicjumcieszyn.pl\/?p=7851"},"modified":"2022-12-28T17:41:34","modified_gmt":"2022-12-28T16:41:34","slug":"kalendarze","status":"publish","type":"post","link":"https:\/\/www.hospicjumcieszyn.pl\/en\/kalendarze\/","title":{"rendered":"Kalendarze"},"content":{"rendered":"\n<p>Ju\u017c s\u0105 nasze jubileuszowe, hospicyjne kalendarze!!!<br>Zapraszamy wszystkich ch\u0119tnych po odbi\u00f3r we wtorki w godz. pracy biura 15:30-16:30 Cieszyn ul. W\u0105ska, lub w najbli\u017csz\u0105 niedziel\u0119 1 stycznia po Mszach \u015bw. o 10.00 i 19.00 w Ko\u015bciele \u015bw. Krzy\u017ca w Cieszynie i przy okazji o wsparcie naszego Hospicjum wolnym datkiem.<\/p>\n\n\n\n<figure class=\"wp-block-image size-large\"><img loading=\"lazy\" decoding=\"async\" width=\"545\" height=\"726\" src=\"https:\/\/www.hospicjumcieszyn.pl\/wp-content\/uploads\/2022\/12\/321988432_556751136020321_2387931748886846159_n-545x726.jpg\" alt=\"\" class=\"wp-image-7852\" srcset=\"https:\/\/www.hospicjumcieszyn.pl\/wp-content\/uploads\/2022\/12\/321988432_556751136020321_2387931748886846159_n-545x726.jpg 545w, https:\/\/www.hospicjumcieszyn.pl\/wp-content\/uploads\/2022\/12\/321988432_556751136020321_2387931748886846159_n-272x363.jpg 272w, https:\/\/www.hospicjumcieszyn.pl\/wp-content\/uploads\/2022\/12\/321988432_556751136020321_2387931748886846159_n-180x240.jpg 180w, https:\/\/www.hospicjumcieszyn.pl\/wp-content\/uploads\/2022\/12\/321988432_556751136020321_2387931748886846159_n-768x1024.jpg 768w, https:\/\/www.hospicjumcieszyn.pl\/wp-content\/uploads\/2022\/12\/321988432_556751136020321_2387931748886846159_n-1152x1536.jpg 1152w, https:\/\/www.hospicjumcieszyn.pl\/wp-content\/uploads\/2022\/12\/321988432_556751136020321_2387931748886846159_n.jpg 1536w\" sizes=\"(max-width: 545px) 100vw, 545px\" \/><\/figure>\n","protected":false},"excerpt":{"rendered":"<p>Ju\u017c s\u0105 nasze jubileuszowe, hospicyjne kalendarze!!!Zapraszamy wszystkich ch\u0119tnych po odbi\u00f3r we wtorki w godz. pracy biura 15:30-16:30 Cieszyn ul. W\u0105ska, lub w najbli\u017csz\u0105 niedziel\u0119 1 stycznia po Mszach \u015bw. o 10.00 i 19.00 w Ko\u015bciele \u015bw. Krzy\u017ca w Cieszynie i przy okazji o wsparcie naszego Hospicjum wolnym datkiem.<\/p>\n","protected":false},"author":5,"featured_media":7852,"comment_status":"closed","ping_status":"closed","sticky":false,"template":"","format":"standard","meta":{"footnotes":""},"categories":[1],"tags":[],"acf":[],"_links":{"self":[{"href":"https:\/\/www.hospicjumcieszyn.pl\/en\/wp-json\/wp\/v2\/posts\/7851"}],"collection":[{"href":"https:\/\/www.hospicjumcieszyn.pl\/en\/wp-json\/wp\/v2\/posts"}],"about":[{"href":"https:\/\/www.hospicjumcieszyn.pl\/en\/wp-json\/wp\/v2\/types\/post"}],"author":[{"embeddable":true,"href":"https:\/\/www.hospicjumcieszyn.pl\/en\/wp-json\/wp\/v2\/users\/5"}],"replies":[{"embeddable":true,"href":"https:\/\/www.hospicjumcieszyn.pl\/en\/wp-json\/wp\/v2\/comments?post=7851"}],"version-history":[{"count":1,"href":"https:\/\/www.hospicjumcieszyn.pl\/en\/wp-json\/wp\/v2\/posts\/7851\/revisions"}],"predecessor-version":[{"id":7855,"href":"https:\/\/www.hospicjumcieszyn.pl\/en\/wp-json\/wp\/v2\/posts\/7851\/revisions\/7855"}],"wp:featuredmedia":[{"embeddable":true,"href":"https:\/\/www.hospicjumcieszyn.pl\/en\/wp-json\/wp\/v2\/media\/7852"}],"wp:attachment":[{"href":"https:\/\/www.hospicjumcieszyn.pl\/en\/wp-json\/wp\/v2\/media?parent=7851"}],"wp:term":[{"taxonomy":"category","embeddable":true,"href":"https:\/\/www.hospicjumcieszyn.pl\/en\/wp-json\/wp\/v2\/categories?post=7851"},{"taxonomy":"post_tag","embeddable":true,"href":"https:\/\/www.hospicjumcieszyn.pl\/en\/wp-json\/wp\/v2\/tags?post=7851"}],"curies":[{"name":"wp","href":"https:\/\/api.w.org\/{rel}","templated":true}]}}