{"id":7870,"date":"2022-12-30T20:11:00","date_gmt":"2022-12-30T19:11:00","guid":{"rendered":"https:\/\/www.hospicjumcieszyn.pl\/?p=7870"},"modified":"2023-05-28T13:33:15","modified_gmt":"2023-05-28T11:33:15","slug":"noworoczne-zyczenia","status":"publish","type":"post","link":"https:\/\/www.hospicjumcieszyn.pl\/en\/noworoczne-zyczenia\/","title":{"rendered":"Noworoczne \u017cyczenia"},"content":{"rendered":"\n<p>W nadchodz\u0105cym Nowym Roku 2023 \u017cyczymy naszym wolontariuszom, sympatykom, darczy\u0144com i sponsorom zdrowia, szcz\u0119\u015bcia, pomy\u015blno\u015bci. <br>Niech b\u0119dzie on dla Was, dla Waszych rodzin, bliskich,&nbsp;czasem pokoju, spe\u0142nionych nadziei, obfituj\u0105cym w Bo\u017ce dary i opiek\u0119 \u015awi\u0119tej Bo\u017cej Rodzicielki Maryi. <\/p>\n\n\n\n<figure class=\"wp-block-image size-large\"><img loading=\"lazy\" decoding=\"async\" width=\"726\" height=\"609\" src=\"https:\/\/www.hospicjumcieszyn.pl\/wp-content\/uploads\/2022\/12\/Gray-and-White-Vintage-Happy-New-Year-Facebook-Post-726x609.jpg\" alt=\"\" class=\"wp-image-7871\" srcset=\"https:\/\/www.hospicjumcieszyn.pl\/wp-content\/uploads\/2022\/12\/Gray-and-White-Vintage-Happy-New-Year-Facebook-Post-726x609.jpg 726w, https:\/\/www.hospicjumcieszyn.pl\/wp-content\/uploads\/2022\/12\/Gray-and-White-Vintage-Happy-New-Year-Facebook-Post-363x304.jpg 363w, https:\/\/www.hospicjumcieszyn.pl\/wp-content\/uploads\/2022\/12\/Gray-and-White-Vintage-Happy-New-Year-Facebook-Post-180x151.jpg 180w, https:\/\/www.hospicjumcieszyn.pl\/wp-content\/uploads\/2022\/12\/Gray-and-White-Vintage-Happy-New-Year-Facebook-Post-768x644.jpg 768w, https:\/\/www.hospicjumcieszyn.pl\/wp-content\/uploads\/2022\/12\/Gray-and-White-Vintage-Happy-New-Year-Facebook-Post.jpg 940w\" sizes=\"(max-width: 726px) 100vw, 726px\" \/><figcaption class=\"wp-element-caption\">Grafika pochodzi z canva.com Autor: onetype<\/figcaption><\/figure>\n","protected":false},"excerpt":{"rendered":"<p>W nadchodz\u0105cym Nowym Roku 2023 \u017cyczymy naszym wolontariuszom, sympatykom, darczy\u0144com i sponsorom zdrowia, szcz\u0119\u015bcia, pomy\u015blno\u015bci. Niech b\u0119dzie on dla Was, dla Waszych rodzin, bliskich,&nbsp;czasem pokoju, spe\u0142nionych nadziei, obfituj\u0105cym w Bo\u017ce dary i opiek\u0119 \u015awi\u0119tej Bo\u017cej Rodzicielki Maryi.<\/p>\n","protected":false},"author":5,"featured_media":0,"comment_status":"closed","ping_status":"closed","sticky":false,"template":"","format":"standard","meta":{"footnotes":""},"categories":[1],"tags":[],"acf":[],"_links":{"self":[{"href":"https:\/\/www.hospicjumcieszyn.pl\/en\/wp-json\/wp\/v2\/posts\/7870"}],"collection":[{"href":"https:\/\/www.hospicjumcieszyn.pl\/en\/wp-json\/wp\/v2\/posts"}],"about":[{"href":"https:\/\/www.hospicjumcieszyn.pl\/en\/wp-json\/wp\/v2\/types\/post"}],"author":[{"embeddable":true,"href":"https:\/\/www.hospicjumcieszyn.pl\/en\/wp-json\/wp\/v2\/users\/5"}],"replies":[{"embeddable":true,"href":"https:\/\/www.hospicjumcieszyn.pl\/en\/wp-json\/wp\/v2\/comments?post=7870"}],"version-history":[{"count":2,"href":"https:\/\/www.hospicjumcieszyn.pl\/en\/wp-json\/wp\/v2\/posts\/7870\/revisions"}],"predecessor-version":[{"id":8330,"href":"https:\/\/www.hospicjumcieszyn.pl\/en\/wp-json\/wp\/v2\/posts\/7870\/revisions\/8330"}],"wp:attachment":[{"href":"https:\/\/www.hospicjumcieszyn.pl\/en\/wp-json\/wp\/v2\/media?parent=7870"}],"wp:term":[{"taxonomy":"category","embeddable":true,"href":"https:\/\/www.hospicjumcieszyn.pl\/en\/wp-json\/wp\/v2\/categories?post=7870"},{"taxonomy":"post_tag","embeddable":true,"href":"https:\/\/www.hospicjumcieszyn.pl\/en\/wp-json\/wp\/v2\/tags?post=7870"}],"curies":[{"name":"wp","href":"https:\/\/api.w.org\/{rel}","templated":true}]}}