{"id":7877,"date":"2023-01-11T20:47:00","date_gmt":"2023-01-11T19:47:00","guid":{"rendered":"https:\/\/www.hospicjumcieszyn.pl\/?p=7877"},"modified":"2023-01-21T14:49:59","modified_gmt":"2023-01-21T13:49:59","slug":"przy-wigilijnym-stole","status":"publish","type":"post","link":"https:\/\/www.hospicjumcieszyn.pl\/en\/przy-wigilijnym-stole\/","title":{"rendered":"Przy wigilijnym stole"},"content":{"rendered":"\n<p>Spotkanie wolontariuszy przy wigilijnym stole to idealny czas, aby podzieli\u0107 si\u0119 op\u0142atkiem, obdarzy\u0107 si\u0119 rado\u015bci\u0105 i dobrym ciep\u0142ym s\u0142owem. To tak\u017ce dobry moment, aby ka\u017cdemu tworz\u0105cemu hospicyjn\u0105 rodzin\u0119 podzi\u0119kowa\u0107 za serce, czas i po\u015bwi\u0119cenie dla drugiego cz\u0142owieka. <\/p>\n\n\n\n<p>Dzi\u0119kujemy za liczny udzia\u0142 w spotkaniu r\u00f3wnie\u017c zaproszonym Go\u015bciom. <br> O. Anio\u0142owi za przygrywanie na gitarze podczas wsp\u00f3lnego kol\u0119dowania. <br>My\u015blami byli\u015bmy z osobami, kt\u00f3re z r\u00f3\u017cnych wzgl\u0119d\u00f3w nie mog\u0142y przyby\u0107. <\/p>\n\n\n\n<p>\u017byczymy sobie wielu okazji do sp\u0119dzania wsp\u00f3lnie czasu, zacie\u015bniania wi\u0119zi, wymieniania si\u0119 do\u015bwiadczeniami i dzielenia si\u0119 swoimi pasjami.<\/p>\n\n\n\n<div class=\"wp-block-dgwt-justified-gallery\"><div id='gallery-1' class='gallery galleryid-7877 gallery-columns-3 gallery-size-thumbnail'><figure class='gallery-item'>\n\t\t\t<div class='gallery-icon landscape'>\n\t\t\t\t<a href='https:\/\/www.hospicjumcieszyn.pl\/en\/img_20230111_174053-2\/'><img loading=\"lazy\" decoding=\"async\" width=\"180\" height=\"135\" src=\"https:\/\/www.hospicjumcieszyn.pl\/wp-content\/uploads\/2023\/01\/IMG_20230111_174053-180x135.jpg\" class=\"attachment-thumbnail size-thumbnail\" alt=\"\" srcset=\"https:\/\/www.hospicjumcieszyn.pl\/wp-content\/uploads\/2023\/01\/IMG_20230111_174053-180x135.jpg 180w, https:\/\/www.hospicjumcieszyn.pl\/wp-content\/uploads\/2023\/01\/IMG_20230111_174053-363x272.jpg 363w, https:\/\/www.hospicjumcieszyn.pl\/wp-content\/uploads\/2023\/01\/IMG_20230111_174053-726x545.jpg 726w, https:\/\/www.hospicjumcieszyn.pl\/wp-content\/uploads\/2023\/01\/IMG_20230111_174053-768x576.jpg 768w, https:\/\/www.hospicjumcieszyn.pl\/wp-content\/uploads\/2023\/01\/IMG_20230111_174053.jpg 1216w\" sizes=\"(max-width: 180px) 100vw, 180px\" \/><\/a>\n\t\t\t<\/div><\/figure><figure class='gallery-item'>\n\t\t\t<div class='gallery-icon landscape'>\n\t\t\t\t<a href='https:\/\/www.hospicjumcieszyn.pl\/en\/img_20230111_162457-2\/'><img loading=\"lazy\" decoding=\"async\" width=\"180\" height=\"135\" src=\"https:\/\/www.hospicjumcieszyn.pl\/wp-content\/uploads\/2023\/01\/IMG_20230111_162457-180x135.jpg\" class=\"attachment-thumbnail size-thumbnail\" alt=\"\" srcset=\"https:\/\/www.hospicjumcieszyn.pl\/wp-content\/uploads\/2023\/01\/IMG_20230111_162457-180x135.jpg 180w, https:\/\/www.hospicjumcieszyn.pl\/wp-content\/uploads\/2023\/01\/IMG_20230111_162457-363x272.jpg 363w, https:\/\/www.hospicjumcieszyn.pl\/wp-content\/uploads\/2023\/01\/IMG_20230111_162457-726x545.jpg 726w, https:\/\/www.hospicjumcieszyn.pl\/wp-content\/uploads\/2023\/01\/IMG_20230111_162457-768x576.jpg 768w, https:\/\/www.hospicjumcieszyn.pl\/wp-content\/uploads\/2023\/01\/IMG_20230111_162457.jpg 1216w\" sizes=\"(max-width: 180px) 100vw, 180px\" \/><\/a>\n\t\t\t<\/div><\/figure><figure class='gallery-item'>\n\t\t\t<div class='gallery-icon landscape'>\n\t\t\t\t<a href='https:\/\/www.hospicjumcieszyn.pl\/en\/img_20230111_162509-2\/'><img loading=\"lazy\" decoding=\"async\" width=\"180\" height=\"135\" src=\"https:\/\/www.hospicjumcieszyn.pl\/wp-content\/uploads\/2023\/01\/IMG_20230111_162509-180x135.jpg\" class=\"attachment-thumbnail size-thumbnail\" alt=\"\" srcset=\"https:\/\/www.hospicjumcieszyn.pl\/wp-content\/uploads\/2023\/01\/IMG_20230111_162509-180x135.jpg 180w, https:\/\/www.hospicjumcieszyn.pl\/wp-content\/uploads\/2023\/01\/IMG_20230111_162509-363x272.jpg 363w, https:\/\/www.hospicjumcieszyn.pl\/wp-content\/uploads\/2023\/01\/IMG_20230111_162509-726x545.jpg 726w, https:\/\/www.hospicjumcieszyn.pl\/wp-content\/uploads\/2023\/01\/IMG_20230111_162509-768x576.jpg 768w, https:\/\/www.hospicjumcieszyn.pl\/wp-content\/uploads\/2023\/01\/IMG_20230111_162509.jpg 1216w\" sizes=\"(max-width: 180px) 100vw, 180px\" \/><\/a>\n\t\t\t<\/div><\/figure><figure class='gallery-item'>\n\t\t\t<div class='gallery-icon landscape'>\n\t\t\t\t<a href='https:\/\/www.hospicjumcieszyn.pl\/en\/img_20230111_162558-2\/'><img loading=\"lazy\" decoding=\"async\" width=\"180\" height=\"135\" src=\"https:\/\/www.hospicjumcieszyn.pl\/wp-content\/uploads\/2023\/01\/IMG_20230111_162558-180x135.jpg\" class=\"attachment-thumbnail size-thumbnail\" alt=\"\" srcset=\"https:\/\/www.hospicjumcieszyn.pl\/wp-content\/uploads\/2023\/01\/IMG_20230111_162558-180x135.jpg 180w, https:\/\/www.hospicjumcieszyn.pl\/wp-content\/uploads\/2023\/01\/IMG_20230111_162558-363x272.jpg 363w, https:\/\/www.hospicjumcieszyn.pl\/wp-content\/uploads\/2023\/01\/IMG_20230111_162558-726x545.jpg 726w, https:\/\/www.hospicjumcieszyn.pl\/wp-content\/uploads\/2023\/01\/IMG_20230111_162558-768x576.jpg 768w, https:\/\/www.hospicjumcieszyn.pl\/wp-content\/uploads\/2023\/01\/IMG_20230111_162558.jpg 1216w\" sizes=\"(max-width: 180px) 100vw, 180px\" \/><\/a>\n\t\t\t<\/div><\/figure><figure class='gallery-item'>\n\t\t\t<div class='gallery-icon landscape'>\n\t\t\t\t<a href='https:\/\/www.hospicjumcieszyn.pl\/en\/img_20230111_162601-2\/'><img loading=\"lazy\" decoding=\"async\" width=\"180\" height=\"135\" src=\"https:\/\/www.hospicjumcieszyn.pl\/wp-content\/uploads\/2023\/01\/IMG_20230111_162601-180x135.jpg\" class=\"attachment-thumbnail size-thumbnail\" alt=\"\" srcset=\"https:\/\/www.hospicjumcieszyn.pl\/wp-content\/uploads\/2023\/01\/IMG_20230111_162601-180x135.jpg 180w, https:\/\/www.hospicjumcieszyn.pl\/wp-content\/uploads\/2023\/01\/IMG_20230111_162601-363x272.jpg 363w, https:\/\/www.hospicjumcieszyn.pl\/wp-content\/uploads\/2023\/01\/IMG_20230111_162601-726x545.jpg 726w, https:\/\/www.hospicjumcieszyn.pl\/wp-content\/uploads\/2023\/01\/IMG_20230111_162601-768x576.jpg 768w, https:\/\/www.hospicjumcieszyn.pl\/wp-content\/uploads\/2023\/01\/IMG_20230111_162601.jpg 1216w\" sizes=\"(max-width: 180px) 100vw, 180px\" \/><\/a>\n\t\t\t<\/div><\/figure><figure class='gallery-item'>\n\t\t\t<div class='gallery-icon landscape'>\n\t\t\t\t<a href='https:\/\/www.hospicjumcieszyn.pl\/en\/img_20230111_171850-2\/'><img loading=\"lazy\" decoding=\"async\" width=\"180\" height=\"135\" src=\"https:\/\/www.hospicjumcieszyn.pl\/wp-content\/uploads\/2023\/01\/IMG_20230111_171850-180x135.jpg\" class=\"attachment-thumbnail size-thumbnail\" alt=\"\" srcset=\"https:\/\/www.hospicjumcieszyn.pl\/wp-content\/uploads\/2023\/01\/IMG_20230111_171850-180x135.jpg 180w, https:\/\/www.hospicjumcieszyn.pl\/wp-content\/uploads\/2023\/01\/IMG_20230111_171850-363x272.jpg 363w, https:\/\/www.hospicjumcieszyn.pl\/wp-content\/uploads\/2023\/01\/IMG_20230111_171850-726x545.jpg 726w, https:\/\/www.hospicjumcieszyn.pl\/wp-content\/uploads\/2023\/01\/IMG_20230111_171850-768x576.jpg 768w, https:\/\/www.hospicjumcieszyn.pl\/wp-content\/uploads\/2023\/01\/IMG_20230111_171850.jpg 1216w\" sizes=\"(max-width: 180px) 100vw, 180px\" \/><\/a>\n\t\t\t<\/div><\/figure><figure class='gallery-item'>\n\t\t\t<div class='gallery-icon landscape'>\n\t\t\t\t<a href='https:\/\/www.hospicjumcieszyn.pl\/en\/img_20230111_171921-2\/'><img loading=\"lazy\" decoding=\"async\" width=\"180\" height=\"135\" src=\"https:\/\/www.hospicjumcieszyn.pl\/wp-content\/uploads\/2023\/01\/IMG_20230111_171921-180x135.jpg\" class=\"attachment-thumbnail size-thumbnail\" alt=\"\" srcset=\"https:\/\/www.hospicjumcieszyn.pl\/wp-content\/uploads\/2023\/01\/IMG_20230111_171921-180x135.jpg 180w, https:\/\/www.hospicjumcieszyn.pl\/wp-content\/uploads\/2023\/01\/IMG_20230111_171921-363x272.jpg 363w, https:\/\/www.hospicjumcieszyn.pl\/wp-content\/uploads\/2023\/01\/IMG_20230111_171921-726x545.jpg 726w, https:\/\/www.hospicjumcieszyn.pl\/wp-content\/uploads\/2023\/01\/IMG_20230111_171921-768x576.jpg 768w, https:\/\/www.hospicjumcieszyn.pl\/wp-content\/uploads\/2023\/01\/IMG_20230111_171921.jpg 1216w\" sizes=\"(max-width: 180px) 100vw, 180px\" \/><\/a>\n\t\t\t<\/div><\/figure><figure class='gallery-item'>\n\t\t\t<div class='gallery-icon landscape'>\n\t\t\t\t<a href='https:\/\/www.hospicjumcieszyn.pl\/en\/img_20230111_175427-2\/'><img loading=\"lazy\" decoding=\"async\" width=\"180\" height=\"135\" src=\"https:\/\/www.hospicjumcieszyn.pl\/wp-content\/uploads\/2023\/01\/IMG_20230111_175427-180x135.jpg\" class=\"attachment-thumbnail size-thumbnail\" alt=\"\" srcset=\"https:\/\/www.hospicjumcieszyn.pl\/wp-content\/uploads\/2023\/01\/IMG_20230111_175427-180x135.jpg 180w, https:\/\/www.hospicjumcieszyn.pl\/wp-content\/uploads\/2023\/01\/IMG_20230111_175427-363x272.jpg 363w, https:\/\/www.hospicjumcieszyn.pl\/wp-content\/uploads\/2023\/01\/IMG_20230111_175427-726x545.jpg 726w, https:\/\/www.hospicjumcieszyn.pl\/wp-content\/uploads\/2023\/01\/IMG_20230111_175427-768x576.jpg 768w, https:\/\/www.hospicjumcieszyn.pl\/wp-content\/uploads\/2023\/01\/IMG_20230111_175427.jpg 1292w\" sizes=\"(max-width: 180px) 100vw, 180px\" \/><\/a>\n\t\t\t<\/div><\/figure><figure class='gallery-item'>\n\t\t\t<div class='gallery-icon landscape'>\n\t\t\t\t<a href='https:\/\/www.hospicjumcieszyn.pl\/en\/img_20230111_175411-2\/'><img loading=\"lazy\" decoding=\"async\" width=\"180\" height=\"135\" src=\"https:\/\/www.hospicjumcieszyn.pl\/wp-content\/uploads\/2023\/01\/IMG_20230111_175411-180x135.jpg\" class=\"attachment-thumbnail size-thumbnail\" alt=\"\" srcset=\"https:\/\/www.hospicjumcieszyn.pl\/wp-content\/uploads\/2023\/01\/IMG_20230111_175411-180x135.jpg 180w, https:\/\/www.hospicjumcieszyn.pl\/wp-content\/uploads\/2023\/01\/IMG_20230111_175411-363x272.jpg 363w, https:\/\/www.hospicjumcieszyn.pl\/wp-content\/uploads\/2023\/01\/IMG_20230111_175411-726x545.jpg 726w, https:\/\/www.hospicjumcieszyn.pl\/wp-content\/uploads\/2023\/01\/IMG_20230111_175411-768x576.jpg 768w, https:\/\/www.hospicjumcieszyn.pl\/wp-content\/uploads\/2023\/01\/IMG_20230111_175411.jpg 1216w\" sizes=\"(max-width: 180px) 100vw, 180px\" \/><\/a>\n\t\t\t<\/div><\/figure><figure class='gallery-item'>\n\t\t\t<div class='gallery-icon portrait'>\n\t\t\t\t<a href='https:\/\/www.hospicjumcieszyn.pl\/en\/326537311_751228459324590_7788893882468212296_n-2\/'><img loading=\"lazy\" decoding=\"async\" width=\"180\" height=\"240\" src=\"https:\/\/www.hospicjumcieszyn.pl\/wp-content\/uploads\/2023\/01\/326537311_751228459324590_7788893882468212296_n-180x240.jpg\" class=\"attachment-thumbnail size-thumbnail\" alt=\"\" srcset=\"https:\/\/www.hospicjumcieszyn.pl\/wp-content\/uploads\/2023\/01\/326537311_751228459324590_7788893882468212296_n-180x240.jpg 180w, https:\/\/www.hospicjumcieszyn.pl\/wp-content\/uploads\/2023\/01\/326537311_751228459324590_7788893882468212296_n-272x363.jpg 272w, https:\/\/www.hospicjumcieszyn.pl\/wp-content\/uploads\/2023\/01\/326537311_751228459324590_7788893882468212296_n-545x726.jpg 545w, https:\/\/www.hospicjumcieszyn.pl\/wp-content\/uploads\/2023\/01\/326537311_751228459324590_7788893882468212296_n-768x1024.jpg 768w, https:\/\/www.hospicjumcieszyn.pl\/wp-content\/uploads\/2023\/01\/326537311_751228459324590_7788893882468212296_n-1152x1536.jpg 1152w, https:\/\/www.hospicjumcieszyn.pl\/wp-content\/uploads\/2023\/01\/326537311_751228459324590_7788893882468212296_n.jpg 1512w\" sizes=\"(max-width: 180px) 100vw, 180px\" \/><\/a>\n\t\t\t<\/div><\/figure><figure class='gallery-item'>\n\t\t\t<div class='gallery-icon portrait'>\n\t\t\t\t<a href='https:\/\/www.hospicjumcieszyn.pl\/en\/img_20230111_195355-2\/'><img loading=\"lazy\" decoding=\"async\" width=\"180\" height=\"240\" src=\"https:\/\/www.hospicjumcieszyn.pl\/wp-content\/uploads\/2023\/01\/IMG_20230111_195355-180x240.jpg\" class=\"attachment-thumbnail size-thumbnail\" alt=\"\" srcset=\"https:\/\/www.hospicjumcieszyn.pl\/wp-content\/uploads\/2023\/01\/IMG_20230111_195355-180x240.jpg 180w, https:\/\/www.hospicjumcieszyn.pl\/wp-content\/uploads\/2023\/01\/IMG_20230111_195355-272x363.jpg 272w, https:\/\/www.hospicjumcieszyn.pl\/wp-content\/uploads\/2023\/01\/IMG_20230111_195355-545x726.jpg 545w, https:\/\/www.hospicjumcieszyn.pl\/wp-content\/uploads\/2023\/01\/IMG_20230111_195355.jpg 684w\" sizes=\"(max-width: 180px) 100vw, 180px\" \/><\/a>\n\t\t\t<\/div><\/figure>\n\t\t<\/div>\n<\/div>\n","protected":false},"excerpt":{"rendered":"<p>Spotkanie wolontariuszy przy wigilijnym stole to idealny czas, aby podzieli\u0107 si\u0119 op\u0142atkiem, obdarzy\u0107 si\u0119 rado\u015bci\u0105 i dobrym ciep\u0142ym s\u0142owem. To tak\u017ce dobry moment, aby ka\u017cdemu tworz\u0105cemu hospicyjn\u0105 rodzin\u0119 podzi\u0119kowa\u0107 za serce, czas i po\u015bwi\u0119cenie dla drugiego cz\u0142owieka. Dzi\u0119kujemy za liczny udzia\u0142 w spotkaniu r\u00f3wnie\u017c zaproszonym Go\u015bciom. O. Anio\u0142owi za przygrywanie na gitarze podczas wsp\u00f3lnego kol\u0119dowania. &#8230; <a title=\"Przy wigilijnym stole\" class=\"read-more\" href=\"https:\/\/www.hospicjumcieszyn.pl\/en\/przy-wigilijnym-stole\/\" aria-label=\"More on Przy wigilijnym stole\">Read more<\/a><\/p>\n","protected":false},"author":5,"featured_media":7905,"comment_status":"closed","ping_status":"closed","sticky":false,"template":"","format":"standard","meta":{"footnotes":""},"categories":[1],"tags":[],"acf":[],"_links":{"self":[{"href":"https:\/\/www.hospicjumcieszyn.pl\/en\/wp-json\/wp\/v2\/posts\/7877"}],"collection":[{"href":"https:\/\/www.hospicjumcieszyn.pl\/en\/wp-json\/wp\/v2\/posts"}],"about":[{"href":"https:\/\/www.hospicjumcieszyn.pl\/en\/wp-json\/wp\/v2\/types\/post"}],"author":[{"embeddable":true,"href":"https:\/\/www.hospicjumcieszyn.pl\/en\/wp-json\/wp\/v2\/users\/5"}],"replies":[{"embeddable":true,"href":"https:\/\/www.hospicjumcieszyn.pl\/en\/wp-json\/wp\/v2\/comments?post=7877"}],"version-history":[{"count":1,"href":"https:\/\/www.hospicjumcieszyn.pl\/en\/wp-json\/wp\/v2\/posts\/7877\/revisions"}],"predecessor-version":[{"id":7911,"href":"https:\/\/www.hospicjumcieszyn.pl\/en\/wp-json\/wp\/v2\/posts\/7877\/revisions\/7911"}],"wp:featuredmedia":[{"embeddable":true,"href":"https:\/\/www.hospicjumcieszyn.pl\/en\/wp-json\/wp\/v2\/media\/7905"}],"wp:attachment":[{"href":"https:\/\/www.hospicjumcieszyn.pl\/en\/wp-json\/wp\/v2\/media?parent=7877"}],"wp:term":[{"taxonomy":"category","embeddable":true,"href":"https:\/\/www.hospicjumcieszyn.pl\/en\/wp-json\/wp\/v2\/categories?post=7877"},{"taxonomy":"post_tag","embeddable":true,"href":"https:\/\/www.hospicjumcieszyn.pl\/en\/wp-json\/wp\/v2\/tags?post=7877"}],"curies":[{"name":"wp","href":"https:\/\/api.w.org\/{rel}","templated":true}]}}