{"id":7956,"date":"2023-01-25T22:53:27","date_gmt":"2023-01-25T21:53:27","guid":{"rendered":"https:\/\/www.hospicjumcieszyn.pl\/?p=7956"},"modified":"2023-05-28T20:53:04","modified_gmt":"2023-05-28T18:53:04","slug":"15-podatku","status":"publish","type":"post","link":"https:\/\/www.hospicjumcieszyn.pl\/en\/15-podatku\/","title":{"rendered":"1,5 % PODATKU"},"content":{"rendered":"\n<p class=\"has-text-align-center\">Zbli\u017ca si\u0119 wielkimi krokami <strong>AKCJA PIT<\/strong>. <\/p>\n\n\n\n<p><br>Dla naszego stowarzyszenia ogromnie wa\u017cna bo dzi\u0119ki <strong>%<\/strong> przekazywanemu naszemu hospicjum mo\u017cemy nadal dzia\u0142a\u0107. Aby\u015bmy mogli wci\u0105\u017c pomaga\u0107 potrzebujemy Waszego wsparcia finansowego.<\/p>\n\n\n\n<p>Sk\u0142adamy serdeczne podzi\u0119kowania Wszystkim, kt\u00f3rzy w zesz\u0142ym roku przekazali 1% podatku, otrzymali\u015bmy kwot\u0119 56010,20 z\u0142.<\/p>\n\n\n\n<p>W tym roku w wyniku zmian podatkowych podatnicy&nbsp;<strong>mog\u0105 przekaza\u0107 1,5%<\/strong>&nbsp;podatku wybranej organizacji po\u017cytku publicznego, zamiast, jak dotychczas 1%. Zwi\u0119kszenie tej warto\u015bci, nie obci\u0105\u017ca dodatkowo podatnik\u00f3w, mo\u017ce natomiast znacz\u0105co wp\u0142yn\u0105\u0107 na mo\u017cliwo\u015b\u0107 pomocy najbardziej potrzebuj\u0105cym.<\/p>\n\n\n\n<figure class=\"wp-block-image size-large\"><img loading=\"lazy\" decoding=\"async\" width=\"726\" height=\"726\" src=\"https:\/\/www.hospicjumcieszyn.pl\/wp-content\/uploads\/2023\/01\/Purple-and-White-Modern-Tax-Day-Instagram-post-1-726x726.jpg\" alt=\"\" class=\"wp-image-7957\" srcset=\"https:\/\/www.hospicjumcieszyn.pl\/wp-content\/uploads\/2023\/01\/Purple-and-White-Modern-Tax-Day-Instagram-post-1-726x726.jpg 726w, https:\/\/www.hospicjumcieszyn.pl\/wp-content\/uploads\/2023\/01\/Purple-and-White-Modern-Tax-Day-Instagram-post-1-363x363.jpg 363w, https:\/\/www.hospicjumcieszyn.pl\/wp-content\/uploads\/2023\/01\/Purple-and-White-Modern-Tax-Day-Instagram-post-1-180x180.jpg 180w, https:\/\/www.hospicjumcieszyn.pl\/wp-content\/uploads\/2023\/01\/Purple-and-White-Modern-Tax-Day-Instagram-post-1-768x768.jpg 768w, https:\/\/www.hospicjumcieszyn.pl\/wp-content\/uploads\/2023\/01\/Purple-and-White-Modern-Tax-Day-Instagram-post-1.jpg 1080w\" sizes=\"(max-width: 726px) 100vw, 726px\" \/><figcaption class=\"wp-element-caption\">Grafika pochodzi z canva.com Autor grafiki: Essencestocktemplates<\/figcaption><\/figure>\n","protected":false},"excerpt":{"rendered":"<p>Zbli\u017ca si\u0119 wielkimi krokami AKCJA PIT. Dla naszego stowarzyszenia ogromnie wa\u017cna bo dzi\u0119ki % przekazywanemu naszemu hospicjum mo\u017cemy nadal dzia\u0142a\u0107. Aby\u015bmy mogli wci\u0105\u017c pomaga\u0107 potrzebujemy Waszego wsparcia finansowego. Sk\u0142adamy serdeczne podzi\u0119kowania Wszystkim, kt\u00f3rzy w zesz\u0142ym roku przekazali 1% podatku, otrzymali\u015bmy kwot\u0119 56010,20 z\u0142. W tym roku w wyniku zmian podatkowych podatnicy&nbsp;mog\u0105 przekaza\u0107 1,5%&nbsp;podatku wybranej organizacji &#8230; <a title=\"1,5 % PODATKU\" class=\"read-more\" href=\"https:\/\/www.hospicjumcieszyn.pl\/en\/15-podatku\/\" aria-label=\"More on 1,5 % PODATKU\">Read more<\/a><\/p>\n","protected":false},"author":5,"featured_media":0,"comment_status":"closed","ping_status":"closed","sticky":false,"template":"","format":"standard","meta":{"footnotes":""},"categories":[4],"tags":[],"acf":[],"_links":{"self":[{"href":"https:\/\/www.hospicjumcieszyn.pl\/en\/wp-json\/wp\/v2\/posts\/7956"}],"collection":[{"href":"https:\/\/www.hospicjumcieszyn.pl\/en\/wp-json\/wp\/v2\/posts"}],"about":[{"href":"https:\/\/www.hospicjumcieszyn.pl\/en\/wp-json\/wp\/v2\/types\/post"}],"author":[{"embeddable":true,"href":"https:\/\/www.hospicjumcieszyn.pl\/en\/wp-json\/wp\/v2\/users\/5"}],"replies":[{"embeddable":true,"href":"https:\/\/www.hospicjumcieszyn.pl\/en\/wp-json\/wp\/v2\/comments?post=7956"}],"version-history":[{"count":3,"href":"https:\/\/www.hospicjumcieszyn.pl\/en\/wp-json\/wp\/v2\/posts\/7956\/revisions"}],"predecessor-version":[{"id":8340,"href":"https:\/\/www.hospicjumcieszyn.pl\/en\/wp-json\/wp\/v2\/posts\/7956\/revisions\/8340"}],"wp:attachment":[{"href":"https:\/\/www.hospicjumcieszyn.pl\/en\/wp-json\/wp\/v2\/media?parent=7956"}],"wp:term":[{"taxonomy":"category","embeddable":true,"href":"https:\/\/www.hospicjumcieszyn.pl\/en\/wp-json\/wp\/v2\/categories?post=7956"},{"taxonomy":"post_tag","embeddable":true,"href":"https:\/\/www.hospicjumcieszyn.pl\/en\/wp-json\/wp\/v2\/tags?post=7956"}],"curies":[{"name":"wp","href":"https:\/\/api.w.org\/{rel}","templated":true}]}}