{"id":8359,"date":"2023-06-10T15:39:00","date_gmt":"2023-06-10T13:39:00","guid":{"rendered":"https:\/\/www.hospicjumcieszyn.pl\/?p=8359"},"modified":"2023-06-10T17:41:03","modified_gmt":"2023-06-10T15:41:03","slug":"nadzwyczajne-walne-zebranie","status":"publish","type":"post","link":"https:\/\/www.hospicjumcieszyn.pl\/en\/nadzwyczajne-walne-zebranie\/","title":{"rendered":"Nadzwyczajne Walne Zebranie"},"content":{"rendered":"\n<p>Zarz\u0105d na wniosek Komisji Rewizyjnej zaprasza wszystkich cz\u0142onk\u00f3w na Nadzwyczajne Walne Zebranie, kt\u00f3re odb\u0119dzie si\u0119 w dniu 14 czerwca (\u015broda) po Mszy \u015bw. o godz. 17.00. <\/p>\n\n\n\n<figure class=\"wp-block-image size-large\"><img loading=\"lazy\" decoding=\"async\" width=\"513\" height=\"726\" src=\"https:\/\/www.hospicjumcieszyn.pl\/wp-content\/uploads\/2023\/06\/NADZWYCZAJNE-WALNE-ZGROMADZENIE-CZLONKOW-HOSPICJUM-513x726.jpg\" alt=\"\" class=\"wp-image-8360\" srcset=\"https:\/\/www.hospicjumcieszyn.pl\/wp-content\/uploads\/2023\/06\/NADZWYCZAJNE-WALNE-ZGROMADZENIE-CZLONKOW-HOSPICJUM-513x726.jpg 513w, https:\/\/www.hospicjumcieszyn.pl\/wp-content\/uploads\/2023\/06\/NADZWYCZAJNE-WALNE-ZGROMADZENIE-CZLONKOW-HOSPICJUM-257x363.jpg 257w, https:\/\/www.hospicjumcieszyn.pl\/wp-content\/uploads\/2023\/06\/NADZWYCZAJNE-WALNE-ZGROMADZENIE-CZLONKOW-HOSPICJUM-170x240.jpg 170w, https:\/\/www.hospicjumcieszyn.pl\/wp-content\/uploads\/2023\/06\/NADZWYCZAJNE-WALNE-ZGROMADZENIE-CZLONKOW-HOSPICJUM-768x1087.jpg 768w, https:\/\/www.hospicjumcieszyn.pl\/wp-content\/uploads\/2023\/06\/NADZWYCZAJNE-WALNE-ZGROMADZENIE-CZLONKOW-HOSPICJUM-1086x1536.jpg 1086w, https:\/\/www.hospicjumcieszyn.pl\/wp-content\/uploads\/2023\/06\/NADZWYCZAJNE-WALNE-ZGROMADZENIE-CZLONKOW-HOSPICJUM.jpg 1357w\" sizes=\"(max-width: 513px) 100vw, 513px\" \/><\/figure>\n","protected":false},"excerpt":{"rendered":"<p>Zarz\u0105d na wniosek Komisji Rewizyjnej zaprasza wszystkich cz\u0142onk\u00f3w na Nadzwyczajne Walne Zebranie, kt\u00f3re odb\u0119dzie si\u0119 w dniu 14 czerwca (\u015broda) po Mszy \u015bw. o godz. 17.00.<\/p>\n","protected":false},"author":5,"featured_media":0,"comment_status":"closed","ping_status":"closed","sticky":false,"template":"","format":"standard","meta":{"footnotes":""},"categories":[1],"tags":[],"acf":[],"_links":{"self":[{"href":"https:\/\/www.hospicjumcieszyn.pl\/en\/wp-json\/wp\/v2\/posts\/8359"}],"collection":[{"href":"https:\/\/www.hospicjumcieszyn.pl\/en\/wp-json\/wp\/v2\/posts"}],"about":[{"href":"https:\/\/www.hospicjumcieszyn.pl\/en\/wp-json\/wp\/v2\/types\/post"}],"author":[{"embeddable":true,"href":"https:\/\/www.hospicjumcieszyn.pl\/en\/wp-json\/wp\/v2\/users\/5"}],"replies":[{"embeddable":true,"href":"https:\/\/www.hospicjumcieszyn.pl\/en\/wp-json\/wp\/v2\/comments?post=8359"}],"version-history":[{"count":2,"href":"https:\/\/www.hospicjumcieszyn.pl\/en\/wp-json\/wp\/v2\/posts\/8359\/revisions"}],"predecessor-version":[{"id":8369,"href":"https:\/\/www.hospicjumcieszyn.pl\/en\/wp-json\/wp\/v2\/posts\/8359\/revisions\/8369"}],"wp:attachment":[{"href":"https:\/\/www.hospicjumcieszyn.pl\/en\/wp-json\/wp\/v2\/media?parent=8359"}],"wp:term":[{"taxonomy":"category","embeddable":true,"href":"https:\/\/www.hospicjumcieszyn.pl\/en\/wp-json\/wp\/v2\/categories?post=8359"},{"taxonomy":"post_tag","embeddable":true,"href":"https:\/\/www.hospicjumcieszyn.pl\/en\/wp-json\/wp\/v2\/tags?post=8359"}],"curies":[{"name":"wp","href":"https:\/\/api.w.org\/{rel}","templated":true}]}}