{"id":851,"date":"2013-10-07T22:18:27","date_gmt":"2013-10-07T20:18:27","guid":{"rendered":"https:\/\/www.hospicjumcieszyn.pl\/?p=851"},"modified":"2013-10-08T17:45:26","modified_gmt":"2013-10-08T15:45:26","slug":"15-lat-za-nami","status":"publish","type":"post","link":"https:\/\/www.hospicjumcieszyn.pl\/en\/15-lat-za-nami\/","title":{"rendered":"15 lat za nami&#8230;"},"content":{"rendered":"<p style=\"text-align: justify;\">Sobota 5 pa\u017adziernika dla nas, zwi\u0105zanych z cieszy\u0144skim Hospicjum, up\u0142yn\u0119\u0142a wyj\u0105tkowo i uroczy\u015bcie. \u015awi\u0119towali\u015bmy bowiem 15-lecie drogiego naszemu sercu miejsca &#8211; Hospicjum. By\u0142 to czas bogaty w wiele wydarze\u0144, wiele wa\u017cnych chwil, a przede wszystkim &#8211; bogaty obecno\u015bci\u0105 wielu ludzi, zar\u00f3wno tych, kt\u00f3rym pos\u0142ugiwano, jak i tych, kt\u00f3rzy pos\u0142ugiwali. W tym czasie cieszy\u0144skie Hospicjum towarzyszy\u0142o oko\u0142o 500 chorym, a swoj\u0105 pos\u0142ug\u0119 ofiarowa\u0142o oko\u0142o 50 wolontariuszy.<\/p>\n<p style=\"text-align: justify;\">Obchody rozpocz\u0119\u0142y si\u0119 Msz\u0105 \u015awi\u0119t\u0105, kt\u00f3r\u0105 koncelebrowali: ks. pra\u0142at Henryk Sat\u0142awa &#8211; proboszcz parafii \u015bw. Marii Magdaleny, ks. Zdzis\u0142aw Tomzi\u0144ski &#8211; dyrektor Archidiecezjalnego Domu Hospicyjnego w Katowicach i nasz kapelan hospicyjny &#8211; o. Symplicjusz Sobczyk. To on w swoim kazaniu podkre\u015bla\u0142, jak trudn\u0105, ale r\u00f3wnocze\u015bnie, jak wspania\u0142\u0105 s\u0142u\u017cb\u0119 pe\u0142nimy przy \u0142\u00f3\u017cku chorego, rezygnuj\u0105c cz\u0119sto z wielu w\u0142asnych przyjemno\u015bci, bezinteresownie po\u015bwi\u0119caj\u0105c czas na\u00a0rzeczy nieefektowne, ale cenne z punktu widzenia Bo\u017cej logiki. Do upi\u0119kszenia oprawy liturgicznej jubileuszowej Mszy przyczyni\u0142a si\u0119 tak\u017ce obecno\u015b\u0107 ch\u00f3ru m\u0119skiego z parafii \u015bw. Jerzego z Cieszyna.<\/p>\n<p style=\"text-align: justify;\">Po Mszy przeszli\u015bmy do Ratusza, gdzie odby\u0142y si\u0119\u00a0uroczysto\u015bci oficjalne.<\/p>\n<p style=\"text-align: justify;\">S\u0142owo wst\u0119pne Burmistrza Cieszyna Mieczys\u0142awa Szczurka\u00a0i powitanie Prezesa Hospicjum Doroty Kani\u00a0zainaugurowa\u0142o cz\u0119\u015b\u0107 Jubileuszu, odbywaj\u0105c\u0105 si\u0119 w Ratuszu.<\/p>\n<p style=\"text-align: justify;\">Jako pierwszy przed zgromadzonymi go\u015b\u0107mi wyst\u0105pi\u0142 wyj\u0105tkowy duet &#8211; saksofon (M. Gmyrek) i harfa (W. Trefon) &#8211; uczniowie Zespo\u0142u Szk\u00f3\u0142 Muzycznych w Bielsku Bia\u0142ej.<\/p>\n<p style=\"text-align: justify;\">Po nim kr\u00f3tk\u0105 refleksj\u0119 na temat &#8220;Rola wolontariusza w lokalnej spo\u0142eczno\u015bci&#8221; wyg\u0142osi\u0142 ks. Tomzi\u0144ski. Podkre\u015bli\u0142, jak r\u00f3\u017cne mamy talenty i umiej\u0119tno\u015bci oraz, jak mog\u0105 one sta\u0107 si\u0119 okazj\u0105 do nawi\u0105zania kontakt\u00f3w z drugim, nieraz ci\u0119\u017cko chorym cz\u0142owiekiem. Wspomnia\u0142 tak\u017ce o wyj\u0105tkowym wolontariacie ze strony wi\u0119\u017ani\u00f3w, kt\u00f3rzy zaskoczyli chorych swoj\u0105 otwarto\u015bci\u0105 i pomoc\u0105.<\/p>\n<p style=\"text-align: justify;\">Wreszcie przyszed\u0142 czas na podzi\u0119kowania i tu odby\u0142o si\u0119 wr\u0119czenie upominku Panu dr Tadeuszowi Niwi\u0144skiemu, kt\u00f3ry jak dobry anio\u0142 przez kilkana\u015bcie lat prezesowa\u0142 w Hospicjum, jednocze\u015bnie pomagaj\u0105c swoj\u0105 lekarsk\u0105 wiedz\u0105. Zgromadzeni nagrodzili go gromkimi brawami, a podzi\u0119kowanie wr\u0119cza\u0142 Burmistrz Miasta.<\/p>\n<p style=\"text-align: justify;\">Okoliczno\u015bciowe pami\u0105tki otrzymali sponsorzy, zar\u00f3wno firmy, jak i osoby prywatne. Na koniec wszyscy wolontariusze zostali uhonorowani dyplomami.<\/p>\n<p style=\"text-align: justify;\">Warto wspomnie\u0107, \u017ce swoj\u0105 obecno\u015bci\u0105 zaszczycili nas przedstawiciele z zaprzyja\u017anionych hospicj\u00f3w z Bielska,Tych\u00f3w, Krakowa, \u017bor, Jastrz\u0119bia i Katowic oraz rodziny hospicyjne.<\/p>\n<p style=\"text-align: justify;\">Wzruszaj\u0105cym gestem by\u0142o r\u00f3wnie\u017c podzi\u0119kowanie ze strony dzieci i m\u0142odzie\u017cy, kt\u00f3rymi si\u0119 opiekujemy po \u015bmierci\u00a0naszych pacjent\u00f3w.<\/p>\n<p style=\"text-align: justify;\">Na zako\u0144czenie wszyscy wzi\u0119li udzia\u0142 w bankiecie \ud83d\ude42<\/p>\n<p style=\"text-align: justify;\">Pe\u0142ni wspomnie\u0144 z minionych 15 lat, \u017cyczymy sobie nast\u0119pnych Jubileusz\u00f3w, ale przede wszystkim &#8211; si\u0142 do tej wyj\u0105tkowej pos\u0142ugi. Z wielk\u0105 otwarto\u015bci\u0105 czekamy tak\u017ce na ka\u017cdego, kto czuje potrzeb\u0119 serca, aby do nas do\u0142\u0105czy\u0107.<\/p>\n<div id='gallery-1' class='gallery galleryid-851 gallery-columns-3 gallery-size-thumbnail'><figure class='gallery-item'>\n\t\t\t<div class='gallery-icon landscape'>\n\t\t\t\t<a href='https:\/\/www.hospicjumcieszyn.pl\/en\/img_8888-2\/'><img loading=\"lazy\" decoding=\"async\" width=\"180\" height=\"119\" src=\"https:\/\/www.hospicjumcieszyn.pl\/wp-content\/uploads\/2013\/10\/IMG_8888-180x119.jpg\" class=\"attachment-thumbnail size-thumbnail\" alt=\"\" srcset=\"https:\/\/www.hospicjumcieszyn.pl\/wp-content\/uploads\/2013\/10\/IMG_8888-180x119.jpg 180w, https:\/\/www.hospicjumcieszyn.pl\/wp-content\/uploads\/2013\/10\/IMG_8888-363x241.jpg 363w, https:\/\/www.hospicjumcieszyn.pl\/wp-content\/uploads\/2013\/10\/IMG_8888-726x483.jpg 726w, https:\/\/www.hospicjumcieszyn.pl\/wp-content\/uploads\/2013\/10\/IMG_8888.jpg 1024w\" sizes=\"(max-width: 180px) 100vw, 180px\" \/><\/a>\n\t\t\t<\/div><\/figure><figure class='gallery-item'>\n\t\t\t<div class='gallery-icon landscape'>\n\t\t\t\t<a href='https:\/\/www.hospicjumcieszyn.pl\/en\/img_8759-2\/'><img loading=\"lazy\" decoding=\"async\" width=\"180\" height=\"119\" src=\"https:\/\/www.hospicjumcieszyn.pl\/wp-content\/uploads\/2013\/10\/IMG_8759-180x119.jpg\" class=\"attachment-thumbnail size-thumbnail\" alt=\"\" srcset=\"https:\/\/www.hospicjumcieszyn.pl\/wp-content\/uploads\/2013\/10\/IMG_8759-180x119.jpg 180w, https:\/\/www.hospicjumcieszyn.pl\/wp-content\/uploads\/2013\/10\/IMG_8759-363x241.jpg 363w, https:\/\/www.hospicjumcieszyn.pl\/wp-content\/uploads\/2013\/10\/IMG_8759-726x483.jpg 726w, https:\/\/www.hospicjumcieszyn.pl\/wp-content\/uploads\/2013\/10\/IMG_8759.jpg 1024w\" sizes=\"(max-width: 180px) 100vw, 180px\" \/><\/a>\n\t\t\t<\/div><\/figure><figure class='gallery-item'>\n\t\t\t<div class='gallery-icon landscape'>\n\t\t\t\t<a href='https:\/\/www.hospicjumcieszyn.pl\/en\/img_8761-2\/'><img loading=\"lazy\" decoding=\"async\" width=\"180\" height=\"119\" src=\"https:\/\/www.hospicjumcieszyn.pl\/wp-content\/uploads\/2013\/10\/IMG_8761-180x119.jpg\" class=\"attachment-thumbnail size-thumbnail\" alt=\"\" srcset=\"https:\/\/www.hospicjumcieszyn.pl\/wp-content\/uploads\/2013\/10\/IMG_8761-180x119.jpg 180w, https:\/\/www.hospicjumcieszyn.pl\/wp-content\/uploads\/2013\/10\/IMG_8761-363x241.jpg 363w, https:\/\/www.hospicjumcieszyn.pl\/wp-content\/uploads\/2013\/10\/IMG_8761-726x483.jpg 726w, https:\/\/www.hospicjumcieszyn.pl\/wp-content\/uploads\/2013\/10\/IMG_8761.jpg 1024w\" sizes=\"(max-width: 180px) 100vw, 180px\" \/><\/a>\n\t\t\t<\/div><\/figure><figure class='gallery-item'>\n\t\t\t<div class='gallery-icon portrait'>\n\t\t\t\t<a href='https:\/\/www.hospicjumcieszyn.pl\/en\/img_8763-2\/'><img loading=\"lazy\" decoding=\"async\" width=\"159\" height=\"240\" src=\"https:\/\/www.hospicjumcieszyn.pl\/wp-content\/uploads\/2013\/10\/IMG_8763-159x240.jpg\" class=\"attachment-thumbnail size-thumbnail\" alt=\"\" srcset=\"https:\/\/www.hospicjumcieszyn.pl\/wp-content\/uploads\/2013\/10\/IMG_8763-159x240.jpg 159w, https:\/\/www.hospicjumcieszyn.pl\/wp-content\/uploads\/2013\/10\/IMG_8763-241x363.jpg 241w, https:\/\/www.hospicjumcieszyn.pl\/wp-content\/uploads\/2013\/10\/IMG_8763-483x726.jpg 483w, https:\/\/www.hospicjumcieszyn.pl\/wp-content\/uploads\/2013\/10\/IMG_8763.jpg 682w\" sizes=\"(max-width: 159px) 100vw, 159px\" \/><\/a>\n\t\t\t<\/div><\/figure><figure class='gallery-item'>\n\t\t\t<div class='gallery-icon portrait'>\n\t\t\t\t<a href='https:\/\/www.hospicjumcieszyn.pl\/en\/img_8764-2\/'><img loading=\"lazy\" decoding=\"async\" width=\"159\" height=\"240\" src=\"https:\/\/www.hospicjumcieszyn.pl\/wp-content\/uploads\/2013\/10\/IMG_8764-159x240.jpg\" class=\"attachment-thumbnail size-thumbnail\" alt=\"\" srcset=\"https:\/\/www.hospicjumcieszyn.pl\/wp-content\/uploads\/2013\/10\/IMG_8764-159x240.jpg 159w, https:\/\/www.hospicjumcieszyn.pl\/wp-content\/uploads\/2013\/10\/IMG_8764-241x363.jpg 241w, https:\/\/www.hospicjumcieszyn.pl\/wp-content\/uploads\/2013\/10\/IMG_8764-483x726.jpg 483w, https:\/\/www.hospicjumcieszyn.pl\/wp-content\/uploads\/2013\/10\/IMG_8764.jpg 682w\" sizes=\"(max-width: 159px) 100vw, 159px\" \/><\/a>\n\t\t\t<\/div><\/figure><figure class='gallery-item'>\n\t\t\t<div class='gallery-icon landscape'>\n\t\t\t\t<a href='https:\/\/www.hospicjumcieszyn.pl\/en\/img_8767-2\/'><img loading=\"lazy\" decoding=\"async\" width=\"180\" height=\"119\" src=\"https:\/\/www.hospicjumcieszyn.pl\/wp-content\/uploads\/2013\/10\/IMG_8767-180x119.jpg\" class=\"attachment-thumbnail size-thumbnail\" alt=\"\" srcset=\"https:\/\/www.hospicjumcieszyn.pl\/wp-content\/uploads\/2013\/10\/IMG_8767-180x119.jpg 180w, https:\/\/www.hospicjumcieszyn.pl\/wp-content\/uploads\/2013\/10\/IMG_8767-363x241.jpg 363w, https:\/\/www.hospicjumcieszyn.pl\/wp-content\/uploads\/2013\/10\/IMG_8767-726x483.jpg 726w, https:\/\/www.hospicjumcieszyn.pl\/wp-content\/uploads\/2013\/10\/IMG_8767.jpg 1024w\" sizes=\"(max-width: 180px) 100vw, 180px\" \/><\/a>\n\t\t\t<\/div><\/figure><figure class='gallery-item'>\n\t\t\t<div class='gallery-icon landscape'>\n\t\t\t\t<a href='https:\/\/www.hospicjumcieszyn.pl\/en\/img_8768-2\/'><img loading=\"lazy\" decoding=\"async\" width=\"180\" height=\"119\" src=\"https:\/\/www.hospicjumcieszyn.pl\/wp-content\/uploads\/2013\/10\/IMG_8768-180x119.jpg\" class=\"attachment-thumbnail size-thumbnail\" alt=\"\" srcset=\"https:\/\/www.hospicjumcieszyn.pl\/wp-content\/uploads\/2013\/10\/IMG_8768-180x119.jpg 180w, https:\/\/www.hospicjumcieszyn.pl\/wp-content\/uploads\/2013\/10\/IMG_8768-363x241.jpg 363w, https:\/\/www.hospicjumcieszyn.pl\/wp-content\/uploads\/2013\/10\/IMG_8768-726x483.jpg 726w, https:\/\/www.hospicjumcieszyn.pl\/wp-content\/uploads\/2013\/10\/IMG_8768.jpg 1024w\" sizes=\"(max-width: 180px) 100vw, 180px\" \/><\/a>\n\t\t\t<\/div><\/figure><figure class='gallery-item'>\n\t\t\t<div class='gallery-icon landscape'>\n\t\t\t\t<a href='https:\/\/www.hospicjumcieszyn.pl\/en\/img_8770-2\/'><img loading=\"lazy\" decoding=\"async\" width=\"180\" height=\"119\" src=\"https:\/\/www.hospicjumcieszyn.pl\/wp-content\/uploads\/2013\/10\/IMG_8770-180x119.jpg\" class=\"attachment-thumbnail size-thumbnail\" alt=\"\" srcset=\"https:\/\/www.hospicjumcieszyn.pl\/wp-content\/uploads\/2013\/10\/IMG_8770-180x119.jpg 180w, https:\/\/www.hospicjumcieszyn.pl\/wp-content\/uploads\/2013\/10\/IMG_8770-363x241.jpg 363w, https:\/\/www.hospicjumcieszyn.pl\/wp-content\/uploads\/2013\/10\/IMG_8770-726x483.jpg 726w, https:\/\/www.hospicjumcieszyn.pl\/wp-content\/uploads\/2013\/10\/IMG_8770.jpg 1024w\" sizes=\"(max-width: 180px) 100vw, 180px\" \/><\/a>\n\t\t\t<\/div><\/figure><figure class='gallery-item'>\n\t\t\t<div class='gallery-icon landscape'>\n\t\t\t\t<a href='https:\/\/www.hospicjumcieszyn.pl\/en\/img_8771-2\/'><img loading=\"lazy\" decoding=\"async\" width=\"180\" height=\"119\" src=\"https:\/\/www.hospicjumcieszyn.pl\/wp-content\/uploads\/2013\/10\/IMG_8771-180x119.jpg\" class=\"attachment-thumbnail size-thumbnail\" alt=\"\" srcset=\"https:\/\/www.hospicjumcieszyn.pl\/wp-content\/uploads\/2013\/10\/IMG_8771-180x119.jpg 180w, https:\/\/www.hospicjumcieszyn.pl\/wp-content\/uploads\/2013\/10\/IMG_8771-363x241.jpg 363w, https:\/\/www.hospicjumcieszyn.pl\/wp-content\/uploads\/2013\/10\/IMG_8771-726x483.jpg 726w, https:\/\/www.hospicjumcieszyn.pl\/wp-content\/uploads\/2013\/10\/IMG_8771.jpg 1024w\" sizes=\"(max-width: 180px) 100vw, 180px\" \/><\/a>\n\t\t\t<\/div><\/figure><figure class='gallery-item'>\n\t\t\t<div class='gallery-icon landscape'>\n\t\t\t\t<a href='https:\/\/www.hospicjumcieszyn.pl\/en\/img_8772-2\/'><img loading=\"lazy\" decoding=\"async\" width=\"180\" height=\"119\" src=\"https:\/\/www.hospicjumcieszyn.pl\/wp-content\/uploads\/2013\/10\/IMG_8772-180x119.jpg\" class=\"attachment-thumbnail size-thumbnail\" alt=\"\" srcset=\"https:\/\/www.hospicjumcieszyn.pl\/wp-content\/uploads\/2013\/10\/IMG_8772-180x119.jpg 180w, https:\/\/www.hospicjumcieszyn.pl\/wp-content\/uploads\/2013\/10\/IMG_8772-363x241.jpg 363w, https:\/\/www.hospicjumcieszyn.pl\/wp-content\/uploads\/2013\/10\/IMG_8772-726x483.jpg 726w, https:\/\/www.hospicjumcieszyn.pl\/wp-content\/uploads\/2013\/10\/IMG_8772.jpg 1024w\" sizes=\"(max-width: 180px) 100vw, 180px\" \/><\/a>\n\t\t\t<\/div><\/figure><figure class='gallery-item'>\n\t\t\t<div class='gallery-icon landscape'>\n\t\t\t\t<a href='https:\/\/www.hospicjumcieszyn.pl\/en\/img_8774-2\/'><img loading=\"lazy\" decoding=\"async\" width=\"180\" height=\"119\" src=\"https:\/\/www.hospicjumcieszyn.pl\/wp-content\/uploads\/2013\/10\/IMG_8774-180x119.jpg\" class=\"attachment-thumbnail size-thumbnail\" alt=\"\" srcset=\"https:\/\/www.hospicjumcieszyn.pl\/wp-content\/uploads\/2013\/10\/IMG_8774-180x119.jpg 180w, https:\/\/www.hospicjumcieszyn.pl\/wp-content\/uploads\/2013\/10\/IMG_8774-363x241.jpg 363w, https:\/\/www.hospicjumcieszyn.pl\/wp-content\/uploads\/2013\/10\/IMG_8774-726x483.jpg 726w, https:\/\/www.hospicjumcieszyn.pl\/wp-content\/uploads\/2013\/10\/IMG_8774.jpg 1024w\" sizes=\"(max-width: 180px) 100vw, 180px\" \/><\/a>\n\t\t\t<\/div><\/figure><figure class='gallery-item'>\n\t\t\t<div class='gallery-icon landscape'>\n\t\t\t\t<a href='https:\/\/www.hospicjumcieszyn.pl\/en\/img_8777-2\/'><img loading=\"lazy\" decoding=\"async\" width=\"180\" height=\"119\" src=\"https:\/\/www.hospicjumcieszyn.pl\/wp-content\/uploads\/2013\/10\/IMG_8777-180x119.jpg\" class=\"attachment-thumbnail size-thumbnail\" alt=\"\" srcset=\"https:\/\/www.hospicjumcieszyn.pl\/wp-content\/uploads\/2013\/10\/IMG_8777-180x119.jpg 180w, https:\/\/www.hospicjumcieszyn.pl\/wp-content\/uploads\/2013\/10\/IMG_8777-363x241.jpg 363w, https:\/\/www.hospicjumcieszyn.pl\/wp-content\/uploads\/2013\/10\/IMG_8777-726x483.jpg 726w, https:\/\/www.hospicjumcieszyn.pl\/wp-content\/uploads\/2013\/10\/IMG_8777.jpg 1024w\" sizes=\"(max-width: 180px) 100vw, 180px\" \/><\/a>\n\t\t\t<\/div><\/figure><figure class='gallery-item'>\n\t\t\t<div class='gallery-icon landscape'>\n\t\t\t\t<a href='https:\/\/www.hospicjumcieszyn.pl\/en\/img_8778-2\/'><img loading=\"lazy\" decoding=\"async\" width=\"180\" height=\"119\" src=\"https:\/\/www.hospicjumcieszyn.pl\/wp-content\/uploads\/2013\/10\/IMG_8778-180x119.jpg\" class=\"attachment-thumbnail size-thumbnail\" alt=\"\" srcset=\"https:\/\/www.hospicjumcieszyn.pl\/wp-content\/uploads\/2013\/10\/IMG_8778-180x119.jpg 180w, https:\/\/www.hospicjumcieszyn.pl\/wp-content\/uploads\/2013\/10\/IMG_8778-363x241.jpg 363w, https:\/\/www.hospicjumcieszyn.pl\/wp-content\/uploads\/2013\/10\/IMG_8778-726x483.jpg 726w, https:\/\/www.hospicjumcieszyn.pl\/wp-content\/uploads\/2013\/10\/IMG_8778.jpg 1024w\" sizes=\"(max-width: 180px) 100vw, 180px\" \/><\/a>\n\t\t\t<\/div><\/figure><figure class='gallery-item'>\n\t\t\t<div class='gallery-icon landscape'>\n\t\t\t\t<a href='https:\/\/www.hospicjumcieszyn.pl\/en\/img_8780-2\/'><img loading=\"lazy\" decoding=\"async\" width=\"180\" height=\"119\" src=\"https:\/\/www.hospicjumcieszyn.pl\/wp-content\/uploads\/2013\/10\/IMG_8780-180x119.jpg\" class=\"attachment-thumbnail size-thumbnail\" alt=\"\" srcset=\"https:\/\/www.hospicjumcieszyn.pl\/wp-content\/uploads\/2013\/10\/IMG_8780-180x119.jpg 180w, https:\/\/www.hospicjumcieszyn.pl\/wp-content\/uploads\/2013\/10\/IMG_8780-363x241.jpg 363w, https:\/\/www.hospicjumcieszyn.pl\/wp-content\/uploads\/2013\/10\/IMG_8780-726x483.jpg 726w, https:\/\/www.hospicjumcieszyn.pl\/wp-content\/uploads\/2013\/10\/IMG_8780.jpg 1024w\" sizes=\"(max-width: 180px) 100vw, 180px\" \/><\/a>\n\t\t\t<\/div><\/figure><figure class='gallery-item'>\n\t\t\t<div class='gallery-icon landscape'>\n\t\t\t\t<a href='https:\/\/www.hospicjumcieszyn.pl\/en\/img_8786-2\/'><img loading=\"lazy\" decoding=\"async\" width=\"180\" height=\"119\" src=\"https:\/\/www.hospicjumcieszyn.pl\/wp-content\/uploads\/2013\/10\/IMG_8786-180x119.jpg\" class=\"attachment-thumbnail size-thumbnail\" alt=\"\" srcset=\"https:\/\/www.hospicjumcieszyn.pl\/wp-content\/uploads\/2013\/10\/IMG_8786-180x119.jpg 180w, https:\/\/www.hospicjumcieszyn.pl\/wp-content\/uploads\/2013\/10\/IMG_8786-363x241.jpg 363w, https:\/\/www.hospicjumcieszyn.pl\/wp-content\/uploads\/2013\/10\/IMG_8786-726x483.jpg 726w, https:\/\/www.hospicjumcieszyn.pl\/wp-content\/uploads\/2013\/10\/IMG_8786.jpg 1024w\" sizes=\"(max-width: 180px) 100vw, 180px\" \/><\/a>\n\t\t\t<\/div><\/figure><figure class='gallery-item'>\n\t\t\t<div class='gallery-icon landscape'>\n\t\t\t\t<a href='https:\/\/www.hospicjumcieszyn.pl\/en\/img_8794-2\/'><img loading=\"lazy\" decoding=\"async\" width=\"180\" height=\"119\" src=\"https:\/\/www.hospicjumcieszyn.pl\/wp-content\/uploads\/2013\/10\/IMG_8794-180x119.jpg\" class=\"attachment-thumbnail size-thumbnail\" alt=\"\" srcset=\"https:\/\/www.hospicjumcieszyn.pl\/wp-content\/uploads\/2013\/10\/IMG_8794-180x119.jpg 180w, https:\/\/www.hospicjumcieszyn.pl\/wp-content\/uploads\/2013\/10\/IMG_8794-363x241.jpg 363w, https:\/\/www.hospicjumcieszyn.pl\/wp-content\/uploads\/2013\/10\/IMG_8794-726x483.jpg 726w, https:\/\/www.hospicjumcieszyn.pl\/wp-content\/uploads\/2013\/10\/IMG_8794.jpg 1024w\" sizes=\"(max-width: 180px) 100vw, 180px\" \/><\/a>\n\t\t\t<\/div><\/figure><figure class='gallery-item'>\n\t\t\t<div class='gallery-icon landscape'>\n\t\t\t\t<a href='https:\/\/www.hospicjumcieszyn.pl\/en\/img_8805-2\/'><img loading=\"lazy\" decoding=\"async\" width=\"180\" height=\"119\" src=\"https:\/\/www.hospicjumcieszyn.pl\/wp-content\/uploads\/2013\/10\/IMG_8805-180x119.jpg\" class=\"attachment-thumbnail size-thumbnail\" alt=\"\" srcset=\"https:\/\/www.hospicjumcieszyn.pl\/wp-content\/uploads\/2013\/10\/IMG_8805-180x119.jpg 180w, https:\/\/www.hospicjumcieszyn.pl\/wp-content\/uploads\/2013\/10\/IMG_8805-363x241.jpg 363w, https:\/\/www.hospicjumcieszyn.pl\/wp-content\/uploads\/2013\/10\/IMG_8805-726x483.jpg 726w, https:\/\/www.hospicjumcieszyn.pl\/wp-content\/uploads\/2013\/10\/IMG_8805.jpg 1024w\" sizes=\"(max-width: 180px) 100vw, 180px\" \/><\/a>\n\t\t\t<\/div><\/figure><figure class='gallery-item'>\n\t\t\t<div class='gallery-icon landscape'>\n\t\t\t\t<a href='https:\/\/www.hospicjumcieszyn.pl\/en\/img_8808-2\/'><img loading=\"lazy\" decoding=\"async\" width=\"180\" height=\"119\" src=\"https:\/\/www.hospicjumcieszyn.pl\/wp-content\/uploads\/2013\/10\/IMG_8808-180x119.jpg\" class=\"attachment-thumbnail size-thumbnail\" alt=\"\" srcset=\"https:\/\/www.hospicjumcieszyn.pl\/wp-content\/uploads\/2013\/10\/IMG_8808-180x119.jpg 180w, https:\/\/www.hospicjumcieszyn.pl\/wp-content\/uploads\/2013\/10\/IMG_8808-363x241.jpg 363w, https:\/\/www.hospicjumcieszyn.pl\/wp-content\/uploads\/2013\/10\/IMG_8808-726x483.jpg 726w, https:\/\/www.hospicjumcieszyn.pl\/wp-content\/uploads\/2013\/10\/IMG_8808.jpg 1024w\" sizes=\"(max-width: 180px) 100vw, 180px\" \/><\/a>\n\t\t\t<\/div><\/figure><figure class='gallery-item'>\n\t\t\t<div class='gallery-icon landscape'>\n\t\t\t\t<a href='https:\/\/www.hospicjumcieszyn.pl\/en\/img_8811-2\/'><img loading=\"lazy\" decoding=\"async\" width=\"180\" height=\"119\" src=\"https:\/\/www.hospicjumcieszyn.pl\/wp-content\/uploads\/2013\/10\/IMG_8811-180x119.jpg\" class=\"attachment-thumbnail size-thumbnail\" alt=\"\" srcset=\"https:\/\/www.hospicjumcieszyn.pl\/wp-content\/uploads\/2013\/10\/IMG_8811-180x119.jpg 180w, https:\/\/www.hospicjumcieszyn.pl\/wp-content\/uploads\/2013\/10\/IMG_8811-363x241.jpg 363w, https:\/\/www.hospicjumcieszyn.pl\/wp-content\/uploads\/2013\/10\/IMG_8811-726x483.jpg 726w, https:\/\/www.hospicjumcieszyn.pl\/wp-content\/uploads\/2013\/10\/IMG_8811.jpg 1024w\" sizes=\"(max-width: 180px) 100vw, 180px\" \/><\/a>\n\t\t\t<\/div><\/figure><figure class='gallery-item'>\n\t\t\t<div class='gallery-icon landscape'>\n\t\t\t\t<a href='https:\/\/www.hospicjumcieszyn.pl\/en\/img_8817-2\/'><img loading=\"lazy\" decoding=\"async\" width=\"180\" height=\"119\" src=\"https:\/\/www.hospicjumcieszyn.pl\/wp-content\/uploads\/2013\/10\/IMG_8817-180x119.jpg\" class=\"attachment-thumbnail size-thumbnail\" alt=\"\" srcset=\"https:\/\/www.hospicjumcieszyn.pl\/wp-content\/uploads\/2013\/10\/IMG_8817-180x119.jpg 180w, https:\/\/www.hospicjumcieszyn.pl\/wp-content\/uploads\/2013\/10\/IMG_8817-363x241.jpg 363w, https:\/\/www.hospicjumcieszyn.pl\/wp-content\/uploads\/2013\/10\/IMG_8817-726x483.jpg 726w, https:\/\/www.hospicjumcieszyn.pl\/wp-content\/uploads\/2013\/10\/IMG_8817.jpg 1024w\" sizes=\"(max-width: 180px) 100vw, 180px\" \/><\/a>\n\t\t\t<\/div><\/figure><figure class='gallery-item'>\n\t\t\t<div class='gallery-icon landscape'>\n\t\t\t\t<a href='https:\/\/www.hospicjumcieszyn.pl\/en\/img_8820-2\/'><img loading=\"lazy\" decoding=\"async\" width=\"180\" height=\"119\" src=\"https:\/\/www.hospicjumcieszyn.pl\/wp-content\/uploads\/2013\/10\/IMG_8820-180x119.jpg\" class=\"attachment-thumbnail size-thumbnail\" alt=\"\" srcset=\"https:\/\/www.hospicjumcieszyn.pl\/wp-content\/uploads\/2013\/10\/IMG_8820-180x119.jpg 180w, https:\/\/www.hospicjumcieszyn.pl\/wp-content\/uploads\/2013\/10\/IMG_8820-363x241.jpg 363w, https:\/\/www.hospicjumcieszyn.pl\/wp-content\/uploads\/2013\/10\/IMG_8820-726x483.jpg 726w, https:\/\/www.hospicjumcieszyn.pl\/wp-content\/uploads\/2013\/10\/IMG_8820.jpg 1024w\" sizes=\"(max-width: 180px) 100vw, 180px\" \/><\/a>\n\t\t\t<\/div><\/figure><figure class='gallery-item'>\n\t\t\t<div class='gallery-icon landscape'>\n\t\t\t\t<a href='https:\/\/www.hospicjumcieszyn.pl\/en\/img_8830-2\/'><img loading=\"lazy\" decoding=\"async\" width=\"180\" height=\"119\" src=\"https:\/\/www.hospicjumcieszyn.pl\/wp-content\/uploads\/2013\/10\/IMG_8830-180x119.jpg\" class=\"attachment-thumbnail size-thumbnail\" alt=\"\" srcset=\"https:\/\/www.hospicjumcieszyn.pl\/wp-content\/uploads\/2013\/10\/IMG_8830-180x119.jpg 180w, https:\/\/www.hospicjumcieszyn.pl\/wp-content\/uploads\/2013\/10\/IMG_8830-363x241.jpg 363w, https:\/\/www.hospicjumcieszyn.pl\/wp-content\/uploads\/2013\/10\/IMG_8830-726x483.jpg 726w, https:\/\/www.hospicjumcieszyn.pl\/wp-content\/uploads\/2013\/10\/IMG_8830.jpg 1024w\" sizes=\"(max-width: 180px) 100vw, 180px\" \/><\/a>\n\t\t\t<\/div><\/figure><figure class='gallery-item'>\n\t\t\t<div class='gallery-icon landscape'>\n\t\t\t\t<a href='https:\/\/www.hospicjumcieszyn.pl\/en\/img_8839-2\/'><img loading=\"lazy\" decoding=\"async\" width=\"180\" height=\"119\" src=\"https:\/\/www.hospicjumcieszyn.pl\/wp-content\/uploads\/2013\/10\/IMG_8839-180x119.jpg\" class=\"attachment-thumbnail size-thumbnail\" alt=\"\" srcset=\"https:\/\/www.hospicjumcieszyn.pl\/wp-content\/uploads\/2013\/10\/IMG_8839-180x119.jpg 180w, https:\/\/www.hospicjumcieszyn.pl\/wp-content\/uploads\/2013\/10\/IMG_8839-363x241.jpg 363w, https:\/\/www.hospicjumcieszyn.pl\/wp-content\/uploads\/2013\/10\/IMG_8839-726x483.jpg 726w, https:\/\/www.hospicjumcieszyn.pl\/wp-content\/uploads\/2013\/10\/IMG_8839.jpg 1024w\" sizes=\"(max-width: 180px) 100vw, 180px\" \/><\/a>\n\t\t\t<\/div><\/figure><figure class='gallery-item'>\n\t\t\t<div class='gallery-icon landscape'>\n\t\t\t\t<a href='https:\/\/www.hospicjumcieszyn.pl\/en\/img_8843-2\/'><img loading=\"lazy\" decoding=\"async\" width=\"180\" height=\"119\" src=\"https:\/\/www.hospicjumcieszyn.pl\/wp-content\/uploads\/2013\/10\/IMG_8843-180x119.jpg\" class=\"attachment-thumbnail size-thumbnail\" alt=\"\" srcset=\"https:\/\/www.hospicjumcieszyn.pl\/wp-content\/uploads\/2013\/10\/IMG_8843-180x119.jpg 180w, https:\/\/www.hospicjumcieszyn.pl\/wp-content\/uploads\/2013\/10\/IMG_8843-363x241.jpg 363w, https:\/\/www.hospicjumcieszyn.pl\/wp-content\/uploads\/2013\/10\/IMG_8843-726x483.jpg 726w, https:\/\/www.hospicjumcieszyn.pl\/wp-content\/uploads\/2013\/10\/IMG_8843.jpg 1024w\" sizes=\"(max-width: 180px) 100vw, 180px\" \/><\/a>\n\t\t\t<\/div><\/figure><figure class='gallery-item'>\n\t\t\t<div class='gallery-icon portrait'>\n\t\t\t\t<a href='https:\/\/www.hospicjumcieszyn.pl\/en\/img_8862-2\/'><img loading=\"lazy\" decoding=\"async\" width=\"159\" height=\"240\" src=\"https:\/\/www.hospicjumcieszyn.pl\/wp-content\/uploads\/2013\/10\/IMG_8862-159x240.jpg\" class=\"attachment-thumbnail size-thumbnail\" alt=\"\" srcset=\"https:\/\/www.hospicjumcieszyn.pl\/wp-content\/uploads\/2013\/10\/IMG_8862-159x240.jpg 159w, https:\/\/www.hospicjumcieszyn.pl\/wp-content\/uploads\/2013\/10\/IMG_8862-241x363.jpg 241w, https:\/\/www.hospicjumcieszyn.pl\/wp-content\/uploads\/2013\/10\/IMG_8862-483x726.jpg 483w, https:\/\/www.hospicjumcieszyn.pl\/wp-content\/uploads\/2013\/10\/IMG_8862.jpg 682w\" sizes=\"(max-width: 159px) 100vw, 159px\" \/><\/a>\n\t\t\t<\/div><\/figure><figure class='gallery-item'>\n\t\t\t<div class='gallery-icon landscape'>\n\t\t\t\t<a href='https:\/\/www.hospicjumcieszyn.pl\/en\/img_8863-2\/'><img loading=\"lazy\" decoding=\"async\" width=\"180\" height=\"119\" src=\"https:\/\/www.hospicjumcieszyn.pl\/wp-content\/uploads\/2013\/10\/IMG_8863-180x119.jpg\" class=\"attachment-thumbnail size-thumbnail\" alt=\"\" srcset=\"https:\/\/www.hospicjumcieszyn.pl\/wp-content\/uploads\/2013\/10\/IMG_8863-180x119.jpg 180w, https:\/\/www.hospicjumcieszyn.pl\/wp-content\/uploads\/2013\/10\/IMG_8863-363x241.jpg 363w, https:\/\/www.hospicjumcieszyn.pl\/wp-content\/uploads\/2013\/10\/IMG_8863-726x483.jpg 726w, https:\/\/www.hospicjumcieszyn.pl\/wp-content\/uploads\/2013\/10\/IMG_8863.jpg 1024w\" sizes=\"(max-width: 180px) 100vw, 180px\" \/><\/a>\n\t\t\t<\/div><\/figure><figure class='gallery-item'>\n\t\t\t<div class='gallery-icon landscape'>\n\t\t\t\t<a href='https:\/\/www.hospicjumcieszyn.pl\/en\/img_8865-2\/'><img loading=\"lazy\" decoding=\"async\" width=\"180\" height=\"119\" src=\"https:\/\/www.hospicjumcieszyn.pl\/wp-content\/uploads\/2013\/10\/IMG_8865-180x119.jpg\" class=\"attachment-thumbnail size-thumbnail\" alt=\"\" srcset=\"https:\/\/www.hospicjumcieszyn.pl\/wp-content\/uploads\/2013\/10\/IMG_8865-180x119.jpg 180w, https:\/\/www.hospicjumcieszyn.pl\/wp-content\/uploads\/2013\/10\/IMG_8865-363x241.jpg 363w, https:\/\/www.hospicjumcieszyn.pl\/wp-content\/uploads\/2013\/10\/IMG_8865-726x483.jpg 726w, https:\/\/www.hospicjumcieszyn.pl\/wp-content\/uploads\/2013\/10\/IMG_8865.jpg 1024w\" sizes=\"(max-width: 180px) 100vw, 180px\" \/><\/a>\n\t\t\t<\/div><\/figure><figure class='gallery-item'>\n\t\t\t<div class='gallery-icon landscape'>\n\t\t\t\t<a href='https:\/\/www.hospicjumcieszyn.pl\/en\/img_8891-2\/'><img loading=\"lazy\" decoding=\"async\" width=\"180\" height=\"119\" src=\"https:\/\/www.hospicjumcieszyn.pl\/wp-content\/uploads\/2013\/10\/IMG_8891-180x119.jpg\" class=\"attachment-thumbnail size-thumbnail\" alt=\"\" srcset=\"https:\/\/www.hospicjumcieszyn.pl\/wp-content\/uploads\/2013\/10\/IMG_8891-180x119.jpg 180w, https:\/\/www.hospicjumcieszyn.pl\/wp-content\/uploads\/2013\/10\/IMG_8891-363x241.jpg 363w, https:\/\/www.hospicjumcieszyn.pl\/wp-content\/uploads\/2013\/10\/IMG_8891-726x483.jpg 726w, https:\/\/www.hospicjumcieszyn.pl\/wp-content\/uploads\/2013\/10\/IMG_8891.jpg 1024w\" sizes=\"(max-width: 180px) 100vw, 180px\" \/><\/a>\n\t\t\t<\/div><\/figure><figure class='gallery-item'>\n\t\t\t<div class='gallery-icon landscape'>\n\t\t\t\t<a href='https:\/\/www.hospicjumcieszyn.pl\/en\/img_8907-2\/'><img loading=\"lazy\" decoding=\"async\" width=\"180\" height=\"119\" src=\"https:\/\/www.hospicjumcieszyn.pl\/wp-content\/uploads\/2013\/10\/IMG_8907-180x119.jpg\" class=\"attachment-thumbnail size-thumbnail\" alt=\"\" srcset=\"https:\/\/www.hospicjumcieszyn.pl\/wp-content\/uploads\/2013\/10\/IMG_8907-180x119.jpg 180w, https:\/\/www.hospicjumcieszyn.pl\/wp-content\/uploads\/2013\/10\/IMG_8907-363x241.jpg 363w, https:\/\/www.hospicjumcieszyn.pl\/wp-content\/uploads\/2013\/10\/IMG_8907-726x483.jpg 726w, https:\/\/www.hospicjumcieszyn.pl\/wp-content\/uploads\/2013\/10\/IMG_8907.jpg 1024w\" sizes=\"(max-width: 180px) 100vw, 180px\" \/><\/a>\n\t\t\t<\/div><\/figure><figure class='gallery-item'>\n\t\t\t<div class='gallery-icon landscape'>\n\t\t\t\t<a href='https:\/\/www.hospicjumcieszyn.pl\/en\/img_8903-2\/'><img loading=\"lazy\" decoding=\"async\" width=\"180\" height=\"119\" src=\"https:\/\/www.hospicjumcieszyn.pl\/wp-content\/uploads\/2013\/10\/IMG_8903-180x119.jpg\" class=\"attachment-thumbnail size-thumbnail\" alt=\"\" srcset=\"https:\/\/www.hospicjumcieszyn.pl\/wp-content\/uploads\/2013\/10\/IMG_8903-180x119.jpg 180w, https:\/\/www.hospicjumcieszyn.pl\/wp-content\/uploads\/2013\/10\/IMG_8903-363x241.jpg 363w, https:\/\/www.hospicjumcieszyn.pl\/wp-content\/uploads\/2013\/10\/IMG_8903-726x483.jpg 726w, https:\/\/www.hospicjumcieszyn.pl\/wp-content\/uploads\/2013\/10\/IMG_8903.jpg 1024w\" sizes=\"(max-width: 180px) 100vw, 180px\" \/><\/a>\n\t\t\t<\/div><\/figure><figure class='gallery-item'>\n\t\t\t<div class='gallery-icon landscape'>\n\t\t\t\t<a href='https:\/\/www.hospicjumcieszyn.pl\/en\/img_8879-2\/'><img loading=\"lazy\" decoding=\"async\" width=\"180\" height=\"119\" src=\"https:\/\/www.hospicjumcieszyn.pl\/wp-content\/uploads\/2013\/10\/IMG_8879-180x119.jpg\" class=\"attachment-thumbnail size-thumbnail\" alt=\"\" srcset=\"https:\/\/www.hospicjumcieszyn.pl\/wp-content\/uploads\/2013\/10\/IMG_8879-180x119.jpg 180w, https:\/\/www.hospicjumcieszyn.pl\/wp-content\/uploads\/2013\/10\/IMG_8879-363x241.jpg 363w, https:\/\/www.hospicjumcieszyn.pl\/wp-content\/uploads\/2013\/10\/IMG_8879-726x483.jpg 726w, https:\/\/www.hospicjumcieszyn.pl\/wp-content\/uploads\/2013\/10\/IMG_8879.jpg 1024w\" sizes=\"(max-width: 180px) 100vw, 180px\" \/><\/a>\n\t\t\t<\/div><\/figure><figure class='gallery-item'>\n\t\t\t<div class='gallery-icon landscape'>\n\t\t\t\t<a href='https:\/\/www.hospicjumcieszyn.pl\/en\/img_8880-2\/'><img loading=\"lazy\" decoding=\"async\" width=\"180\" height=\"119\" src=\"https:\/\/www.hospicjumcieszyn.pl\/wp-content\/uploads\/2013\/10\/IMG_8880-180x119.jpg\" class=\"attachment-thumbnail size-thumbnail\" alt=\"\" srcset=\"https:\/\/www.hospicjumcieszyn.pl\/wp-content\/uploads\/2013\/10\/IMG_8880-180x119.jpg 180w, https:\/\/www.hospicjumcieszyn.pl\/wp-content\/uploads\/2013\/10\/IMG_8880-363x241.jpg 363w, https:\/\/www.hospicjumcieszyn.pl\/wp-content\/uploads\/2013\/10\/IMG_8880-726x483.jpg 726w, https:\/\/www.hospicjumcieszyn.pl\/wp-content\/uploads\/2013\/10\/IMG_8880.jpg 1024w\" sizes=\"(max-width: 180px) 100vw, 180px\" \/><\/a>\n\t\t\t<\/div><\/figure><figure class='gallery-item'>\n\t\t\t<div class='gallery-icon landscape'>\n\t\t\t\t<a href='https:\/\/www.hospicjumcieszyn.pl\/en\/img_8881-2\/'><img loading=\"lazy\" decoding=\"async\" width=\"180\" height=\"119\" src=\"https:\/\/www.hospicjumcieszyn.pl\/wp-content\/uploads\/2013\/10\/IMG_8881-180x119.jpg\" class=\"attachment-thumbnail size-thumbnail\" alt=\"\" srcset=\"https:\/\/www.hospicjumcieszyn.pl\/wp-content\/uploads\/2013\/10\/IMG_8881-180x119.jpg 180w, https:\/\/www.hospicjumcieszyn.pl\/wp-content\/uploads\/2013\/10\/IMG_8881-363x241.jpg 363w, https:\/\/www.hospicjumcieszyn.pl\/wp-content\/uploads\/2013\/10\/IMG_8881-726x483.jpg 726w, https:\/\/www.hospicjumcieszyn.pl\/wp-content\/uploads\/2013\/10\/IMG_8881.jpg 1024w\" sizes=\"(max-width: 180px) 100vw, 180px\" \/><\/a>\n\t\t\t<\/div><\/figure>\n\t\t<\/div>\n\n","protected":false},"excerpt":{"rendered":"<p>Sobota 5 pa\u017adziernika dla nas, zwi\u0105zanych z cieszy\u0144skim Hospicjum, up\u0142yn\u0119\u0142a wyj\u0105tkowo i uroczy\u015bcie. \u015awi\u0119towali\u015bmy bowiem 15-lecie drogiego naszemu sercu miejsca &#8211; Hospicjum. By\u0142 to czas bogaty w wiele wydarze\u0144, wiele wa\u017cnych chwil, a przede wszystkim &#8211; bogaty obecno\u015bci\u0105 wielu ludzi, zar\u00f3wno tych, kt\u00f3rym pos\u0142ugiwano, jak i tych, kt\u00f3rzy pos\u0142ugiwali. W tym czasie cieszy\u0144skie Hospicjum towarzyszy\u0142o &#8230; <a title=\"15 lat za nami&#8230;\" class=\"read-more\" href=\"https:\/\/www.hospicjumcieszyn.pl\/en\/15-lat-za-nami\/\" aria-label=\"More on 15 lat za nami&#8230;\">Read more<\/a><\/p>\n","protected":false},"author":4,"featured_media":0,"comment_status":"closed","ping_status":"closed","sticky":false,"template":"","format":"standard","meta":{"footnotes":""},"categories":[7],"tags":[],"acf":[],"_links":{"self":[{"href":"https:\/\/www.hospicjumcieszyn.pl\/en\/wp-json\/wp\/v2\/posts\/851"}],"collection":[{"href":"https:\/\/www.hospicjumcieszyn.pl\/en\/wp-json\/wp\/v2\/posts"}],"about":[{"href":"https:\/\/www.hospicjumcieszyn.pl\/en\/wp-json\/wp\/v2\/types\/post"}],"author":[{"embeddable":true,"href":"https:\/\/www.hospicjumcieszyn.pl\/en\/wp-json\/wp\/v2\/users\/4"}],"replies":[{"embeddable":true,"href":"https:\/\/www.hospicjumcieszyn.pl\/en\/wp-json\/wp\/v2\/comments?post=851"}],"version-history":[{"count":4,"href":"https:\/\/www.hospicjumcieszyn.pl\/en\/wp-json\/wp\/v2\/posts\/851\/revisions"}],"predecessor-version":[{"id":888,"href":"https:\/\/www.hospicjumcieszyn.pl\/en\/wp-json\/wp\/v2\/posts\/851\/revisions\/888"}],"wp:attachment":[{"href":"https:\/\/www.hospicjumcieszyn.pl\/en\/wp-json\/wp\/v2\/media?parent=851"}],"wp:term":[{"taxonomy":"category","embeddable":true,"href":"https:\/\/www.hospicjumcieszyn.pl\/en\/wp-json\/wp\/v2\/categories?post=851"},{"taxonomy":"post_tag","embeddable":true,"href":"https:\/\/www.hospicjumcieszyn.pl\/en\/wp-json\/wp\/v2\/tags?post=851"}],"curies":[{"name":"wp","href":"https:\/\/api.w.org\/{rel}","templated":true}]}}