{"id":9172,"date":"2023-07-02T18:01:16","date_gmt":"2023-07-02T16:01:16","guid":{"rendered":"https:\/\/www.hospicjumcieszyn.pl\/?p=9172"},"modified":"2023-12-12T18:57:20","modified_gmt":"2023-12-12T17:57:20","slug":"zjazd-zonkilowych-hospicjow-2","status":"publish","type":"post","link":"https:\/\/www.hospicjumcieszyn.pl\/en\/zjazd-zonkilowych-hospicjow-2\/","title":{"rendered":"Zjazd \u017conkilowych Hospicj\u00f3w"},"content":{"rendered":"\n<p>W pierwszy weekend lipca wolontariuszki Magdalena Przeworska i Iwona Sroczy\u0144ska wzi\u0119\u0142y udzia\u0142 w spotkaniu Hospicj\u00f3w, kt\u00f3re w tym roku bra\u0142y udzia\u0142 w Og\u00f3lnopolskiej Kampanii Pola Nadziei. <br>Podczas dwudniowego spotkania, kt\u00f3rego gospodarzami by\u0142o Hospicjum im. \u015bw. \u0141azarza <br>w Krakowie wolontariusze wymienili si\u0119 do\u015bwiadczeniami z przebiegu akcji, a tak\u017ce zostali zainspirowani nowymi pomys\u0142ami na dalsze dzia\u0142ania. <\/p>\n\n\n\n<p><br>Dziewczyny wzi\u0119\u0142y r\u00f3wnie\u017c udzia\u0142 w szkoleniu, podczas kt\u00f3rego dowiedzia\u0142y si\u0119 jak wykorzystywa\u0107 media spo\u0142eczno\u015bciowe do realizowania cel\u00f3w naszej organizacji. Dzi\u0119kujemy Pani dr Agnieszce Ca\u0142ek z Instytutu Dziennikarstwa, Medi\u00f3w i Komunikacji Spo\u0142ecznej Uniwersytetu Jagiello\u0144skiego za po\u015bwi\u0119cony czas, bardzo ciekawy wyk\u0142ad i wiele cennych wskaz\u00f3wek. <\/p>\n\n\n\n<p><br>Jeste\u015bmy r\u00f3wnie\u017c wdzi\u0119czni gospodarzom, Hospicjum im. \u015bw. \u0141azarza w Krakowie, za zaproszenie.<br><br>Na\u0142adowane pozytywn\u0105 energi\u0105 wracamy by dalej dzia\u0142a\u0107.<\/p>\n\n\n\n<p>~Iwona Sroczy\u0144ska wolontariusz Hospicjum<\/p>\n\n\n\n<div class=\"wp-block-dgwt-justified-gallery\"><div id='gallery-1' class='gallery galleryid-9172 gallery-columns-3 gallery-size-thumbnail'><figure class='gallery-item'>\n\t\t\t<div class='gallery-icon landscape'>\n\t\t\t\t<a href='https:\/\/www.hospicjumcieszyn.pl\/en\/357770252_6143771875731855_4745663649874738544_n-2\/'><img loading=\"lazy\" decoding=\"async\" width=\"180\" height=\"135\" src=\"https:\/\/www.hospicjumcieszyn.pl\/wp-content\/uploads\/2023\/12\/357770252_6143771875731855_4745663649874738544_n-180x135.jpg\" class=\"attachment-thumbnail size-thumbnail\" alt=\"\" srcset=\"https:\/\/www.hospicjumcieszyn.pl\/wp-content\/uploads\/2023\/12\/357770252_6143771875731855_4745663649874738544_n-180x135.jpg 180w, https:\/\/www.hospicjumcieszyn.pl\/wp-content\/uploads\/2023\/12\/357770252_6143771875731855_4745663649874738544_n-363x272.jpg 363w, https:\/\/www.hospicjumcieszyn.pl\/wp-content\/uploads\/2023\/12\/357770252_6143771875731855_4745663649874738544_n-726x545.jpg 726w, https:\/\/www.hospicjumcieszyn.pl\/wp-content\/uploads\/2023\/12\/357770252_6143771875731855_4745663649874738544_n-768x576.jpg 768w, https:\/\/www.hospicjumcieszyn.pl\/wp-content\/uploads\/2023\/12\/357770252_6143771875731855_4745663649874738544_n-1536x1152.jpg 1536w, https:\/\/www.hospicjumcieszyn.pl\/wp-content\/uploads\/2023\/12\/357770252_6143771875731855_4745663649874738544_n.jpg 2048w\" sizes=\"(max-width: 180px) 100vw, 180px\" \/><\/a>\n\t\t\t<\/div><\/figure><figure class='gallery-item'>\n\t\t\t<div class='gallery-icon landscape'>\n\t\t\t\t<a href='https:\/\/www.hospicjumcieszyn.pl\/en\/357786952_6143771349065241_2784280404570170260_n-2\/'><img loading=\"lazy\" decoding=\"async\" width=\"180\" height=\"135\" src=\"https:\/\/www.hospicjumcieszyn.pl\/wp-content\/uploads\/2023\/12\/357786952_6143771349065241_2784280404570170260_n-180x135.jpg\" class=\"attachment-thumbnail size-thumbnail\" alt=\"\" srcset=\"https:\/\/www.hospicjumcieszyn.pl\/wp-content\/uploads\/2023\/12\/357786952_6143771349065241_2784280404570170260_n-180x135.jpg 180w, https:\/\/www.hospicjumcieszyn.pl\/wp-content\/uploads\/2023\/12\/357786952_6143771349065241_2784280404570170260_n-363x272.jpg 363w, https:\/\/www.hospicjumcieszyn.pl\/wp-content\/uploads\/2023\/12\/357786952_6143771349065241_2784280404570170260_n-726x545.jpg 726w, https:\/\/www.hospicjumcieszyn.pl\/wp-content\/uploads\/2023\/12\/357786952_6143771349065241_2784280404570170260_n-768x576.jpg 768w, https:\/\/www.hospicjumcieszyn.pl\/wp-content\/uploads\/2023\/12\/357786952_6143771349065241_2784280404570170260_n-1536x1152.jpg 1536w, https:\/\/www.hospicjumcieszyn.pl\/wp-content\/uploads\/2023\/12\/357786952_6143771349065241_2784280404570170260_n.jpg 1920w\" sizes=\"(max-width: 180px) 100vw, 180px\" \/><\/a>\n\t\t\t<\/div><\/figure><figure class='gallery-item'>\n\t\t\t<div class='gallery-icon portrait'>\n\t\t\t\t<a href='https:\/\/www.hospicjumcieszyn.pl\/en\/357738193_6143772432398466_4338138367675693913_n-2\/'><img loading=\"lazy\" decoding=\"async\" width=\"180\" height=\"240\" src=\"https:\/\/www.hospicjumcieszyn.pl\/wp-content\/uploads\/2023\/12\/357738193_6143772432398466_4338138367675693913_n-180x240.jpg\" class=\"attachment-thumbnail size-thumbnail\" alt=\"\" srcset=\"https:\/\/www.hospicjumcieszyn.pl\/wp-content\/uploads\/2023\/12\/357738193_6143772432398466_4338138367675693913_n-180x240.jpg 180w, https:\/\/www.hospicjumcieszyn.pl\/wp-content\/uploads\/2023\/12\/357738193_6143772432398466_4338138367675693913_n-272x363.jpg 272w, https:\/\/www.hospicjumcieszyn.pl\/wp-content\/uploads\/2023\/12\/357738193_6143772432398466_4338138367675693913_n-545x726.jpg 545w, https:\/\/www.hospicjumcieszyn.pl\/wp-content\/uploads\/2023\/12\/357738193_6143772432398466_4338138367675693913_n-768x1023.jpg 768w, https:\/\/www.hospicjumcieszyn.pl\/wp-content\/uploads\/2023\/12\/357738193_6143772432398466_4338138367675693913_n-1153x1536.jpg 1153w, https:\/\/www.hospicjumcieszyn.pl\/wp-content\/uploads\/2023\/12\/357738193_6143772432398466_4338138367675693913_n.jpg 1201w\" sizes=\"(max-width: 180px) 100vw, 180px\" \/><\/a>\n\t\t\t<\/div><\/figure><figure class='gallery-item'>\n\t\t\t<div class='gallery-icon portrait'>\n\t\t\t\t<a href='https:\/\/www.hospicjumcieszyn.pl\/en\/357743805_6143772299065146_4199765323670040944_n-2\/'><img loading=\"lazy\" decoding=\"async\" width=\"180\" height=\"240\" src=\"https:\/\/www.hospicjumcieszyn.pl\/wp-content\/uploads\/2023\/12\/357743805_6143772299065146_4199765323670040944_n-180x240.jpg\" class=\"attachment-thumbnail size-thumbnail\" alt=\"\" srcset=\"https:\/\/www.hospicjumcieszyn.pl\/wp-content\/uploads\/2023\/12\/357743805_6143772299065146_4199765323670040944_n-180x240.jpg 180w, https:\/\/www.hospicjumcieszyn.pl\/wp-content\/uploads\/2023\/12\/357743805_6143772299065146_4199765323670040944_n-272x363.jpg 272w, https:\/\/www.hospicjumcieszyn.pl\/wp-content\/uploads\/2023\/12\/357743805_6143772299065146_4199765323670040944_n-545x726.jpg 545w, https:\/\/www.hospicjumcieszyn.pl\/wp-content\/uploads\/2023\/12\/357743805_6143772299065146_4199765323670040944_n-768x1023.jpg 768w, https:\/\/www.hospicjumcieszyn.pl\/wp-content\/uploads\/2023\/12\/357743805_6143772299065146_4199765323670040944_n-1153x1536.jpg 1153w, https:\/\/www.hospicjumcieszyn.pl\/wp-content\/uploads\/2023\/12\/357743805_6143772299065146_4199765323670040944_n.jpg 1201w\" sizes=\"(max-width: 180px) 100vw, 180px\" \/><\/a>\n\t\t\t<\/div><\/figure><figure class='gallery-item'>\n\t\t\t<div class='gallery-icon landscape'>\n\t\t\t\t<a href='https:\/\/www.hospicjumcieszyn.pl\/en\/357766292_6143772179065158_8493424173467460662_n-2\/'><img loading=\"lazy\" decoding=\"async\" width=\"180\" height=\"101\" src=\"https:\/\/www.hospicjumcieszyn.pl\/wp-content\/uploads\/2023\/12\/357766292_6143772179065158_8493424173467460662_n-180x101.jpg\" class=\"attachment-thumbnail size-thumbnail\" alt=\"\" srcset=\"https:\/\/www.hospicjumcieszyn.pl\/wp-content\/uploads\/2023\/12\/357766292_6143772179065158_8493424173467460662_n-180x101.jpg 180w, https:\/\/www.hospicjumcieszyn.pl\/wp-content\/uploads\/2023\/12\/357766292_6143772179065158_8493424173467460662_n-363x204.jpg 363w, https:\/\/www.hospicjumcieszyn.pl\/wp-content\/uploads\/2023\/12\/357766292_6143772179065158_8493424173467460662_n-726x408.jpg 726w, https:\/\/www.hospicjumcieszyn.pl\/wp-content\/uploads\/2023\/12\/357766292_6143772179065158_8493424173467460662_n-768x432.jpg 768w, https:\/\/www.hospicjumcieszyn.pl\/wp-content\/uploads\/2023\/12\/357766292_6143772179065158_8493424173467460662_n-1536x864.jpg 1536w, https:\/\/www.hospicjumcieszyn.pl\/wp-content\/uploads\/2023\/12\/357766292_6143772179065158_8493424173467460662_n.jpg 1920w\" sizes=\"(max-width: 180px) 100vw, 180px\" \/><\/a>\n\t\t\t<\/div><\/figure>\n\t\t<\/div>\n<\/div>\n","protected":false},"excerpt":{"rendered":"<p>W pierwszy weekend lipca wolontariuszki Magdalena Przeworska i Iwona Sroczy\u0144ska wzi\u0119\u0142y udzia\u0142 w spotkaniu Hospicj\u00f3w, kt\u00f3re w tym roku bra\u0142y udzia\u0142 w Og\u00f3lnopolskiej Kampanii Pola Nadziei. Podczas dwudniowego spotkania, kt\u00f3rego gospodarzami by\u0142o Hospicjum im. \u015bw. \u0141azarza w Krakowie wolontariusze wymienili si\u0119 do\u015bwiadczeniami z przebiegu akcji, a tak\u017ce zostali zainspirowani nowymi pomys\u0142ami na dalsze dzia\u0142ania. Dziewczyny &#8230; <a title=\"Zjazd \u017conkilowych Hospicj\u00f3w\" class=\"read-more\" href=\"https:\/\/www.hospicjumcieszyn.pl\/en\/zjazd-zonkilowych-hospicjow-2\/\" aria-label=\"More on Zjazd \u017conkilowych Hospicj\u00f3w\">Read more<\/a><\/p>\n","protected":false},"author":5,"featured_media":9185,"comment_status":"closed","ping_status":"closed","sticky":false,"template":"","format":"standard","meta":{"footnotes":""},"categories":[1],"tags":[],"acf":[],"_links":{"self":[{"href":"https:\/\/www.hospicjumcieszyn.pl\/en\/wp-json\/wp\/v2\/posts\/9172"}],"collection":[{"href":"https:\/\/www.hospicjumcieszyn.pl\/en\/wp-json\/wp\/v2\/posts"}],"about":[{"href":"https:\/\/www.hospicjumcieszyn.pl\/en\/wp-json\/wp\/v2\/types\/post"}],"author":[{"embeddable":true,"href":"https:\/\/www.hospicjumcieszyn.pl\/en\/wp-json\/wp\/v2\/users\/5"}],"replies":[{"embeddable":true,"href":"https:\/\/www.hospicjumcieszyn.pl\/en\/wp-json\/wp\/v2\/comments?post=9172"}],"version-history":[{"count":1,"href":"https:\/\/www.hospicjumcieszyn.pl\/en\/wp-json\/wp\/v2\/posts\/9172\/revisions"}],"predecessor-version":[{"id":9188,"href":"https:\/\/www.hospicjumcieszyn.pl\/en\/wp-json\/wp\/v2\/posts\/9172\/revisions\/9188"}],"wp:featuredmedia":[{"embeddable":true,"href":"https:\/\/www.hospicjumcieszyn.pl\/en\/wp-json\/wp\/v2\/media\/9185"}],"wp:attachment":[{"href":"https:\/\/www.hospicjumcieszyn.pl\/en\/wp-json\/wp\/v2\/media?parent=9172"}],"wp:term":[{"taxonomy":"category","embeddable":true,"href":"https:\/\/www.hospicjumcieszyn.pl\/en\/wp-json\/wp\/v2\/categories?post=9172"},{"taxonomy":"post_tag","embeddable":true,"href":"https:\/\/www.hospicjumcieszyn.pl\/en\/wp-json\/wp\/v2\/tags?post=9172"}],"curies":[{"name":"wp","href":"https:\/\/api.w.org\/{rel}","templated":true}]}}