{"id":943,"date":"2013-11-15T23:00:13","date_gmt":"2013-11-15T22:00:13","guid":{"rendered":"https:\/\/www.hospicjumcieszyn.pl\/?p=943"},"modified":"2013-11-27T20:56:36","modified_gmt":"2013-11-27T19:56:36","slug":"chrzescijanski-marsz-w-obronie-zycia-rodziny","status":"publish","type":"post","link":"https:\/\/www.hospicjumcieszyn.pl\/en\/chrzescijanski-marsz-w-obronie-zycia-rodziny\/","title":{"rendered":"Chrze\u015bcija\u0144ski Marsz w obronie \u017cycia i rodziny"},"content":{"rendered":"<p style=\"text-align: justify;\"><a href=\"https:\/\/www.hospicjumcieszyn.pl\/wp-content\/uploads\/2013\/11\/masz-w-obronie-zycia-i-rodziny1.jpg\"><img loading=\"lazy\" decoding=\"async\" class=\"wp-image-944 alignleft\" alt=\"masz-w-obronie-zycia-i-rodziny1\" src=\"https:\/\/www.hospicjumcieszyn.pl\/wp-content\/uploads\/2013\/11\/masz-w-obronie-zycia-i-rodziny1-256x363.jpg\" width=\"205\" height=\"290\" srcset=\"https:\/\/www.hospicjumcieszyn.pl\/wp-content\/uploads\/2013\/11\/masz-w-obronie-zycia-i-rodziny1-256x363.jpg 256w, https:\/\/www.hospicjumcieszyn.pl\/wp-content\/uploads\/2013\/11\/masz-w-obronie-zycia-i-rodziny1-169x240.jpg 169w, https:\/\/www.hospicjumcieszyn.pl\/wp-content\/uploads\/2013\/11\/masz-w-obronie-zycia-i-rodziny1-513x726.jpg 513w, https:\/\/www.hospicjumcieszyn.pl\/wp-content\/uploads\/2013\/11\/masz-w-obronie-zycia-i-rodziny1.jpg 637w\" sizes=\"(max-width: 205px) 100vw, 205px\" \/><\/a>Z inicjatywy grupy m\u0119\u017c\u00f3w i ojc\u00f3w &#8220;Nikodem&#8221;, dzia\u0142aj\u0105cych przy klasztorze oo. Franciszkan\u00f3w w Cieszynie, 8 grudnia odb\u0119dzie si\u0119\u00a0I CHRZE\u015aCIJA\u0143SKI MARSZ W OBRONIE \u017bYCIA I RODZINY.<\/p>\n<p style=\"text-align: justify;\">Chcemy broni\u0107 prawa cz\u0142owieka od pocz\u0119cia do naturalnej \u015bmierci.<\/p>\n<p style=\"text-align: justify;\">Zapraszamy wszystkich ch\u0119tnych! Rozpocz\u0119cie o 13.30 na Rynku w Cieszynie.<\/p>\n<p>Poni\u017cej znajduj\u0105 si\u0119 materia\u0142y promocyjne akcji. Zach\u0119camy do zapoznania si\u0119 z nimi, pobierania i ich rozpowszechniania:<br \/>\n<a href=\"https:\/\/www.hospicjumcieszyn.pl\/wp-content\/uploads\/2013\/11\/I_Marsz_OZR_skrot.pdf\" target=\"_blank\">info o akcji i mapa marszu<\/a><br \/>\n<a href=\"https:\/\/www.hospicjumcieszyn.pl\/wp-content\/uploads\/2013\/11\/I_Marsz_OZR_list.pdf\" target=\"_blank\">list organizator\u00f3w<\/a><br \/>\n<a href=\"https:\/\/www.hospicjumcieszyn.pl\/wp-content\/uploads\/2013\/11\/I_Marsz_OZR_flagi.pdf\" target=\"_blank\">flagi do wydrukowania<\/a><br \/>\n<a href=\"https:\/\/www.hospicjumcieszyn.pl\/wp-content\/uploads\/2013\/11\/I_Marsz_OZR_plakat.pdf\" target=\"_blank\">plakat<\/a><\/p>\n","protected":false},"excerpt":{"rendered":"<p>Z inicjatywy grupy m\u0119\u017c\u00f3w i ojc\u00f3w &#8220;Nikodem&#8221;, dzia\u0142aj\u0105cych przy klasztorze oo. Franciszkan\u00f3w w Cieszynie, 8 grudnia odb\u0119dzie si\u0119\u00a0I CHRZE\u015aCIJA\u0143SKI MARSZ W OBRONIE \u017bYCIA I RODZINY. Chcemy broni\u0107 prawa cz\u0142owieka od pocz\u0119cia do naturalnej \u015bmierci. Zapraszamy wszystkich ch\u0119tnych! Rozpocz\u0119cie o 13.30 na Rynku w Cieszynie. Poni\u017cej znajduj\u0105 si\u0119 materia\u0142y promocyjne akcji. Zach\u0119camy do zapoznania si\u0119 z &#8230; <a title=\"Chrze\u015bcija\u0144ski Marsz w obronie \u017cycia i rodziny\" class=\"read-more\" href=\"https:\/\/www.hospicjumcieszyn.pl\/en\/chrzescijanski-marsz-w-obronie-zycia-rodziny\/\" aria-label=\"More on Chrze\u015bcija\u0144ski Marsz w obronie \u017cycia i rodziny\">Read more<\/a><\/p>\n","protected":false},"author":1,"featured_media":944,"comment_status":"closed","ping_status":"closed","sticky":false,"template":"","format":"standard","meta":{"footnotes":""},"categories":[1],"tags":[],"acf":[],"_links":{"self":[{"href":"https:\/\/www.hospicjumcieszyn.pl\/en\/wp-json\/wp\/v2\/posts\/943"}],"collection":[{"href":"https:\/\/www.hospicjumcieszyn.pl\/en\/wp-json\/wp\/v2\/posts"}],"about":[{"href":"https:\/\/www.hospicjumcieszyn.pl\/en\/wp-json\/wp\/v2\/types\/post"}],"author":[{"embeddable":true,"href":"https:\/\/www.hospicjumcieszyn.pl\/en\/wp-json\/wp\/v2\/users\/1"}],"replies":[{"embeddable":true,"href":"https:\/\/www.hospicjumcieszyn.pl\/en\/wp-json\/wp\/v2\/comments?post=943"}],"version-history":[{"count":11,"href":"https:\/\/www.hospicjumcieszyn.pl\/en\/wp-json\/wp\/v2\/posts\/943\/revisions"}],"predecessor-version":[{"id":963,"href":"https:\/\/www.hospicjumcieszyn.pl\/en\/wp-json\/wp\/v2\/posts\/943\/revisions\/963"}],"wp:featuredmedia":[{"embeddable":true,"href":"https:\/\/www.hospicjumcieszyn.pl\/en\/wp-json\/wp\/v2\/media\/944"}],"wp:attachment":[{"href":"https:\/\/www.hospicjumcieszyn.pl\/en\/wp-json\/wp\/v2\/media?parent=943"}],"wp:term":[{"taxonomy":"category","embeddable":true,"href":"https:\/\/www.hospicjumcieszyn.pl\/en\/wp-json\/wp\/v2\/categories?post=943"},{"taxonomy":"post_tag","embeddable":true,"href":"https:\/\/www.hospicjumcieszyn.pl\/en\/wp-json\/wp\/v2\/tags?post=943"}],"curies":[{"name":"wp","href":"https:\/\/api.w.org\/{rel}","templated":true}]}}